{"id":6506,"date":"2009-01-19T08:25:01","date_gmt":"2009-01-19T07:25:01","guid":{"rendered":"http:\/\/kulturbloggen.com\/?p=6506"},"modified":"2009-01-19T08:25:01","modified_gmt":"2009-01-19T07:25:01","slug":"filmklipp-fran-konserten-for-obama","status":"publish","type":"post","link":"https:\/\/kulturbloggen.com\/?p=6506","title":{"rendered":"Filmklipp fr\u00e5n konserten f\u00f6r Obama"},"content":{"rendered":"<p><img loading=\"lazy\" decoding=\"async\" src=\"http:\/\/sodergren.com\/kulturbloggen\/wp-content\/uploads\/2009\/01\/obamakonsert290.jpg\" alt=\"obamakonsert290\" title=\"obamakonsert290\" width=\"290\" height=\"200\" class=\"alignnone size-full wp-image-6507\" \/><\/p>\n<p>Beyonc\u00e9, U2, Jon Bon Jovi, Bruce Springsteen och massor fler artister st\u00e4llde upp p\u00e5 en stor konsert f\u00f6r Obama f\u00f6r att fira att han p\u00e5 tisdag sv\u00e4r presidenteden och installeras som amerikansk president. Konserten s\u00e4ndes i tv8 &#8211; och det syntes p\u00e5 bilderna att det var kallt i Washinton. Konserten h\u00f6lls utomhus, vid Lincoln Memorial. Familjen Obama och vicepresidenten var p\u00e5 plats och n\u00e4rmare en halv miljon m\u00e4nniskor.<br \/>\nAtt det var kallt syntes speciellt i b\u00f6rjan p\u00e5 de f\u00f6rsta artisterna. Mary J Blige hade en tjock vit jacka p\u00e5 sig och s\u00e5g ut att frysa enormt.<br \/>\n<!--more--><br \/>\nKonserten s\u00e4ndes av tv8 och det m\u00e4rktes att det \u00e4r inte en kanal med samma krav p\u00e5 sig som public service-kanalerna. V\u00e4rldsstj\u00e4rnor som sk\u00e5despelarna Tom Hanks, Densel Washington, Jack Black, med flera h\u00f6ll inspirerande tal som band ihop den amerikanska historien med vad som h\u00e4nder nu, idag. Men talen var inte \u00f6versatta till svenska. En fri tv-kanal som tv8 har f\u00f6rst\u00e5s inte alls de kraven p\u00e5 sig att programmen som s\u00e4nds ska vara tillg\u00e4ngliga f\u00f6r alla. Jag tycker det \u00e4r viktigt att t\u00e4nka p\u00e5 det under diskussioner om public service. Det p\u00e5g\u00e5r en utredning om publicservice-kanalernas framtid. Jag f\u00f6r min del tycker det \u00e4r viktigt att medier och dess inneh\u00e5ll \u00e4r tillg\u00e4ngliga ocks\u00e5 f\u00f6r de som inte kan engelska.<\/p>\n<p>\u00c4ven om upplevelsen f\u00f6r oss som kan engelska n\u00e4stan blir st\u00f6rre n\u00e4r det inte \u00f6vers\u00e4tts. D\u00e5 lyssnar man automatiskt direkt och l\u00e4ser inte \u00f6vers\u00e4ttningen, ens med ett halvt \u00f6ga.<\/p>\n<p>Konserten var f\u00f6rst\u00e5s pomp\u00f6s och med stora yviga gester. Som mycket amerikanskt. Men det \u00e4r f\u00f6rst\u00e5s en fantastisk k\u00e4nsla av hopp som spirar d\u00e4r, bland alla Obamas supportrar.<\/p>\n<p>Jag satt under s\u00e4ndningen och funderade p\u00e5 om n\u00e5got liknande skulle vara m\u00f6jligt i Sverige. Skulle ett s\u00e5 stort artistuppb\u00e5d st\u00e4lla upp p\u00e5 en politisk h\u00e4ndelse? Inte en partipolitisk i alla fall. Efter vad jag tror. Men kanske en mer humanit\u00e4r sak, det har ju skett n\u00e5gra stora insamlingar d\u00e4r svenska artister st\u00e4llt upp. Men partipolitiskt har jag sv\u00e5rt att se n\u00e5got liknande i Sverige. Fast \u00e5 andra sidan \u00e4r partipolitiken i USA s\u00e5 annorlunda mot den svenska.<\/p>\n<p>Det allra starkaste inslaget p\u00e5 konserten tyckte jag var n\u00e4r Pete Seeger upptr\u00e4dde tillsammans med Bruce Springsteen. De sj\u00f6ng &#8221;This Land is Your Land&#8221;. Pete Seeger, en gammal mal med v\u00e4rldens mysigaste m\u00f6ssa p\u00e5 huvudet, \u00e4r  v\u00e4l v\u00e4rldens f\u00f6rsta protests\u00e5ngare. Att han en dag skulle st\u00e5 p\u00e5 scen f\u00f6r att hylla en tilltr\u00e4dande amerikansk president: det visar att n\u00e5got h\u00e4nt sedan jag var ton\u00e5ring och vi satt vi l\u00e4gerelden och sj\u00f6ng Pete Seegers l\u00e5tar.<\/p>\n<p>Bruce Springsteen and Pete Seeger sing &#8221;This Land is Your Land&#8221; at Barack Obama&#8217;s Inaugural Concert at the Lincoln Memorial.<br \/>\n<object width=\"425\" height=\"344\"><param name=\"movie\" value=\"http:\/\/www.youtube.com\/v\/vgNgKobgp20&#038;hl=sv&#038;fs=1\"><\/param><param name=\"allowFullScreen\" value=\"true\"><\/param><param name=\"allowscriptaccess\" value=\"always\"><\/param><embed src=\"http:\/\/www.youtube.com\/v\/vgNgKobgp20&#038;hl=sv&#038;fs=1\" type=\"application\/x-shockwave-flash\" allowscriptaccess=\"always\" allowfullscreen=\"true\" width=\"425\" height=\"344\"><\/embed><\/object><\/p>\n<p>En version till:<br \/>\n<object width=\"425\" height=\"344\"><param name=\"movie\" value=\"http:\/\/www.youtube.com\/v\/-u4PkFn2NJc&#038;hl=sv&#038;fs=1\"><\/param><param name=\"allowFullScreen\" value=\"true\"><\/param><param name=\"allowscriptaccess\" value=\"always\"><\/param><embed src=\"http:\/\/www.youtube.com\/v\/-u4PkFn2NJc&#038;hl=sv&#038;fs=1\" type=\"application\/x-shockwave-flash\" allowscriptaccess=\"always\" allowfullscreen=\"true\" width=\"425\" height=\"344\"><\/embed><\/object><\/p>\n<p>Samuel L  Jackson och U2:<br \/>\n<object width=\"425\" height=\"344\"><param name=\"movie\" value=\"http:\/\/www.youtube.com\/v\/JncvnYq7oDM&#038;hl=sv&#038;fs=1\"><\/param><param name=\"allowFullScreen\" value=\"true\"><\/param><param name=\"allowscriptaccess\" value=\"always\"><\/param><embed src=\"http:\/\/www.youtube.com\/v\/JncvnYq7oDM&#038;hl=sv&#038;fs=1\" type=\"application\/x-shockwave-flash\" allowscriptaccess=\"always\" allowfullscreen=\"true\" width=\"425\" height=\"344\"><\/embed><\/object><\/p>\n<p>Mellancamp sings at OBAMA concert<br \/>\n<object width=\"480\" height=\"295\"><param name=\"movie\" value=\"http:\/\/www.youtube.com\/v\/K6rgGLlNxYE&#038;hl=sv&#038;fs=1\"><\/param><param name=\"allowFullScreen\" value=\"true\"><\/param><param name=\"allowscriptaccess\" value=\"always\"><\/param><embed src=\"http:\/\/www.youtube.com\/v\/K6rgGLlNxYE&#038;hl=sv&#038;fs=1\" type=\"application\/x-shockwave-flash\" allowscriptaccess=\"always\" allowfullscreen=\"true\" width=\"480\" height=\"295\"><\/embed><\/object><\/p>\n<p>Nyhetsklipp fr\u00e5n Reuters:<br \/>\n<object type=\"application\/x-shockwave-flash\" data=\"http:\/\/static.reuters.com\/resources\/flash\/include_video.swf?edition=US&#038;videoId=97234\" width=\"422\" height=\"346\"><param name=\"wmode\" value=\"transparent\" \/><param name=\"movie\" value=\"http:\/\/www.reuters.com\/resources\/flash\/include_video.swf?edition=US&#038;videoId=97234\" \/><embed src=\"http:\/\/www.reuters.com\/resources\/flash\/include_video.swf?edition=US&#038;videoId=97234\" type=\"application\/x-shockwave-flash\" wmode=\"transparent\" width=\"422\" height=\"346\"><\/embed><\/object><\/p>\n<p><img loading=\"lazy\" decoding=\"async\" src=\"http:\/\/sodergren.com\/kulturbloggen\/wp-content\/uploads\/2009\/01\/obamakonsert600.jpg\" alt=\"obamakonsert600\" title=\"obamakonsert600\" width=\"600\" height=\"200\" class=\"alignnone size-full wp-image-6508\" \/><\/p>\n<p>Relaterat:<br \/>\n<a href=\"http:\/\/www.aftonbladet.se\/nyheter\/article4209688.ab\">Aftonbladet 1<\/a>, <a href=\"http:\/\/www.aftonbladet.se\/nyheter\/article4209904.ab\">Aftonbladet 2<\/a>,<a href=\"http:\/\/www.svd.se\/nyheter\/utrikes\/artikel_2341491.svd\"> Svenska Dagbladet<br \/>\n<\/a>, <a href=\"http:\/\/www.dn.se\/DNet\/jsp\/polopoly.jsp?d=3561&#038;a=875077\">Dagens Nyheter 1<\/a> och <a href=\"http:\/\/www.dn.se\/DNet\/jsp\/polopoly.jsp?d=3561&#038;a=875081\">Dagens Nyheter 2<\/a>.<\/p>\n<p><img loading=\"lazy\" decoding=\"async\" src=\"http:\/\/sodergren.com\/kulturbloggen\/wp-content\/uploads\/2009\/01\/obamakonsert600b.jpg\" alt=\"obamakonsert600b\" title=\"obamakonsert600b\" width=\"600\" height=\"200\" class=\"alignnone size-full wp-image-6512\" \/><\/p>\n<p>Andra bloggar om: <a href=\"http:\/\/bloggar.se\/om\/konsert\" rel=\"tag\">konsert<\/a>, <a href=\"http:\/\/bloggar.se\/om\/musik\" rel=\"tag\">musik<\/a>, <a href=\"http:\/\/bloggar.se\/om\/Obama\" rel=\"tag\">Obama<\/a>, <a href=\"http:\/\/bloggar.se\/om\/USA\" rel=\"tag\">USA<\/a>, <a href=\"http:\/\/bloggar.se\/om\/Pete+Seeger\" rel=\"tag\">Pete Seeger<\/a>, <a href=\"http:\/\/bloggar.se\/om\/U2\" rel=\"tag\">U2<\/a>, <a href=\"http:\/\/bloggar.se\/om\/Beyonce\" rel=\"tag\">Beyonce<\/a>, <a href=\"http:\/\/bloggar.se\/om\/Bruce+Springsteen\" rel=\"tag\">Bruce Springsteen<\/a><\/p>\n","protected":false},"excerpt":{"rendered":"<p>Beyonc\u00e9, U2, Jon Bon Jovi, Bruce Springsteen och massor fler artister st\u00e4llde upp p\u00e5 en stor konsert f\u00f6r Obama f\u00f6r att fira att han p\u00e5 tisdag sv\u00e4r presidenteden och installeras som amerikansk president. Konserten s\u00e4ndes i tv8 &#8211; och det syntes p\u00e5 bilderna att det var kallt i Washinton. Konserten h\u00f6lls utomhus, vid Lincoln Memorial. [&hellip;]<\/p>\n","protected":false},"author":2,"featured_media":0,"comment_status":"open","ping_status":"open","sticky":false,"template":"","format":"standard","meta":{"_genesis_hide_title":false,"_genesis_hide_breadcrumbs":false,"_genesis_hide_singular_image":false,"_genesis_hide_footer_widgets":false,"_genesis_custom_body_class":"","_genesis_custom_post_class":"","_genesis_layout":"","footnotes":""},"categories":[20],"tags":[3000,12282,4100,6129],"class_list":["post-6506","post","type-post","status-publish","format-standard","category-film","tag-konsert","tag-musik","tag-obama","tag-usa","entry"],"_links":{"self":[{"href":"https:\/\/kulturbloggen.com\/index.php?rest_route=\/wp\/v2\/posts\/6506","targetHints":{"allow":["GET"]}}],"collection":[{"href":"https:\/\/kulturbloggen.com\/index.php?rest_route=\/wp\/v2\/posts"}],"about":[{"href":"https:\/\/kulturbloggen.com\/index.php?rest_route=\/wp\/v2\/types\/post"}],"author":[{"embeddable":true,"href":"https:\/\/kulturbloggen.com\/index.php?rest_route=\/wp\/v2\/users\/2"}],"replies":[{"embeddable":true,"href":"https:\/\/kulturbloggen.com\/index.php?rest_route=%2Fwp%2Fv2%2Fcomments&post=6506"}],"version-history":[{"count":0,"href":"https:\/\/kulturbloggen.com\/index.php?rest_route=\/wp\/v2\/posts\/6506\/revisions"}],"wp:attachment":[{"href":"https:\/\/kulturbloggen.com\/index.php?rest_route=%2Fwp%2Fv2%2Fmedia&parent=6506"}],"wp:term":[{"taxonomy":"category","embeddable":true,"href":"https:\/\/kulturbloggen.com\/index.php?rest_route=%2Fwp%2Fv2%2Fcategories&post=6506"},{"taxonomy":"post_tag","embeddable":true,"href":"https:\/\/kulturbloggen.com\/index.php?rest_route=%2Fwp%2Fv2%2Ftags&post=6506"}],"curies":[{"name":"wp","href":"https:\/\/api.w.org\/{rel}","templated":true}]}}