{"id":6471,"date":"2009-01-18T16:00:33","date_gmt":"2009-01-18T15:00:33","guid":{"rendered":"http:\/\/kulturbloggen.com\/?p=6471"},"modified":"2009-01-18T16:00:33","modified_gmt":"2009-01-18T15:00:33","slug":"den-beromda-korthuggna-intervjun-med-nordpolen-i-tv4s-morgonsoffa","status":"publish","type":"post","link":"https:\/\/kulturbloggen.com\/?p=6471","title":{"rendered":"Den ber\u00f6mda korthuggna intervjun med Nordpolen i TV4:s morgonsoffa"},"content":{"rendered":"<p><img loading=\"lazy\" decoding=\"async\" src=\"http:\/\/sodergren.com\/kulturbloggen\/wp-content\/uploads\/2009\/01\/nordpolen290.jpg\" alt=\"nordpolen290\" title=\"nordpolen290\" width=\"290\" height=\"200\" class=\"alignnone size-full wp-image-6481\" \/><br \/>\nPelle Hellstr\u00f6m fr\u00e5n bandet Nordpolen intervjuas i tv4:s morgonsoffa 29 december. Programledaren fr\u00e5gar: &#8221;Vad \u00e4r det f\u00f6r musik du g\u00f6r, om du beskriver den sj\u00e4lt?&#8221;<br \/>\nHellstr\u00f6m svarar: &#8221;Jag kan faktiskt inte f\u00f6rklara det&#8221;.<br \/>\n<!--more--><br \/>\nHur mycket ska en artist l\u00e4mna ut av sig sj\u00e4lv i en intervju? En del artister \u00e4r ju r\u00e4tt tysta om sig sj\u00e4lva och klarar sig bra \u00e4nd\u00e5. Andra artister l\u00e4mnar ut sig sj\u00e4lva extremt mycket.<br \/>\nI dagens mediev\u00e4rld \u00e4r nog artister inte lika beroende av att bli omskriva i traditionella medier.<\/p>\n<p>Lars Winnerb\u00e4ck \u00e4r ju en artist som valt att inte tr\u00e4da fram i medier s\u00e4rskilt mycket alls. Trots det \u00e4r han oerh\u00f6rt popul\u00e4r och folkk\u00e4r.<br \/>\nBandet Kent \u00e4r ocks\u00e5 sparsmakade med att exponera sig i gammelmedier.<\/p>\n<p>N\u00e4r Pelle Hellstr\u00f6m svarade s\u00e5 kort i tv4:s morgonsoffa menar en del att han borde avb\u00f6jt att st\u00e4lla upp, n\u00e4r han \u00e4nd\u00e5 inte t\u00e4nkte bjuda p\u00e5 sig. Men jag tycker att han bj\u00f6d p\u00e5 sig, han gav ju en slags svar.<\/p>\n<p>I DN:s pappersupplaga \u00e4r Pelle Hellstr\u00f6m intervjuad om detta och han s\u00e4ger d\u00e4r:<\/p>\n<blockquote><p>Det var ett st\u00e4llningstagande, vilket jag inte tror att de f\u00f6rstod. Som artist m\u00e5ste man ju inte tala om allt. Det \u00e4r konstigt att det inte passar att vara sig sj\u00e4lv. Det f\u00e5r mig att t\u00e4nka p\u00e5 skoltiden.<\/p><\/blockquote>\n<p>H\u00e4r \u00e4r Pelle Hellstr\u00f6ms ber\u00f6mda, korthuggna intervju:<\/p>\n<p><object width=\"480\" height=\"295\"><param name=\"movie\" value=\"http:\/\/www.youtube.com\/v\/orZoO85RThU&#038;hl=sv&#038;fs=1\"><\/param><param name=\"allowFullScreen\" value=\"true\"><\/param><param name=\"allowscriptaccess\" value=\"always\"><\/param><embed src=\"http:\/\/www.youtube.com\/v\/orZoO85RThU&#038;hl=sv&#038;fs=1\" type=\"application\/x-shockwave-flash\" allowscriptaccess=\"always\" allowfullscreen=\"true\" width=\"480\" height=\"295\"><\/embed><\/object><\/p>\n<p>Andra som bloggat om detta:<br \/>\n<a href=\"http:\/\/popetoteror.blogspot.com\/2009\/01\/rockstjrna.html\">POPETOTEROR<\/a>, <a href=\"http:\/\/vanvreten.se\/2009\/01\/16\/haha\/\">Vanvreten<\/a> och <a href=\"http:\/\/hitleresque.blogspot.com\/2009\/01\/jo-frresten-situps-gr-dig-blind.html\">hitleresq.<\/a><\/p>\n<p>Relaterat: <a href=\"http:\/\/www.dn.se\/DNet\/jsp\/polopoly.jsp?a=831832\">Senaste skivan av Nordpolen fick mycket ber\u00f6m i DN<\/a>. <\/p>\n<p><img loading=\"lazy\" decoding=\"async\" src=\"http:\/\/sodergren.com\/kulturbloggen\/wp-content\/uploads\/2009\/01\/nordpolen600-300x100.jpg\" alt=\"nordpolen600\" title=\"nordpolen600\" width=\"300\" height=\"100\" class=\"alignnone size-medium wp-image-6482\" \/><\/p>\n<p>Andra bloggar om: <a href=\"http:\/\/bloggar.se\/om\/intervju\" rel=\"tag\">intervju<\/a>, <a href=\"http:\/\/bloggar.se\/om\/journalistik\" rel=\"tag\">journalistik<\/a>, <a href=\"http:\/\/bloggar.se\/om\/medier\" rel=\"tag\">medier<\/a>, <a href=\"http:\/\/bloggar.se\/om\/musiker\" rel=\"tag\">musiker<\/a>, <a href=\"http:\/\/bloggar.se\/om\/Nordpolen\" rel=\"tag\">Nordpolen<\/a><\/p>\n","protected":false},"excerpt":{"rendered":"<p>Pelle Hellstr\u00f6m fr\u00e5n bandet Nordpolen intervjuas i tv4:s morgonsoffa 29 december. Programledaren fr\u00e5gar: &#8221;Vad \u00e4r det f\u00f6r musik du g\u00f6r, om du beskriver den sj\u00e4lt?&#8221; Hellstr\u00f6m svarar: &#8221;Jag kan faktiskt inte f\u00f6rklara det&#8221;.<\/p>\n","protected":false},"author":2,"featured_media":0,"comment_status":"open","ping_status":"open","sticky":false,"template":"","format":"standard","meta":{"_genesis_hide_title":false,"_genesis_hide_breadcrumbs":false,"_genesis_hide_singular_image":false,"_genesis_hide_footer_widgets":false,"_genesis_custom_body_class":"","_genesis_custom_post_class":"","_genesis_layout":"","footnotes":""},"categories":[62,7],"tags":[12281,2765,3582,3840],"class_list":{"0":"post-6471","1":"post","2":"type-post","3":"status-publish","4":"format-standard","6":"category-medie-och-kulturpolitik","7":"category-musik","8":"tag-intervju","9":"tag-journalistik","10":"tag-medier","11":"tag-musiker","12":"entry"},"_links":{"self":[{"href":"https:\/\/kulturbloggen.com\/index.php?rest_route=\/wp\/v2\/posts\/6471","targetHints":{"allow":["GET"]}}],"collection":[{"href":"https:\/\/kulturbloggen.com\/index.php?rest_route=\/wp\/v2\/posts"}],"about":[{"href":"https:\/\/kulturbloggen.com\/index.php?rest_route=\/wp\/v2\/types\/post"}],"author":[{"embeddable":true,"href":"https:\/\/kulturbloggen.com\/index.php?rest_route=\/wp\/v2\/users\/2"}],"replies":[{"embeddable":true,"href":"https:\/\/kulturbloggen.com\/index.php?rest_route=%2Fwp%2Fv2%2Fcomments&post=6471"}],"version-history":[{"count":0,"href":"https:\/\/kulturbloggen.com\/index.php?rest_route=\/wp\/v2\/posts\/6471\/revisions"}],"wp:attachment":[{"href":"https:\/\/kulturbloggen.com\/index.php?rest_route=%2Fwp%2Fv2%2Fmedia&parent=6471"}],"wp:term":[{"taxonomy":"category","embeddable":true,"href":"https:\/\/kulturbloggen.com\/index.php?rest_route=%2Fwp%2Fv2%2Fcategories&post=6471"},{"taxonomy":"post_tag","embeddable":true,"href":"https:\/\/kulturbloggen.com\/index.php?rest_route=%2Fwp%2Fv2%2Ftags&post=6471"}],"curies":[{"name":"wp","href":"https:\/\/api.w.org\/{rel}","templated":true}]}}