{"id":6458,"date":"2009-01-18T17:16:54","date_gmt":"2009-01-18T16:16:54","guid":{"rendered":"http:\/\/kulturbloggen.com\/?p=6458"},"modified":"2009-01-18T17:16:54","modified_gmt":"2009-01-18T16:16:54","slug":"kulturblogg-award-nu-ska-juryn-sammantrada-glom-inte-anmala-dig-till-middagen","status":"publish","type":"post","link":"https:\/\/kulturbloggen.com\/?p=6458","title":{"rendered":"Kulturblogg Award: nu ska juryn sammantr\u00e4da &#8211; Gl\u00f6m inte anm\u00e4la dig till middagen"},"content":{"rendered":"<p><img loading=\"lazy\" decoding=\"async\" src=\"http:\/\/sodergren.com\/kulturbloggen\/wp-content\/uploads\/2009\/01\/kulturblogg_award290.jpg\" alt=\"kulturblogg_award290\" title=\"kulturblogg_award290\" width=\"290\" height=\"200\" class=\"alignnone size-full wp-image-6364\" \/><br \/>\nOmr\u00f6stningen till Kulturblogg Award \u00e4r klar. Nu ska juryn sammantr\u00e4da. Vinnarna presenterar fredag 30 januari. <a href=\"http:\/\/kulturbloggen.com\/?p=6049\">Anm\u00e4l dig till middagen det blir nog j\u00e4ttetrevligt.<\/a><br \/>\n<!--more--><br \/>\nKulturblogg Award \u00e4r ett initiativ av Kulturbloggen, <a href=\"http:\/\/bloggtidningen.se\/\">Bloggtidningen<\/a> och <a href=\"http:\/\/tdh.se\/\">Thord Daniel Hedengren fr\u00e5n Pakten<\/a>.<\/p>\n<p>Vi vill lyfta fram och visa hur m\u00e5nga bra bloggar det finns inom kulturomr\u00e5det i Sverige. Kulturblogg Award eller B\u00e4sta Kulturbloggarna &#8211; best\u00e5r just nu av fem kategorier: musikbloggar, filmbloggar, bokbloggar, blandat och \u00f6ppna klassen: All Star Award.<\/p>\n<p>S\u00e5 h\u00e4r g\u00e5r det till:<br \/>\nF\u00f6rst f\u00e5r bloggbes\u00f6kare skicka in f\u00f6rslag till nomineringar.<br \/>\nJuryn plockar ut fem nominerade i varje kategori, med utg\u00e5ngspunkt fr\u00e5n de inskickade f\u00f6rslagen och fr\u00e5n eget initiativ ocks\u00e5.<\/p>\n<p>Omr\u00f6stning d\u00e4r alla f\u00e5r r\u00f6sta.<br \/>\nJuryn r\u00f6star.<\/p>\n<p>Omr\u00f6stningens resutlat r\u00e4knas som en r\u00f6st och de tre jurymedlemmarna har en r\u00f6st var.<\/p>\n<p>Om det slutar 2-2 \u00e4r det omr\u00f6stningens resultat som f\u00e4ller avg\u00f6randet.<\/p>\n<p>Tack vare v\u00e5r sponsor <a href=\"http:\/\/stix.to\/\">Stix.to<\/a> har vi fina priser ocks\u00e5: Vinnaren av den \u00f6ppna klassen, All Star Award: vinner 1.000 kronor.<br \/>\nVinnaren i \u00f6vriga kategorier f\u00e5r en prischeck p\u00e5 500 kronor.<\/p>\n<p>Resultatet av t\u00e4vlingen presenterar fredag 30 januari 18.00 p\u00e5 S\u00f6derkisen i Stockholm. Och f\u00f6rst\u00e5s p\u00e5 Kulturbloggen, <a href=\"http:\/\/bloggtidningen.se\">Bloggtidningen<\/a> och <a href=\"http:\/\/tdh.se\">Thord Daniel Hedengrens blogg<\/a>.<\/p>\n<p><strong><a href=\"http:\/\/kulturbloggen.com\/?p=6049\">H\u00e4r kan du l\u00e4sa mer om restaurangen d\u00e4r vi ska ha prisutdelning och du kan boka plats p\u00e5 middagen. <\/a><\/strong><\/p>\n<p><a href=\"http:\/\/stix.to\/\"><a href=\"http:\/\/sodergren.com\/kulturbloggen\/wp-content\/uploads\/2009\/01\/stix_to_logo_parallel_whitebg4.jpg\"><img loading=\"lazy\" decoding=\"async\" src=\"http:\/\/sodergren.com\/kulturbloggen\/wp-content\/uploads\/2009\/01\/stix_to_logo_parallel_whitebg4-300x91.jpg\" alt=\"stix_to_logo_parallel_whitebg4\" title=\"stix_to_logo_parallel_whitebg4\" width=\"300\" height=\"91\" class=\"alignnone size-medium wp-image-6472\" \/><\/a><\/a><\/p>\n<p><img loading=\"lazy\" decoding=\"async\" src=\"http:\/\/sodergren.com\/kulturbloggen\/wp-content\/uploads\/2009\/01\/soderkisen600-300x100.jpg\" alt=\"soderkisen600\" title=\"soderkisen600\" width=\"300\" height=\"100\" class=\"alignnone size-medium wp-image-6473\" \/><\/p>\n<p>Andra bloggar om: <a href=\"http:\/\/bloggar.se\/om\/kultur\" rel=\"tag\">kultur<\/a>, <a href=\"http:\/\/bloggar.se\/om\/kulturblogg+award\" rel=\"tag\">kulturblogg award<\/a>, <a href=\"http:\/\/bloggar.se\/om\/kulturpris\" rel=\"tag\">kulturpris<\/a>, <a href=\"http:\/\/bloggar.se\/om\/Bloggtidningen\" rel=\"tag\">Bloggtidningen<\/a>, <a href=\"http:\/\/bloggar.se\/om\/Kulturbloggen\" rel=\"tag\">Kulturbloggen<\/a>, <a href=\"http:\/\/bloggar.se\/om\/Thord+Daniel+Hedengren\" rel=\"tag\">Thord Daniel Hedengren<\/a>, <a href=\"http:\/\/bloggar.se\/om\/bokblogg\" rel=\"tag\">bokblogg<\/a>, <a href=\"http:\/\/bloggar.se\/om\/musikblogg\" rel=\"tag\">musikblogg<\/a>, <a href=\"http:\/\/bloggar.se\/om\/filmblogg\" rel=\"tag\">filmblogg<\/a><\/p>\n","protected":false},"excerpt":{"rendered":"<p>Omr\u00f6stningen till Kulturblogg Award \u00e4r klar. Nu ska juryn sammantr\u00e4da. Vinnarna presenterar fredag 30 januari. Anm\u00e4l dig till middagen det blir nog j\u00e4ttetrevligt.<\/p>\n","protected":false},"author":2,"featured_media":0,"comment_status":"open","ping_status":"open","sticky":false,"template":"","format":"standard","meta":{"_genesis_hide_title":false,"_genesis_hide_breadcrumbs":false,"_genesis_hide_singular_image":false,"_genesis_hide_footer_widgets":false,"_genesis_custom_body_class":"","_genesis_custom_post_class":"","_genesis_layout":"","footnotes":""},"categories":[62],"tags":[41,773,3074,3081,3084,3112,3835,5842],"class_list":{"0":"post-6458","1":"post","2":"type-post","3":"status-publish","4":"format-standard","6":"category-medie-och-kulturpolitik","7":"tag-bloggtidningen","8":"tag-bokblogg","9":"tag-kultur","10":"tag-kulturblogg-award","11":"tag-kulturbloggen","12":"tag-kulturpris","13":"tag-musikblogg","14":"tag-thord-daniel-hedengren","15":"entry"},"_links":{"self":[{"href":"https:\/\/kulturbloggen.com\/index.php?rest_route=\/wp\/v2\/posts\/6458","targetHints":{"allow":["GET"]}}],"collection":[{"href":"https:\/\/kulturbloggen.com\/index.php?rest_route=\/wp\/v2\/posts"}],"about":[{"href":"https:\/\/kulturbloggen.com\/index.php?rest_route=\/wp\/v2\/types\/post"}],"author":[{"embeddable":true,"href":"https:\/\/kulturbloggen.com\/index.php?rest_route=\/wp\/v2\/users\/2"}],"replies":[{"embeddable":true,"href":"https:\/\/kulturbloggen.com\/index.php?rest_route=%2Fwp%2Fv2%2Fcomments&post=6458"}],"version-history":[{"count":0,"href":"https:\/\/kulturbloggen.com\/index.php?rest_route=\/wp\/v2\/posts\/6458\/revisions"}],"wp:attachment":[{"href":"https:\/\/kulturbloggen.com\/index.php?rest_route=%2Fwp%2Fv2%2Fmedia&parent=6458"}],"wp:term":[{"taxonomy":"category","embeddable":true,"href":"https:\/\/kulturbloggen.com\/index.php?rest_route=%2Fwp%2Fv2%2Fcategories&post=6458"},{"taxonomy":"post_tag","embeddable":true,"href":"https:\/\/kulturbloggen.com\/index.php?rest_route=%2Fwp%2Fv2%2Ftags&post=6458"}],"curies":[{"name":"wp","href":"https:\/\/api.w.org\/{rel}","templated":true}]}}