{"id":6452,"date":"2009-01-17T19:33:06","date_gmt":"2009-01-17T18:33:06","guid":{"rendered":"http:\/\/kulturbloggen.com\/?p=6452"},"modified":"2009-01-17T19:33:06","modified_gmt":"2009-01-17T18:33:06","slug":"om-du-ar-i-pekingbeijing-kan-du-se-obama-bli-president-pa-en-irlandsk-pub","status":"publish","type":"post","link":"https:\/\/kulturbloggen.com\/?p=6452","title":{"rendered":"Irl\u00e4ndsk pub i Peking\/Beijing visar direkts\u00e4ndningen n\u00e4r Obama blir president"},"content":{"rendered":"<p><a href=\"http:\/\/sodergren.com\/kulturbloggen\/wp-content\/uploads\/2009\/01\/irishbar290.jpg\"><img loading=\"lazy\" decoding=\"async\" src=\"http:\/\/sodergren.com\/kulturbloggen\/wp-content\/uploads\/2009\/01\/irishbar290.jpg\" alt=\"irishbar290\" title=\"irishbar290\" width=\"290\" height=\"200\" class=\"alignnone size-full wp-image-6453\" \/><\/a><br \/>\nP\u00e5 s\u00f6ndag kv\u00e4ll arrangeras en stor artistgala f\u00f6r att fira att Barack Obama blir president p\u00e5 tisdag. Galan s\u00e4nds i svensk tv p\u00e5 s\u00f6ndagkv\u00e4llen. P\u00e5 tisdag n\u00e4r Obama sv\u00e4r presidenteden blir det ocks\u00e5 tv-s\u00e4ndningar. Och dessa g\u00e5r ocks\u00e5 att f\u00f6lja p\u00e5 en irl\u00e4ndsk pub i Beijing\/Peking ifall du skulle r\u00e5ka var d\u00e4r p\u00e5 s\u00f6ndagkv\u00e4llen.<br \/>\n<!--more--><br \/>\n<a href=\"http:\/\/www.beijingboyce.com\/2009\/01\/14\/obamarama-where-to-catch-the-inauguration-in-beijing\/\">Bloggen Beijing Boyce ber\u00e4ttar<\/a>:<\/p>\n<blockquote><p>The inauguration of Barack Obama is on January 20 and you can catch it at\u2026 Paddy O\u2019Shea\u2019s?<\/p>\n<p>So far, this Irish pub is the only spot I know showing coverage. Manager Karl Long writes* that \u201cObamarama\u201d will include coverage from 10 PM to 2 AM, with buy one, get one free drinks, free finger food and apple pie, and prizes for those wearing the most American flags.<\/p><\/blockquote>\n<p>Jag hoppas att den d\u00e4r irl\u00e4ndska klubben kan s\u00e4nda fr\u00e5n konserten ocks\u00e5. <a href=\"http:\/\/usa2008.blog.mtgnewmedia.se\/2009\/01\/16\/obama-galan-direktsands-i-tv8-%e2%80%93-springsteen-beyonce-och-u2-upptrader\/\">Som f\u00f6r s\u00e4nds i tv8 i Sverige<\/a> &#8211; <a href=\"http:\/\/kulturbloggen.com\/?p=6436\">vilket jag bloggade om h\u00e4r<\/a>.<\/p>\n<p><strong>H\u00e4r \u00e4r listan med artister och g\u00e4ster:<\/strong><br \/>\nShakira, Jon Bon Jovi, Mary J Blige, Garth Brooks, Sheryl Crow, Ren\u00e9e Fleming, Josh Groban, Herbie Hancock, Heather Headley, Bettye Lavette, John Legend, Jennifer Nettles, John Mellencamp, Pete Seeger, Bruce Springsteen, U2, James Taylor, Usher, Stevie Wonder, Will.I.Am, Denzel Washington, Queen Latifa, Martin Luther King III, Tom Hanks, Jack Black med flera.<\/p>\n<p><a href=\"http:\/\/www.aftonbladet.se\/nyheter\/article4204895.ab\">Relaterat: Aftonbladet<\/a><\/p>\n<p>Andra bloggar om: <a href=\"http:\/\/bloggar.se\/om\/tv\" rel=\"tag\">tv<\/a>, <a href=\"http:\/\/bloggar.se\/om\/Obama\" rel=\"tag\">Obama<\/a>, <a href=\"http:\/\/bloggar.se\/om\/Kina\" rel=\"tag\">Kina<\/a>, <a href=\"http:\/\/bloggar.se\/om\/Beijing\" rel=\"tag\">Beijing<\/a>, <a href=\"http:\/\/bloggar.se\/om\/pub\" rel=\"tag\">pub<\/a><\/p>\n","protected":false},"excerpt":{"rendered":"<p>P\u00e5 s\u00f6ndag kv\u00e4ll arrangeras en stor artistgala f\u00f6r att fira att Barack Obama blir president p\u00e5 tisdag. Galan s\u00e4nds i svensk tv p\u00e5 s\u00f6ndagkv\u00e4llen. P\u00e5 tisdag n\u00e4r Obama sv\u00e4r presidenteden blir det ocks\u00e5 tv-s\u00e4ndningar. Och dessa g\u00e5r ocks\u00e5 att f\u00f6lja p\u00e5 en irl\u00e4ndsk pub i Beijing\/Peking ifall du skulle r\u00e5ka var d\u00e4r p\u00e5 s\u00f6ndagkv\u00e4llen.<\/p>\n","protected":false},"author":2,"featured_media":0,"comment_status":"open","ping_status":"open","sticky":false,"template":"","format":"standard","meta":{"_genesis_hide_title":false,"_genesis_hide_breadcrumbs":false,"_genesis_hide_singular_image":false,"_genesis_hide_footer_widgets":false,"_genesis_custom_body_class":"","_genesis_custom_post_class":"","_genesis_layout":"","footnotes":""},"categories":[20],"tags":[570,2921,4100,4558,6012],"class_list":{"0":"post-6452","1":"post","2":"type-post","3":"status-publish","4":"format-standard","6":"category-film","7":"tag-beijing","8":"tag-kina","9":"tag-obama","10":"tag-pub","11":"tag-tv","12":"entry"},"_links":{"self":[{"href":"https:\/\/kulturbloggen.com\/index.php?rest_route=\/wp\/v2\/posts\/6452","targetHints":{"allow":["GET"]}}],"collection":[{"href":"https:\/\/kulturbloggen.com\/index.php?rest_route=\/wp\/v2\/posts"}],"about":[{"href":"https:\/\/kulturbloggen.com\/index.php?rest_route=\/wp\/v2\/types\/post"}],"author":[{"embeddable":true,"href":"https:\/\/kulturbloggen.com\/index.php?rest_route=\/wp\/v2\/users\/2"}],"replies":[{"embeddable":true,"href":"https:\/\/kulturbloggen.com\/index.php?rest_route=%2Fwp%2Fv2%2Fcomments&post=6452"}],"version-history":[{"count":0,"href":"https:\/\/kulturbloggen.com\/index.php?rest_route=\/wp\/v2\/posts\/6452\/revisions"}],"wp:attachment":[{"href":"https:\/\/kulturbloggen.com\/index.php?rest_route=%2Fwp%2Fv2%2Fmedia&parent=6452"}],"wp:term":[{"taxonomy":"category","embeddable":true,"href":"https:\/\/kulturbloggen.com\/index.php?rest_route=%2Fwp%2Fv2%2Fcategories&post=6452"},{"taxonomy":"post_tag","embeddable":true,"href":"https:\/\/kulturbloggen.com\/index.php?rest_route=%2Fwp%2Fv2%2Ftags&post=6452"}],"curies":[{"name":"wp","href":"https:\/\/api.w.org\/{rel}","templated":true}]}}