{"id":64433,"date":"2012-12-21T12:34:27","date_gmt":"2012-12-21T10:34:27","guid":{"rendered":"http:\/\/kulturbloggen.com\/?p=64433"},"modified":"2012-12-21T12:34:27","modified_gmt":"2012-12-21T10:34:27","slug":"ghost-blir-forsta-svenska-bandet-som-spelar-pa-rock-in-rio-varldens-storsta-rockfestival-och-slapper-nytt-album","status":"publish","type":"post","link":"https:\/\/kulturbloggen.com\/?p=64433","title":{"rendered":"Ghost blir f\u00f6rsta svenska bandet som spelar p\u00e5 Rock in Rio, v\u00e4rldens st\u00f6rsta rockfestival &#8211; och sl\u00e4pper nytt album"},"content":{"rendered":"<p><img loading=\"lazy\" decoding=\"async\" src=\"http:\/\/kulturbloggen.com\/wp-content\/uploads\/2012\/12\/ghost-300x166.jpg\" alt=\"ghost\" width=\"300\" height=\"166\" class=\"aligncenter size-medium wp-image-64434\" srcset=\"https:\/\/kulturbloggen.com\/wp-content\/uploads\/2012\/12\/ghost-300x166.jpg 300w, https:\/\/kulturbloggen.com\/wp-content\/uploads\/2012\/12\/ghost.jpg 454w\" sizes=\"auto, (max-width: 300px) 100vw, 300px\" \/><\/p>\n<p>Ghost \u00e4r nu bokade som f\u00f6rsta svenska band till v\u00e4rldens st\u00f6rsta rockfestival Rock in Rio, <a href=\"http:\/\/www.mynewsdesk.com\/se\/pressroom\/universalmusic\/pressrelease\/view\/ghost-klara-foer-rock-in-rio-avsloejar-albumtitel-och-papa-emeritus-ii-goer-entre-824048\">ber\u00e4ttar ett pressmeddelande<\/a>. Festivalen \u00e4r v\u00e4rldens st\u00f6rsta rockfestival och Ghost kommer upptr\u00e4da p\u00e5 samma scen som bl a. Metallica, Alice in Chains och Sepultura. \u00d6vriga headliners kommer vara bl a Iron Maiden och Bruce Springsteen.<br \/>\nUnder Spelningen i Link\u00f6ping tog Papa Emeritus II \u00f6ver som s\u00e5ngare i bandet. Idag \u00e4r det \u00e4ven officiellt att Ghosts kommande album kommer heta Infestitssuman.<\/p>\n<p><strong>Om Ghost<\/strong><br \/>\nGhost bildades 2008 och sl\u00e4ppte 2010 sitt debutalbum Opus Eponymous p\u00e5 engelska etiketten Rise Above. Mycket lite \u00e4r k\u00e4nt om bandet som leds av p\u00e5ve-figuren Papa Emeritus. Bandet har i intervjuer uttalat sig om att de \u00e4r uts\u00e4nda av Satan f\u00f6r att ackompanjera jordens underg\u00e5ng och sprida hans gospel med sin musik. Genom intensivt turnerande spreds ryktet om bandet som en l\u00f6peld genom h\u00e5rdrocks-v\u00e4rlden. Opus Eponymous blev en av 2010-\u00e5rs mest omskrivna metal-album och tog bandet till USA d\u00e4r de genomf\u00f6rt turn\u00e9er med In Flames, Opeth, Trivium m fl. Ghost handplockades \u00e4ven av James Hetfield till Metallicas egen Orion-Festival.<\/p>\n<p>Infestissumam blir Ghosts andra album och uppf\u00f6ljaren till 2010 \u00e5rs Opus Eponymous. Albumet \u00e4r producerat av Nick Raskulinecz (Death Angel, Foo Fighters, Alice In Chains mfl). Albumet kommer sl\u00e4ppas under v\u00e5ren 2013 p\u00e5 Sonet\/Universal Music i Sverige och i USA p\u00e5 Universal-etiketten Loma Vista Recordings.<\/p>\n<p>Tracklist Infestissumam<\/p>\n<p>&#8221;Infestissumam&#8221;<br \/>\n&#8221;Per Aspera Ad Inferi&#8221;<br \/>\n&#8221;Secular Haze&#8221;<br \/>\n&#8221;Jigolo Har Megiddo&#8221;<br \/>\n&#8221;Ghuleh\/ Zombie Queen&#8221;<br \/>\n&#8221;Year Zero&#8221;<br \/>\n&#8221;Idolatrine&#8221;<br \/>\n&#8221;Body And Blood<br \/>\n&#8221;Depth Of Satans Eyes&#8221;<br \/>\n&#8221;Monstrance Clock&#8221;<br \/>\nUnder helgens spelning i Link\u00f6ping l\u00e4mnade Ghosts tidigare s\u00e5ngare Papa Emeritus bandet under rituella former. Fr\u00e5n scen tog han farv\u00e4l av bandet, bugade f\u00f6r publiken och l\u00e4mnade sen \u00f6ver uppdraget till sin eftertr\u00e4dare Papa Emeritus II. Efter \u00f6verl\u00e4mnandet framf\u00f6rde bandet nya l\u00e5ten Secular Haze och Abba-l\u00e5ten I\u00b4m a Marionette som i Ghosts klor f\u00f6rvandlades fr\u00e5n pop-p\u00e4rla till gotisk metal-anthem. Se successionen till Papa Emeritus II och framf\u00f6randet av Secular Haze i videon nedan:<\/p>\n<p><iframe loading=\"lazy\" width=\"560\" height=\"315\" src=\"http:\/\/www.youtube.com\/embed\/xm0Y0awVExo\" frameborder=\"0\" allowfullscreen><\/iframe><\/p>\n","protected":false},"excerpt":{"rendered":"<p>Ghost \u00e4r nu bokade som f\u00f6rsta svenska band till v\u00e4rldens st\u00f6rsta rockfestival Rock in Rio, ber\u00e4ttar ett pressmeddelande. Festivalen \u00e4r v\u00e4rldens st\u00f6rsta rockfestival och Ghost kommer upptr\u00e4da p\u00e5 samma scen som bl a. Metallica, Alice in Chains och Sepultura. \u00d6vriga headliners kommer vara bl a Iron Maiden och Bruce Springsteen. Under Spelningen i Link\u00f6ping tog [&hellip;]<\/p>\n","protected":false},"author":13,"featured_media":0,"comment_status":"open","ping_status":"open","sticky":false,"template":"","format":"standard","meta":{"_genesis_hide_title":false,"_genesis_hide_breadcrumbs":false,"_genesis_hide_singular_image":false,"_genesis_hide_footer_widgets":false,"_genesis_custom_body_class":"","_genesis_custom_post_class":"","_genesis_layout":"","footnotes":""},"categories":[7],"tags":[2362,3618,4792],"class_list":{"0":"post-64433","1":"post","2":"type-post","3":"status-publish","4":"format-standard","6":"category-musik","7":"tag-hardrock","8":"tag-metal","9":"tag-rock","10":"entry"},"_links":{"self":[{"href":"https:\/\/kulturbloggen.com\/index.php?rest_route=\/wp\/v2\/posts\/64433","targetHints":{"allow":["GET"]}}],"collection":[{"href":"https:\/\/kulturbloggen.com\/index.php?rest_route=\/wp\/v2\/posts"}],"about":[{"href":"https:\/\/kulturbloggen.com\/index.php?rest_route=\/wp\/v2\/types\/post"}],"author":[{"embeddable":true,"href":"https:\/\/kulturbloggen.com\/index.php?rest_route=\/wp\/v2\/users\/13"}],"replies":[{"embeddable":true,"href":"https:\/\/kulturbloggen.com\/index.php?rest_route=%2Fwp%2Fv2%2Fcomments&post=64433"}],"version-history":[{"count":2,"href":"https:\/\/kulturbloggen.com\/index.php?rest_route=\/wp\/v2\/posts\/64433\/revisions"}],"predecessor-version":[{"id":64436,"href":"https:\/\/kulturbloggen.com\/index.php?rest_route=\/wp\/v2\/posts\/64433\/revisions\/64436"}],"wp:attachment":[{"href":"https:\/\/kulturbloggen.com\/index.php?rest_route=%2Fwp%2Fv2%2Fmedia&parent=64433"}],"wp:term":[{"taxonomy":"category","embeddable":true,"href":"https:\/\/kulturbloggen.com\/index.php?rest_route=%2Fwp%2Fv2%2Fcategories&post=64433"},{"taxonomy":"post_tag","embeddable":true,"href":"https:\/\/kulturbloggen.com\/index.php?rest_route=%2Fwp%2Fv2%2Ftags&post=64433"}],"curies":[{"name":"wp","href":"https:\/\/api.w.org\/{rel}","templated":true}]}}