{"id":6442,"date":"2009-01-17T17:18:22","date_gmt":"2009-01-17T16:18:22","guid":{"rendered":"http:\/\/kulturbloggen.com\/?p=6442"},"modified":"2009-01-17T17:18:22","modified_gmt":"2009-01-17T16:18:22","slug":"okunnighet-eller-forakt-hos-dn-journalisten","status":"publish","type":"post","link":"https:\/\/kulturbloggen.com\/?p=6442","title":{"rendered":"Okunnighet eller f\u00f6rakt hos DN-journalisten?"},"content":{"rendered":"<p><img loading=\"lazy\" decoding=\"async\" src=\"http:\/\/sodergren.com\/kulturbloggen\/wp-content\/uploads\/2009\/01\/bono3d290.jpg\" alt=\"bono3d290\" title=\"bono3d290\" width=\"290\" height=\"200\" class=\"alignnone size-full wp-image-6444\" \/><br \/>\nPremi\u00e4r f\u00f6r 3D bio i Sverige, <a href=\"http:\/\/www.dn.se\/DNet\/jsp\/polopoly.jsp?d=3130&#038;a=873367\">skriver DN<\/a>: Svensk Filmindustri satsar p\u00e5 3d-film. P\u00e5 onsdag fattas beslut om vilka sex biografer i Sverige som tillh\u00f6r de utvalda.<br \/>\nFr\u00e5gan \u00e4r om DNs reporter helt enkelt inte har koll p\u00e5 l\u00e4get eller inte r\u00e4knar andra biografer \u00e4n SF?<br \/>\n<!--more--><br \/>\nI november <a href=\"http:\/\/kulturbloggen.com\/?p=4725\">ber\u00e4ttade vi p\u00e5 Kulturbloggen<\/a> till exempel om en konsertfilm med U2 som visades med modern 3D-teknik, p\u00e5 Folkets Bios biografer.<\/p>\n<p>Folkets Hus och Folkets Bio var <a href=\"http:\/\/kulturbloggen.com\/?p=885\">f\u00f6rst i Sverige<\/a> med att visa film med den nya 3D-tekniken.<br \/>\n<a href=\"http:\/\/www.dn.se\/DNet\/jsp\/polopoly.jsp?d=2374&#038;a=812818\">DN n\u00e4mnde det sj\u00e4lva d\u00e5<\/a>.  Men svenska gammelmediers redaktionsmedarbetare har kort minne. Eller r\u00e4ttare sagt: de jobbar utan att ha koll p\u00e5 l\u00e4get, med s\u00e5 h\u00f6g fart att de inte hinner kolla fakta, verkar det som.<\/p>\n<p>S\u00e5 fr\u00e5gan \u00e4r: \u00e4r det okunnighet eller hyser skribenten f\u00f6rakt f\u00f6r andra biografer \u00e4n SF:s?<\/p>\n<p>Relaterat: <a href=\"http:\/\/www.nyteknik.se\/nyheter\/it_telekom\/allmant\/article490638.ece\">Ny Teknik<\/a> och <a href=\"http:\/\/www.svd.se\/kulturnoje\/nyheter\/artikel_1120267.svd\">SVD<\/a>.<\/p>\n<p><img loading=\"lazy\" decoding=\"async\" src=\"http:\/\/sodergren.com\/kulturbloggen\/wp-content\/uploads\/2009\/01\/bono_3d_600-300x100.jpg\" alt=\"bono_3d_600\" title=\"bono_3d_600\" width=\"300\" height=\"100\" class=\"alignnone size-medium wp-image-6445\" \/><\/p>\n<p>Andra bloggar om: <a href=\"http:\/\/bloggar.se\/om\/film\" rel=\"tag\">film<\/a>, <a href=\"http:\/\/bloggar.se\/om\/3D\" rel=\"tag\">3D<\/a>, <a href=\"http:\/\/bloggar.se\/om\/medier\" rel=\"tag\">medier<\/a>, <a href=\"http:\/\/bloggar.se\/om\/Dagens+Nyheter\" rel=\"tag\">Dagens Nyheter<\/a>, <a href=\"http:\/\/bloggar.se\/om\/Ny+Teknik\" rel=\"tag\">Ny Teknik<\/a><\/p>\n","protected":false},"excerpt":{"rendered":"<p>Premi\u00e4r f\u00f6r 3D bio i Sverige, skriver DN: Svensk Filmindustri satsar p\u00e5 3d-film. P\u00e5 onsdag fattas beslut om vilka sex biografer i Sverige som tillh\u00f6r de utvalda. Fr\u00e5gan \u00e4r om DNs reporter helt enkelt inte har koll p\u00e5 l\u00e4get eller inte r\u00e4knar andra biografer \u00e4n SF?<\/p>\n","protected":false},"author":2,"featured_media":0,"comment_status":"open","ping_status":"open","sticky":false,"template":"","format":"standard","meta":{"_genesis_hide_title":false,"_genesis_hide_breadcrumbs":false,"_genesis_hide_singular_image":false,"_genesis_hide_footer_widgets":false,"_genesis_custom_body_class":"","_genesis_custom_post_class":"","_genesis_layout":"","footnotes":""},"categories":[20],"tags":[109,3582,12286],"class_list":{"0":"post-6442","1":"post","2":"type-post","3":"status-publish","4":"format-standard","6":"category-film","7":"tag-3d","8":"tag-medier","9":"tag-film","10":"entry"},"_links":{"self":[{"href":"https:\/\/kulturbloggen.com\/index.php?rest_route=\/wp\/v2\/posts\/6442","targetHints":{"allow":["GET"]}}],"collection":[{"href":"https:\/\/kulturbloggen.com\/index.php?rest_route=\/wp\/v2\/posts"}],"about":[{"href":"https:\/\/kulturbloggen.com\/index.php?rest_route=\/wp\/v2\/types\/post"}],"author":[{"embeddable":true,"href":"https:\/\/kulturbloggen.com\/index.php?rest_route=\/wp\/v2\/users\/2"}],"replies":[{"embeddable":true,"href":"https:\/\/kulturbloggen.com\/index.php?rest_route=%2Fwp%2Fv2%2Fcomments&post=6442"}],"version-history":[{"count":0,"href":"https:\/\/kulturbloggen.com\/index.php?rest_route=\/wp\/v2\/posts\/6442\/revisions"}],"wp:attachment":[{"href":"https:\/\/kulturbloggen.com\/index.php?rest_route=%2Fwp%2Fv2%2Fmedia&parent=6442"}],"wp:term":[{"taxonomy":"category","embeddable":true,"href":"https:\/\/kulturbloggen.com\/index.php?rest_route=%2Fwp%2Fv2%2Fcategories&post=6442"},{"taxonomy":"post_tag","embeddable":true,"href":"https:\/\/kulturbloggen.com\/index.php?rest_route=%2Fwp%2Fv2%2Ftags&post=6442"}],"curies":[{"name":"wp","href":"https:\/\/api.w.org\/{rel}","templated":true}]}}