{"id":6436,"date":"2009-01-16T23:36:33","date_gmt":"2009-01-16T22:36:33","guid":{"rendered":"http:\/\/kulturbloggen.com\/?p=6436"},"modified":"2009-01-16T23:36:33","modified_gmt":"2009-01-16T22:36:33","slug":"konserten-for-obama-direktsands-i-svensk-tv-med-beyonce-shakira-the-boss-stevie-wonder-usher","status":"publish","type":"post","link":"https:\/\/kulturbloggen.com\/?p=6436","title":{"rendered":"Konserten f\u00f6r Obama direkts\u00e4nds i svensk tv (med Beyonce, Shakira, the boss, Stevie Wonder, Usher &#8230;)"},"content":{"rendered":"<p><img loading=\"lazy\" decoding=\"async\" src=\"http:\/\/sodergren.com\/kulturbloggen\/wp-content\/uploads\/2009\/01\/weareone290.jpg\" alt=\"weareone290\" title=\"weareone290\" width=\"290\" height=\"200\" class=\"alignnone size-full wp-image-6437\" \/><\/p>\n<p>Bruce Springsteen, Bono, Stevie Wonder, Mary J Blige och Jon Bon Jovi \u00e4r n\u00e5gra av artisterna som ska upptr\u00e4da n\u00e4r USA:s nyvalde president Barack Obama ska installeras i Vita Huset p\u00e5 tisdag. Galan direkts\u00e4nds i svensk tv.<br \/>\n<!--more--><br \/>\nKonserten till Obamas \u00e4ra,  \u201dWe Are One\u201d, bjuder p\u00e5 v\u00e4rldsartister som Bruce Springsteen, Beyonce, Bono, Jon Bon Jovi, Mary J Blige, Shakika, James Taylor och Stevie Wonder. Ocks\u00e5  sk\u00e5despelarna Tom Hanks och Denzel Washington kommer att vara p\u00e5 plats f\u00f6r att hylla Obama.<\/p>\n<p><a href=\"http:\/\/www.aftonbladet.se\/nojesbladet\/musik\/article4193549.ab\">Aftonbladet skriver<\/a> att i  Sverige direkts\u00e4nds konserten i TV8.<a href=\"http:\/\/usa2008.blog.mtgnewmedia.se\/2009\/01\/16\/obama-galan-direktsands-i-tv8-%e2%80%93-springsteen-beyonce-och-u2-upptrader\/\"> Men p\u00e5 TV8:s hemsida st\u00e5r det att konserten s\u00e4nds p\u00e5 s\u00f6ndag<\/a>:<\/p>\n<blockquote><p>TV8 har f\u00f6rv\u00e4rvat r\u00e4ttigheterna till s\u00f6ndagens superkonsert vid Lincoln Memorial i Washington. Med start 20.30 svensk tid kommer artister som Bruce Springsteen, Beyonce, Bono, Mary J Blige, Stevie Wonder, Usher och m\u00e5nga fler hylla Obama p\u00e5 konserten som har d\u00f6pts till We Are One.<br \/>\nKonsertens h\u00f6jdpunkt blir ett tal av USAs f\u00f6rsta svarta president, som sv\u00e4rs in i Vita Huset p\u00e5 tisdag.<\/p><\/blockquote>\n<p><img loading=\"lazy\" decoding=\"async\" src=\"http:\/\/sodergren.com\/kulturbloggen\/wp-content\/uploads\/2009\/01\/weareone600-300x100.jpg\" alt=\"weareone600\" title=\"weareone600\" width=\"300\" height=\"100\" class=\"alignnone size-medium wp-image-6438\" \/><\/p>\n<p>Andra bloggar om: <a href=\"http:\/\/bloggar.se\/om\/musik\" rel=\"tag\">musik<\/a>, <a href=\"http:\/\/bloggar.se\/om\/politik\" rel=\"tag\">politik<\/a>, <a href=\"http:\/\/bloggar.se\/om\/Obama\" rel=\"tag\">Obama<\/a>, <a href=\"http:\/\/bloggar.se\/om\/USA\" rel=\"tag\">USA<\/a><\/p>\n","protected":false},"excerpt":{"rendered":"<p>Bruce Springsteen, Bono, Stevie Wonder, Mary J Blige och Jon Bon Jovi \u00e4r n\u00e5gra av artisterna som ska upptr\u00e4da n\u00e4r USA:s nyvalde president Barack Obama ska installeras i Vita Huset p\u00e5 tisdag. Galan direkts\u00e4nds i svensk tv.<\/p>\n","protected":false},"author":2,"featured_media":0,"comment_status":"open","ping_status":"open","sticky":false,"template":"","format":"standard","meta":{"_genesis_hide_title":false,"_genesis_hide_breadcrumbs":false,"_genesis_hide_singular_image":false,"_genesis_hide_footer_widgets":false,"_genesis_custom_body_class":"","_genesis_custom_post_class":"","_genesis_layout":"","footnotes":""},"categories":[20],"tags":[12282,4100,12284,6129],"class_list":{"0":"post-6436","1":"post","2":"type-post","3":"status-publish","4":"format-standard","6":"category-film","7":"tag-musik","8":"tag-obama","9":"tag-politik","10":"tag-usa","11":"entry"},"_links":{"self":[{"href":"https:\/\/kulturbloggen.com\/index.php?rest_route=\/wp\/v2\/posts\/6436","targetHints":{"allow":["GET"]}}],"collection":[{"href":"https:\/\/kulturbloggen.com\/index.php?rest_route=\/wp\/v2\/posts"}],"about":[{"href":"https:\/\/kulturbloggen.com\/index.php?rest_route=\/wp\/v2\/types\/post"}],"author":[{"embeddable":true,"href":"https:\/\/kulturbloggen.com\/index.php?rest_route=\/wp\/v2\/users\/2"}],"replies":[{"embeddable":true,"href":"https:\/\/kulturbloggen.com\/index.php?rest_route=%2Fwp%2Fv2%2Fcomments&post=6436"}],"version-history":[{"count":0,"href":"https:\/\/kulturbloggen.com\/index.php?rest_route=\/wp\/v2\/posts\/6436\/revisions"}],"wp:attachment":[{"href":"https:\/\/kulturbloggen.com\/index.php?rest_route=%2Fwp%2Fv2%2Fmedia&parent=6436"}],"wp:term":[{"taxonomy":"category","embeddable":true,"href":"https:\/\/kulturbloggen.com\/index.php?rest_route=%2Fwp%2Fv2%2Fcategories&post=6436"},{"taxonomy":"post_tag","embeddable":true,"href":"https:\/\/kulturbloggen.com\/index.php?rest_route=%2Fwp%2Fv2%2Ftags&post=6436"}],"curies":[{"name":"wp","href":"https:\/\/api.w.org\/{rel}","templated":true}]}}