{"id":64283,"date":"2012-12-16T21:35:08","date_gmt":"2012-12-16T19:35:08","guid":{"rendered":"http:\/\/kulturbloggen.com\/?p=64283"},"modified":"2012-12-16T21:35:08","modified_gmt":"2012-12-16T19:35:08","slug":"den-fiffige-lille-raev-gjorde-succe-dock-inga-staende-ovationer-pa-den-kongelige-opera-i-kopenhamn","status":"publish","type":"post","link":"https:\/\/kulturbloggen.com\/?p=64283","title":{"rendered":"Den fiffige lille raev gjorde succ\u00e9 dock inga st\u00e5ende ovationer p\u00e5 Den Kongelige Opera i K\u00f6penhamn"},"content":{"rendered":"<p><a href=\"http:\/\/kulturbloggen.com\/?attachment_id=64284\" rel=\"attachment wp-att-64284\"><img loading=\"lazy\" decoding=\"async\" class=\"aligncenter size-full wp-image-64284\" alt=\"fiffigelilleraevdkt2012\" src=\"http:\/\/kulturbloggen.com\/wp-content\/uploads\/2012\/12\/fiffigelilleraevdkt2012.jpg\" width=\"490\" height=\"327\" srcset=\"https:\/\/kulturbloggen.com\/wp-content\/uploads\/2012\/12\/fiffigelilleraevdkt2012.jpg 490w, https:\/\/kulturbloggen.com\/wp-content\/uploads\/2012\/12\/fiffigelilleraevdkt2012-300x200.jpg 300w\" sizes=\"auto, (max-width: 490px) 100vw, 490px\" \/><\/a><\/p>\n<p>Den fiffige lille raev<\/p>\n<p>Musik: Leos Jan\u00e1cek med libretto av komposit\u00f6ren efter Rudolf T\u00e9snohlidek och Stanislav Loleks tecknade ber\u00e4ttelse<\/p>\n<p>Operapremi\u00e4r p\u00e5 Den Kongelige Opera i K\u00f6penhamn 15 december 2012<\/p>\n<p>Leos Jan\u00e1cek\u00b4s \u201dDen listiga lilla r\u00e4ven\u201d eller som det heter p\u00e5 danska \u201dDen fiffige lille raev\u201d g\u00e5r det att presentera som en barn eller r\u00e4ttare sagt familjeopera? Nja, jag \u00e4r tveksam \u00e5tminstone om man s\u00e4tter \u00e5ldersgr\u00e4nsen till sex \u00e5r, men jag \u00e4r sj\u00e4lvfallet medveten om att barns mognadsgrad f\u00f6r opera \u00e4r h\u00f6gst individuell.<\/p>\n<p>Publiken p\u00e5 g\u00e5rdagens premi\u00e4r var ovanligt blandad och visst var det roligt att se och h\u00f6ra hur operaens eleganta foaj\u00e9 fylldes av glada och f\u00f6rv\u00e4ntansfulla barnr\u00f6ster, men samtidigt var det inte s\u00e5 lustigt att hamna bakom en pojke i sju- \u00e5tta \u00e5rs\u00e5ldern som innan f\u00f6rest\u00e4llningen b\u00f6rjade fr\u00e5gade sin mamma om n\u00e4r f\u00f6rest\u00e4llningen skulle b\u00f6rja. Samme pojke som tio minuter senare fr\u00e5gade sin mamma n\u00e4r \u00e4r det slut, och som fortsatte med oj\u00e4mna mellanrum att st\u00e4lla samma fr\u00e5ga.<\/p>\n<p>Att h\u00f6ra samma fr\u00e5ga och svar upprepas g\u00e5ng p\u00e5 g\u00e5ng st\u00f6r faktiskt operaupplevelsen, men de flesta barnen satt som jag f\u00f6rstod som t\u00e4nda ljus och jag s\u00e5g endast ett mindre antal barn l\u00e4mna salongen. Trots detta skulle jag nog inte rekommendera f\u00f6rest\u00e4llningen f\u00f6r barn fr\u00e5n sex \u00e5r och jag kan i varje fall inte t\u00e4nka mig att ta med mina egna barnbarn som \u00e4r sex respektive 9 \u00e5r gamla p\u00e5 f\u00f6rest\u00e4llningen.<\/p>\n<p>Sett ur ett vuxenperspektiv var det en utm\u00e4rkt upps\u00e4ttning och d\u00e4r bidrar naturligtvis den scenografiska l\u00f6sningen mycket till signerad Es Devlin,som gjorde sensation med scenografin till Parsifal tidigare i \u00e5r.<\/p>\n<p>Scenografin bestod av olika l\u00e5dor av varierande storlek, som jag f\u00f6rst trodde var gjort av legomaterial men det var tydligen material av papper som hade anv\u00e4nts. Med hj\u00e4lp av videografik projicerades olika bilder och ljus \u00f6ver dekoren. Det var ocks\u00e5 ett bra s\u00e4tt att skildra fabeln p\u00e5 dvs med djuren i djurens v\u00e4rld som l\u00e4tt igenk\u00e4nnliga f\u00f6rkl\u00e4dda djur, medan m\u00e4nniskorna var ekiperade med fyrkantiga kl\u00e4der.<\/p>\n<p>Sensmoralen i verket var tydligt genom att vi fick se att livet i djurens v\u00e4rld var bekymmersfritt och glatt, men ocks\u00e5 att djuren f\u00f6rstod livets kretsg\u00e5ng dvs att djuren dog och nya tillkom undan f\u00f6r undan, medan i m\u00e4nniskornas v\u00e4rld var n\u00e4stan allting best\u00e5ende av el\u00e4nde, lidande och umb\u00e4randen. Slutet gott allting gott blev det n\u00e4r skogvaktaren till slut f\u00f6rstod att han skulle leva ett med naturen.<\/p>\n<p>S\u00e5ngligt sett var det en mycket fin upplevelse och lite roligt var det att h\u00f6ra de svenska s\u00e5ngstj\u00e4rnorna, John Lundgren och Bengt-Ola Morgny sjunga p\u00e5 danska vilket naturligtvis inte beredde \u00f6vriga s\u00e5ngare n\u00e5got som helst problem. F\u00f6r s\u00e4kerhets skull textades dessutom texten p\u00e5 danska, vilket inte tillh\u00f6r vanligheterna, n\u00e4r det sjungs p\u00e5 danska.<\/p>\n<p>Det var sj\u00e4lvklart stor skillnad p\u00e5 f\u00f6rest\u00e4llningen fr\u00e5n L\u00e4ck\u00f6 slott i somras framf\u00f6rallt eftersom orkestern \u00e4r betydligt st\u00f6rre, men ocks\u00e5 Den Kongelige operak\u00f6r \u00e4r ju v\u00e4sentligen mycket st\u00f6rre \u00e4n vad L\u00e4ck\u00f6 f\u00f6rm\u00e5r att st\u00e4lla upp med, men samtidigt \u00e4r jag nog mer f\u00f6rjust i den versionen.<\/p>\n<p>Det var allts\u00e5 en b\u00e5de fin och omtumlande operaupplevelse, men om det \u00e4r ett verk som barn kan ta till sig \u00e4r jag nog mer tveksam till, men f\u00f6r oss vuxna var det en praktfull operaupplevelse, med utm\u00e4rkta s\u00e5nginsatser p\u00e5 alla kanter och h\u00f6rn.<\/p>\n<p><b>Andra recensioner<\/b><\/p>\n<p><a href=\"http:\/\/www.skanskan.se\/article\/20121216\/NOJE\/712169999\/-\/en-liten-rav-for-alla\">Lars-Erik Larsson i Sk\u00e5nskan<\/a><\/p>\n<p><b>Produktionsteam<\/b><\/p>\n<p>Musikalisk ledning: Thomas S\u00f6nderg\u00e5rd<\/p>\n<p>Regiss\u00f6r: Francisco Negrin<\/p>\n<p>Scenografi: Es Devlin<\/p>\n<p>Kostymer: Carol Bailey<\/p>\n<p>Koreografi:Ana Yepes<\/p>\n<p>Ljusdesign: Bruno Poet<\/p>\n<p>Videodesign: Luke Halls<\/p>\n<p>Videoproducent: Sam Pattinson<\/p>\n<p><b>Medverkande<\/b><\/p>\n<p>John Lundgren<\/p>\n<p>Gisela Stille<\/p>\n<p>Sofie Elkjaer Jensen<\/p>\n<p>Bengt-Ola Morgny<\/p>\n<p>Sten Byriel<\/p>\n<p>Jens Bruno Hansen<\/p>\n<p>Gert Henning-Jensen<\/p>\n<p>Elisabeth Halling<\/p>\n<p>Djina Mai-Mai<\/p>\n<p>Anne Margrethe Dahl<\/p>\n<p>Henriette Neess Borup<\/p>\n<p>Cille Ebling<\/p>\n<p>Anders Jakobsson<\/p>\n<p>Tuva Semmingsen<\/p>\n<p>Rasmus Gravers Knive<\/p>\n<p>Den Kongelige Operakor<\/p>\n<p>Det Kongelige Kapel<\/p>\n<p>Barnk\u00f6r fr\u00e5n Sankt Annae Gymnasium\/K\u00f6benhavns Drengekor<\/p>\n<p>AKROBATER<\/p>\n","protected":false},"excerpt":{"rendered":"<p>Den fiffige lille raev Musik: Leos Jan\u00e1cek med libretto av komposit\u00f6ren efter Rudolf T\u00e9snohlidek och Stanislav Loleks tecknade ber\u00e4ttelse Operapremi\u00e4r p\u00e5 Den Kongelige Opera i K\u00f6penhamn 15 december 2012 Leos Jan\u00e1cek\u00b4s \u201dDen listiga lilla r\u00e4ven\u201d eller som det heter p\u00e5 danska \u201dDen fiffige lille raev\u201d g\u00e5r det att presentera som en barn eller r\u00e4ttare sagt [&hellip;]<\/p>\n","protected":false},"author":13,"featured_media":0,"comment_status":"open","ping_status":"open","sticky":false,"template":"","format":"standard","meta":{"_genesis_hide_title":false,"_genesis_hide_breadcrumbs":false,"_genesis_hide_singular_image":false,"_genesis_hide_footer_widgets":false,"_genesis_custom_body_class":"","_genesis_custom_post_class":"","_genesis_layout":"","footnotes":""},"categories":[20],"tags":[9143,3187],"class_list":{"0":"post-64283","1":"post","2":"type-post","3":"status-publish","4":"format-standard","6":"category-film","7":"tag-janaceks-den-listiga-lilla-raven-familjeforestallning-pa-den-kongelige-opera","8":"tag-kopenhamn","9":"entry"},"_links":{"self":[{"href":"https:\/\/kulturbloggen.com\/index.php?rest_route=\/wp\/v2\/posts\/64283","targetHints":{"allow":["GET"]}}],"collection":[{"href":"https:\/\/kulturbloggen.com\/index.php?rest_route=\/wp\/v2\/posts"}],"about":[{"href":"https:\/\/kulturbloggen.com\/index.php?rest_route=\/wp\/v2\/types\/post"}],"author":[{"embeddable":true,"href":"https:\/\/kulturbloggen.com\/index.php?rest_route=\/wp\/v2\/users\/13"}],"replies":[{"embeddable":true,"href":"https:\/\/kulturbloggen.com\/index.php?rest_route=%2Fwp%2Fv2%2Fcomments&post=64283"}],"version-history":[{"count":1,"href":"https:\/\/kulturbloggen.com\/index.php?rest_route=\/wp\/v2\/posts\/64283\/revisions"}],"predecessor-version":[{"id":64285,"href":"https:\/\/kulturbloggen.com\/index.php?rest_route=\/wp\/v2\/posts\/64283\/revisions\/64285"}],"wp:attachment":[{"href":"https:\/\/kulturbloggen.com\/index.php?rest_route=%2Fwp%2Fv2%2Fmedia&parent=64283"}],"wp:term":[{"taxonomy":"category","embeddable":true,"href":"https:\/\/kulturbloggen.com\/index.php?rest_route=%2Fwp%2Fv2%2Fcategories&post=64283"},{"taxonomy":"post_tag","embeddable":true,"href":"https:\/\/kulturbloggen.com\/index.php?rest_route=%2Fwp%2Fv2%2Ftags&post=64283"}],"curies":[{"name":"wp","href":"https:\/\/api.w.org\/{rel}","templated":true}]}}