{"id":64189,"date":"2012-12-14T17:32:13","date_gmt":"2012-12-14T15:32:13","guid":{"rendered":"http:\/\/kulturbloggen.com\/?p=64189"},"modified":"2012-12-14T17:39:44","modified_gmt":"2012-12-14T15:39:44","slug":"the-knife-slapper-album-och-aker-pa-turne","status":"publish","type":"post","link":"https:\/\/kulturbloggen.com\/?p=64189","title":{"rendered":"The Knife sl\u00e4pper album och \u00e5ker p\u00e5 turn\u00e9"},"content":{"rendered":"<p><a href=\"http:\/\/kulturbloggen.com\/?attachment_id=64190\" rel=\"attachment wp-att-64190\"><img loading=\"lazy\" decoding=\"async\" class=\"aligncenter size-medium wp-image-64190\" alt=\"knife\" src=\"http:\/\/kulturbloggen.com\/wp-content\/uploads\/2012\/12\/knife-200x300.jpg\" width=\"200\" height=\"300\" srcset=\"https:\/\/kulturbloggen.com\/wp-content\/uploads\/2012\/12\/knife-200x300.jpg 200w, https:\/\/kulturbloggen.com\/wp-content\/uploads\/2012\/12\/knife.jpg 658w\" sizes=\"auto, (max-width: 200px) 100vw, 200px\" \/><\/a><\/p>\n<p>Karin Dreijer Andersson och Olof Dreijer har ju redan p\u00e5 sin <a href=\"http:\/\/theknife.net\/\">hemsida<\/a> bekr\u00e4ftat att The Knife sl\u00e4pper nytt 2013. Nu kommer ytterligare information &#8211; de l\u00e5ter meddela att deras fj\u00e4rde studioalbum\u00a0<em>Shaking the Habitual<\/em> ges ut den 8 april. Dessutom beger de sig ut p\u00e5 en europeisk turn\u00e9:<\/p>\n<blockquote><p><em>The Knife announce new album &#8221;Shaking the Habitual&#8221;, to be released in April 2013. The Knife will be playing some live shows in Europe in 2013.<\/em><\/p><\/blockquote>\n<p><em>\u00a0Shaking the Habitual<\/em> blir The Knifes f\u00f6rsta studioalbum sedan 2006 \u00e5rs <em>Silent Shout<\/em>. Du kan se en liten teaser h\u00e4r:<\/p>\n<p><iframe loading=\"lazy\" src=\"http:\/\/www.youtube.com\/embed\/j8YCdFlvpL0\" height=\"360\" width=\"640\" allowfullscreen=\"\" frameborder=\"0\"><\/iframe><\/p>\n","protected":false},"excerpt":{"rendered":"<p>Karin Dreijer Andersson och Olof Dreijer har ju redan p\u00e5 sin hemsida bekr\u00e4ftat att The Knife sl\u00e4pper nytt 2013. Nu kommer ytterligare information &#8211; de l\u00e5ter meddela att deras fj\u00e4rde studioalbum\u00a0Shaking the Habitual ges ut den 8 april. Dessutom beger de sig ut p\u00e5 en europeisk turn\u00e9: The Knife announce new album &#8221;Shaking the Habitual&#8221;, [&hellip;]<\/p>\n","protected":false},"author":3,"featured_media":0,"comment_status":"open","ping_status":"open","sticky":false,"template":"","format":"standard","meta":{"_genesis_hide_title":false,"_genesis_hide_breadcrumbs":false,"_genesis_hide_singular_image":false,"_genesis_hide_footer_widgets":false,"_genesis_custom_body_class":"","_genesis_custom_post_class":"","_genesis_layout":"","footnotes":""},"categories":[7],"tags":[9137,5769],"class_list":{"0":"post-64189","1":"post","2":"type-post","3":"status-publish","4":"format-standard","6":"category-musik","7":"tag-shaking-the-habitual","8":"tag-the-knife","9":"entry"},"_links":{"self":[{"href":"https:\/\/kulturbloggen.com\/index.php?rest_route=\/wp\/v2\/posts\/64189","targetHints":{"allow":["GET"]}}],"collection":[{"href":"https:\/\/kulturbloggen.com\/index.php?rest_route=\/wp\/v2\/posts"}],"about":[{"href":"https:\/\/kulturbloggen.com\/index.php?rest_route=\/wp\/v2\/types\/post"}],"author":[{"embeddable":true,"href":"https:\/\/kulturbloggen.com\/index.php?rest_route=\/wp\/v2\/users\/3"}],"replies":[{"embeddable":true,"href":"https:\/\/kulturbloggen.com\/index.php?rest_route=%2Fwp%2Fv2%2Fcomments&post=64189"}],"version-history":[{"count":3,"href":"https:\/\/kulturbloggen.com\/index.php?rest_route=\/wp\/v2\/posts\/64189\/revisions"}],"predecessor-version":[{"id":64192,"href":"https:\/\/kulturbloggen.com\/index.php?rest_route=\/wp\/v2\/posts\/64189\/revisions\/64192"}],"wp:attachment":[{"href":"https:\/\/kulturbloggen.com\/index.php?rest_route=%2Fwp%2Fv2%2Fmedia&parent=64189"}],"wp:term":[{"taxonomy":"category","embeddable":true,"href":"https:\/\/kulturbloggen.com\/index.php?rest_route=%2Fwp%2Fv2%2Fcategories&post=64189"},{"taxonomy":"post_tag","embeddable":true,"href":"https:\/\/kulturbloggen.com\/index.php?rest_route=%2Fwp%2Fv2%2Ftags&post=64189"}],"curies":[{"name":"wp","href":"https:\/\/api.w.org\/{rel}","templated":true}]}}