{"id":6388,"date":"2009-01-16T12:21:03","date_gmt":"2009-01-16T11:21:03","guid":{"rendered":"http:\/\/kulturbloggen.com\/?p=6388"},"modified":"2009-01-16T12:21:03","modified_gmt":"2009-01-16T11:21:03","slug":"provlyssna-pa-lalehs-kommande-nya-skiva","status":"publish","type":"post","link":"https:\/\/kulturbloggen.com\/?p=6388","title":{"rendered":"Provlyssna p\u00e5 Lalehs kommande nya skiva"},"content":{"rendered":"<p><img loading=\"lazy\" decoding=\"async\" src=\"http:\/\/sodergren.com\/kulturbloggen\/wp-content\/uploads\/2009\/01\/laleh290.jpg\" alt=\"laleh290\" title=\"laleh290\" width=\"290\" height=\"200\" class=\"alignnone size-full wp-image-6391\" \/><br \/>\nLaleh sl\u00e4pper en ny skiva vecka 4. <a href=\"http:\/\/www.myspace.com\/lalehsweden\">Men redan nu kan du provlyssa p\u00e5 hennes Myspace.-sida<\/a>. Lalehs nya album &#8221;Me And Simon&#8221; sl\u00e4pps 21 januari, men en singel &#8221;Simon Says&#8221; har redan sl\u00e4ppts och  igger redan p\u00e5 P3s A-lista.<br \/>\n<!--more--><br \/>\nLaleh slog v\u00e4l n\u00e4stan knock p\u00e5 svenska musiklivet med debutalbumet 2005 som hon fick Grammis, Rockbj\u00f6rn med flera musikpriser f\u00f6r. Men hon \u00e4r inte en artist som trivs med allf\u00f6r h\u00f6gt tempo. Sedan dess har hon flyttat fr\u00e5n storstaden. <a href=\"http:\/\/www.dn.se\/DNet\/jsp\/polopoly.jsp?d=2226&#038;a=874303\">Dagens Nyheter har en intervju med henne<\/a>:<\/p>\n<blockquote><p>DE SENASTE \u00c5REN har hon bott i Skellefte\u00e5, promenerat omkring i naturreservatet Bjur\u00f6klubb och l\u00e5tit l\u00e5tarna v\u00e4xa fram.<\/p>\n<p>&#8211; Det \u00e4r l\u00e4tt att tro att man blir lyckligare av en framg\u00e5ngsrik musikkarri\u00e4r, men s\u00e5 enkelt \u00e4r det inte, s\u00e4ger hon. <\/p>\n<p>&#8211; Jag beh\u00f6vde komma bort fr\u00e5n storstadsmentaliteten, men framf\u00f6r allt har det varit sk\u00f6nt att komma till naturen. Den ljuger inte, den pratar inte. Det \u00e4r inte s\u00e5 mycket &#8221;hitte p\u00e5&#8221;, forts\u00e4tter hon.  <\/p><\/blockquote>\n<p>Vi p\u00e5 Kulturbloggen har f\u00e5tt ett recensionsexemplar av nya albumet och vi kommer att posta en recension n\u00e4sta vecka. Men vi kan redan nu s\u00e4ga att vi lyssnar om och om igen p\u00e5 den. Vi gillar den.<\/p>\n<p>I intervjun i DN s\u00e4ger Laleh en sak som jag k\u00e4nde \u00e4r lite av vad jag t\u00e4nker om Kulturbloggen ocks\u00e5. Inte f\u00f6r att jag vill j\u00e4mf\u00f6ra Kulturbloggen med Lalehs artisteri, men sj\u00e4lva inriktningen. Det finns en gammelsosse som av och till skickar kommentarer till Kulturbloggen att han tycker vi skriver dynga f\u00f6r att vi inte skriver om de utsatta m\u00e4nniskornas situation. D\u00e5 vill jag s\u00e4ga, precis som Laleh s\u00e4ger, fast \u00f6verf\u00f6rt till kulturbloggandet d\u00e5:<\/p>\n<blockquote><p>&#8211; Det finns en po\u00e4ng med att jag g\u00f6r musik och inte \u00e4r politiker. Om jag kan, vill jag f\u00f6r\u00e4ndra genom min musik. N\u00e4r man s\u00e4ger saker med ord blir det l\u00e4tt \u00f6vertydligt. Jag vill att folk ska t\u00e4nka sj\u00e4lva, rannsaka sitt inre och hitta nya rum. <\/p><\/blockquote>\n<p>Simon Says<\/p>\n<p><object width=\"425\" height=\"344\"><param name=\"movie\" value=\"http:\/\/www.youtube.com\/v\/pQJ6MWOF584&#038;hl=sv&#038;fs=1\"><\/param><param name=\"allowFullScreen\" value=\"true\"><\/param><param name=\"allowscriptaccess\" value=\"always\"><\/param><embed src=\"http:\/\/www.youtube.com\/v\/pQJ6MWOF584&#038;hl=sv&#038;fs=1\" type=\"application\/x-shockwave-flash\" allowscriptaccess=\"always\" allowfullscreen=\"true\" width=\"425\" height=\"344\"><\/embed><\/object><\/p>\n<p><img loading=\"lazy\" decoding=\"async\" src=\"http:\/\/sodergren.com\/kulturbloggen\/wp-content\/uploads\/2009\/01\/laleh600-300x100.jpg\" alt=\"laleh600\" title=\"laleh600\" width=\"300\" height=\"100\" class=\"alignnone size-medium wp-image-6392\" \/><\/p>\n<p>Andra bloggar om: <a href=\"http:\/\/bloggar.se\/om\/skivnytt\" rel=\"tag\">skivnytt<\/a>, <a href=\"http:\/\/bloggar.se\/om\/musik\" rel=\"tag\">musik<\/a>, <a href=\"http:\/\/bloggar.se\/om\/Laleh\" rel=\"tag\">Laleh<\/a><\/p>\n","protected":false},"excerpt":{"rendered":"<p>Laleh sl\u00e4pper en ny skiva vecka 4. Men redan nu kan du provlyssa p\u00e5 hennes Myspace.-sida. Lalehs nya album &#8221;Me And Simon&#8221; sl\u00e4pps 21 januari, men en singel &#8221;Simon Says&#8221; har redan sl\u00e4ppts och igger redan p\u00e5 P3s A-lista.<\/p>\n","protected":false},"author":2,"featured_media":0,"comment_status":"open","ping_status":"open","sticky":false,"template":"","format":"standard","meta":{"_genesis_hide_title":false,"_genesis_hide_breadcrumbs":false,"_genesis_hide_singular_image":false,"_genesis_hide_footer_widgets":false,"_genesis_custom_body_class":"","_genesis_custom_post_class":"","_genesis_layout":"","footnotes":""},"categories":[20],"tags":[12282,5121],"class_list":{"0":"post-6388","1":"post","2":"type-post","3":"status-publish","4":"format-standard","6":"category-film","7":"tag-musik","8":"tag-skivnytt","9":"entry"},"_links":{"self":[{"href":"https:\/\/kulturbloggen.com\/index.php?rest_route=\/wp\/v2\/posts\/6388","targetHints":{"allow":["GET"]}}],"collection":[{"href":"https:\/\/kulturbloggen.com\/index.php?rest_route=\/wp\/v2\/posts"}],"about":[{"href":"https:\/\/kulturbloggen.com\/index.php?rest_route=\/wp\/v2\/types\/post"}],"author":[{"embeddable":true,"href":"https:\/\/kulturbloggen.com\/index.php?rest_route=\/wp\/v2\/users\/2"}],"replies":[{"embeddable":true,"href":"https:\/\/kulturbloggen.com\/index.php?rest_route=%2Fwp%2Fv2%2Fcomments&post=6388"}],"version-history":[{"count":0,"href":"https:\/\/kulturbloggen.com\/index.php?rest_route=\/wp\/v2\/posts\/6388\/revisions"}],"wp:attachment":[{"href":"https:\/\/kulturbloggen.com\/index.php?rest_route=%2Fwp%2Fv2%2Fmedia&parent=6388"}],"wp:term":[{"taxonomy":"category","embeddable":true,"href":"https:\/\/kulturbloggen.com\/index.php?rest_route=%2Fwp%2Fv2%2Fcategories&post=6388"},{"taxonomy":"post_tag","embeddable":true,"href":"https:\/\/kulturbloggen.com\/index.php?rest_route=%2Fwp%2Fv2%2Ftags&post=6388"}],"curies":[{"name":"wp","href":"https:\/\/api.w.org\/{rel}","templated":true}]}}