{"id":63762,"date":"2012-12-05T22:41:26","date_gmt":"2012-12-05T20:41:26","guid":{"rendered":"http:\/\/kulturbloggen.com\/?p=63762"},"modified":"2012-12-05T22:41:26","modified_gmt":"2012-12-05T20:41:26","slug":"alina-devecerski-ar-valgorenhetsprojektet-sisters-for-educations-nya-ambassador","status":"publish","type":"post","link":"https:\/\/kulturbloggen.com\/?p=63762","title":{"rendered":"Alina Devecerski \u00e4r v\u00e4lg\u00f6renhetsprojektet Sisters for Educations nya ambassad\u00f6r"},"content":{"rendered":"<p><a href=\"http:\/\/kulturbloggen.com\/wp-content\/uploads\/2012\/12\/Alina.jpg\"><img loading=\"lazy\" decoding=\"async\" class=\"aligncenter size-medium wp-image-63763\" title=\"Alina\" src=\"http:\/\/kulturbloggen.com\/wp-content\/uploads\/2012\/12\/Alina-300x300.jpg\" alt=\"\" width=\"300\" height=\"300\" srcset=\"https:\/\/kulturbloggen.com\/wp-content\/uploads\/2012\/12\/Alina-300x300.jpg 300w, https:\/\/kulturbloggen.com\/wp-content\/uploads\/2012\/12\/Alina-150x150.jpg 150w, https:\/\/kulturbloggen.com\/wp-content\/uploads\/2012\/12\/Alina.jpg 612w\" sizes=\"auto, (max-width: 300px) 100vw, 300px\" \/><\/a><\/p>\n<p>P\u00e5 fredag den 7 december intas Debaser Medis av Alina Devecerski &#8211; vi fick ett f\u00f6rsmak p\u00e5 vad vi har att v\u00e4nta n\u00e4r stj\u00e4rnan bakom l\u00e5tar som\u00a0<em>Flytta p\u00e5 dej<\/em>\u00a0och <em>De e dark nu<\/em> p\u00e5 Spotifys huvudkontor i Stockholm gav en specialkonsert f\u00f6r v\u00e4lg\u00f6renhetsprojektet <a href=\"sistersforeducation.com\">Sisters for Education<\/a> d\u00e4r hon \u00e4r ny ambassad\u00f6r.<\/p>\n<p>&#8211; <em>Jag kom hem fr\u00e5n Senegal f\u00f6r tre veckor sedan<\/em>, ber\u00e4ttar Alina n\u00e4r vi m\u00f6ter upp henne efter spelningen.<\/p>\n<p><strong>Vilka upplevelser tog du med dig hem fr\u00e5n Senegal?<\/strong><\/p>\n<p>Alina: Allt. Jag hade inte varit i Afrika tidigare, s\u00e5 jag fick supa in kulturen och omgivningen. Vi var i en by och bodde i hyddor utan elektricitet, s\u00e5 vi fick chilla med de som bodde d\u00e4r.<\/p>\n<p><strong>Spelade du musik med lokalbefolkningen?<\/strong><\/p>\n<p>Alina: Vi sjung och dansade i varje skola jag bes\u00f6kte &#8211; s\u00e5 fort de har en sekund \u00f6ver s\u00e5 k\u00f6r de &#8211; och jag sjung f\u00f6r dem p\u00e5 svenska.<\/p>\n<p>&#8212;<\/p>\n<p>Hon klev p\u00e5 Spotify-scenen till samma intro som p\u00e5 <em>Maraton<\/em>.<\/p>\n<p>&#8211; <em>Christopher som jag jobbade med p\u00e5 skivan ville g\u00f6ra en l\u00e5t med kazoo. Han sa &#8221;det l\u00e5ter s\u00e5 j\u00e4vla fult, vi borde g\u00f6ra n\u00e5got med det&#8221; men jag t\u00e4nkte bara &#8221;eh&#8230; nej&#8221;. Sedan gjorde han en slinga och i bakgrunden h\u00f6rs ljudet av ett maraton. St\u00e4mningen i introt \u00e4r som ett fotografi, som en stillbild<\/em>.<\/p>\n<p>D\u00e4refter spelade hon titelsp\u00e5ret.<\/p>\n<p>&#8211; <em>Efter att jag hade signat med EMI k\u00e4nde jag mig pepp. Jag t\u00e4nkte &#8221;nu k\u00f6r vi hela v\u00e4gen&#8221; och det var s\u00e5 titeln Maraton kom till. En av l\u00e5tarna heter Maraton och jag t\u00e4nkte &#8221;fan vilken fet intro-l\u00e5t&#8221; s\u00e5 det var naturligt att det skulle vara f\u00f6rsta l\u00e5ten p\u00e5 skivan.<\/em><\/p>\n<p>Andra l\u00e5tar som framf\u00f6rdes var bland annat <em>Vem tog dig hem<\/em>, <em>Jag sv\u00e4r<\/em>, <em>\u00c4rligt talat<\/em>,\u00a0<em>Flytta p\u00e5 dej<\/em> och <em>De e dark nu<\/em>. Hon avslutade spelningen med <em>Krigar precis som du<\/em> &#8211; en av tv\u00e5 l\u00e5tar hon har skrivit ihop med Jocke Berg.<\/p>\n<p>&#8211; <em>Jag har lyssnat skiten ur mig p\u00e5 Kent. Jag kan nog alla deras l\u00e5tar utantill. Att jobba med Jocke Berg var ingenting jag hade f\u00f6rest\u00e4llt mig, men det k\u00e4ndes j\u00e4vligt r\u00e4tt<\/em>.<\/p>\n<p>Hon f\u00f6rs\u00f6ker att inte t\u00e4nka s\u00e5 mycket p\u00e5 fredagens spelning p\u00e5 Debaser Medis som \u00e4r hennes f\u00f6rsta spelning i Stockholm efter albumsl\u00e4ppet.<\/p>\n<p>&#8211; <em>Det \u00e4r sk\u00f6nt att bli \u00f6verraskad. Jag dr\u00f6mmer mardr\u00f6mmar om att det bara kommer tio personer, men jag hoppas att det kommer mycket folk f\u00f6r det kommer bli fett. Det \u00e4r ju s\u00e5 i storst\u00e4der &#8211; det \u00e4r likadant i Malm\u00f6 och G\u00f6teborg &#8211; man kan inte f\u00f6rv\u00e4nta sig n\u00e5gonting<\/em>.<\/p>\n<p><strong>Har du \u00e4ndrat n\u00e5got i dina liveframtr\u00e4danden sedan sommarens festivalspelningar?<\/strong><\/p>\n<p>Alina: Det \u00e4r helt annorlunda. F\u00f6r det f\u00f6rsta har jag fler l\u00e5tar. Sedan har jag med mig fler musiker, annat ljus och andra \u00f6verg\u00e5ngar.<\/p>\n<p>&#8212;<\/p>\n<p>Sisters for Education \u00e4r ett samarbete mellan Always (Procter &amp; Gamble) och UNESCO (FN:s organisation f\u00f6r utbildning, vetenskap och kultur) och syftar till att samla in pengar f\u00f6r att hj\u00e4lpa senegalesiska flickor och kvinnor l\u00e4ra sig grundl\u00e4ggande f\u00e4rdigheter som att l\u00e4sa och skriva. Det \u00f6vergripande m\u00e5let \u00e4r att ge 40.000 flickor och kvinnor en utbildning fram till 2015 och att belysa den viktiga fr\u00e5gan om analfabetism bland flickor i utvecklingsl\u00e4nderna.<\/p>\n<p>Alina blev utvald som ny ambassad\u00f6r f\u00f6r att hon passade perfekt in p\u00e5 Always UNESCOs kriterier. Hon \u00e4r en stark, sj\u00e4lvst\u00e4ndig kvinna med sin egen r\u00f6st och hon k\u00e4nner starkt f\u00f6r att hj\u00e4lpa andra tjejer.<\/p>\n<p><em>Maraton<\/em> finns p\u00e5 Spotify, lyssna h\u00e4r:<\/p>\n<p><iframe loading=\"lazy\" src=\"https:\/\/embed.spotify.com\/?uri=spotify:album:1rh1B8iLdXA1qFgXD7Tlhk\" frameborder=\"0\" width=\"300\" height=\"380\"><\/iframe><\/p>\n","protected":false},"excerpt":{"rendered":"<p>P\u00e5 fredag den 7 december intas Debaser Medis av Alina Devecerski &#8211; vi fick ett f\u00f6rsmak p\u00e5 vad vi har att v\u00e4nta n\u00e4r stj\u00e4rnan bakom l\u00e5tar som\u00a0Flytta p\u00e5 dej\u00a0och De e dark nu p\u00e5 Spotifys huvudkontor i Stockholm gav en specialkonsert f\u00f6r v\u00e4lg\u00f6renhetsprojektet Sisters for Education d\u00e4r hon \u00e4r ny ambassad\u00f6r. &#8211; Jag kom hem [&hellip;]<\/p>\n","protected":false},"author":3,"featured_media":0,"comment_status":"open","ping_status":"open","sticky":false,"template":"","format":"standard","meta":{"_genesis_hide_title":false,"_genesis_hide_breadcrumbs":false,"_genesis_hide_singular_image":false,"_genesis_hide_footer_widgets":false,"_genesis_custom_body_class":"","_genesis_custom_post_class":"","_genesis_layout":"","footnotes":""},"categories":[7],"tags":[7808,1187,7809,8996,9101,5324],"class_list":{"0":"post-63762","1":"post","2":"type-post","3":"status-publish","4":"format-standard","6":"category-musik","7":"tag-alina-devecerski","8":"tag-debaser","9":"tag-flytta-pa-dej","10":"tag-maraton","11":"tag-sisters-for-education","12":"tag-spotify","13":"entry"},"_links":{"self":[{"href":"https:\/\/kulturbloggen.com\/index.php?rest_route=\/wp\/v2\/posts\/63762","targetHints":{"allow":["GET"]}}],"collection":[{"href":"https:\/\/kulturbloggen.com\/index.php?rest_route=\/wp\/v2\/posts"}],"about":[{"href":"https:\/\/kulturbloggen.com\/index.php?rest_route=\/wp\/v2\/types\/post"}],"author":[{"embeddable":true,"href":"https:\/\/kulturbloggen.com\/index.php?rest_route=\/wp\/v2\/users\/3"}],"replies":[{"embeddable":true,"href":"https:\/\/kulturbloggen.com\/index.php?rest_route=%2Fwp%2Fv2%2Fcomments&post=63762"}],"version-history":[{"count":1,"href":"https:\/\/kulturbloggen.com\/index.php?rest_route=\/wp\/v2\/posts\/63762\/revisions"}],"predecessor-version":[{"id":63791,"href":"https:\/\/kulturbloggen.com\/index.php?rest_route=\/wp\/v2\/posts\/63762\/revisions\/63791"}],"wp:attachment":[{"href":"https:\/\/kulturbloggen.com\/index.php?rest_route=%2Fwp%2Fv2%2Fmedia&parent=63762"}],"wp:term":[{"taxonomy":"category","embeddable":true,"href":"https:\/\/kulturbloggen.com\/index.php?rest_route=%2Fwp%2Fv2%2Fcategories&post=63762"},{"taxonomy":"post_tag","embeddable":true,"href":"https:\/\/kulturbloggen.com\/index.php?rest_route=%2Fwp%2Fv2%2Ftags&post=63762"}],"curies":[{"name":"wp","href":"https:\/\/api.w.org\/{rel}","templated":true}]}}