{"id":6370,"date":"2009-01-16T08:15:50","date_gmt":"2009-01-16T07:15:50","guid":{"rendered":"http:\/\/kulturbloggen.com\/?p=6370"},"modified":"2009-01-16T08:15:50","modified_gmt":"2009-01-16T07:15:50","slug":"och-medierna-springer-snallt-efter-som-megafoner","status":"publish","type":"post","link":"https:\/\/kulturbloggen.com\/?p=6370","title":{"rendered":"Och medierna springer sn\u00e4llt efter som megafoner"},"content":{"rendered":"<p>Arbetsl\u00f6sa som inte s\u00f6ker jobb, Bush tar avsked och Hamas vill \u00e4ntligen ha vapenvila. Det \u00e4r de tre nyheter jag noterade i morgonens nyhetsrunda. Arbetsf\u00f6rmedlingen ska ha gjort stickprovskontrolelr p\u00e5 arbetsl\u00f6sa och kommer fram till att en fj\u00e4rdedel inte s\u00f6ker jobb. Hmm, vill regeringen s\u00e4nka a-kassan \u00e4nnu mer? \u00c4r det d\u00e4rf\u00f6r Arbetsf\u00f6rmedlingen g\u00e5r ut med s\u00e5dan desinformation nu? Och medierna springer sn\u00e4llt efter som megafoner?<br \/>\n<!--more--><br \/>\n<a href=\" http:\/\/www.dn.se\/DNet\/jsp\/polopoly.jsp?d=147&#038;a=874252\">Ur Dagens Nyheter<\/a>:<\/p>\n<blockquote><p>Mellan 20 och 25 procent av de kontrollerade s\u00f6kte inte det jobb de p\u00e5stod sig ha s\u00f6kt. Kontrollerna som gjordes sista kvartalet f\u00f6rra \u00e5ret bekr\u00e4ftar en forskningsrapport fr\u00e5n i v\u00e5ras, som kom fram till att 25 procent av dem som uppger att de s\u00f6kt jobb inte har gjort det.<\/p><\/blockquote>\n<p>Nu ropas det p\u00e5 \u00e4nnu mer kontroller av de som f\u00e5r a-kassa. Okey, \u00e4r bara det att fler kontroller skapar inte fler jobb. Mer \u00e4n att en och annan kontroll\u00f6r kan f\u00e5 anst\u00e4llning f\u00f6rst\u00e5s. Satsa skattepengar p\u00e5 att bygga v\u00e4gar, p\u00e5 sjukhus, p\u00e5 skolor, p\u00e5 \u00e4ldreomsorg &#8211; d\u00e5 skapas det ju jobb. Satsa pengar p\u00e5 utbildningar och kurser s\u00e5 m\u00e4nniskor f\u00e5r \u00f6ka sin kompetens s\u00e5 de kan f\u00e5 jobb.<\/p>\n<p>F\u00f6r v\u00e4rlden b\u00f6rjar nedr\u00e4kningen p\u00e5 fullt allvar. Nu har president Bush haft sitt avskedstal till nationen. Snart ska Obama tr\u00e4da in i sin f\u00f6rmodligen om\u00f6jliga roll: att <a href=\"http:\/\/www.svd.se\/nyheter\/utrikes\/artikel_2327777.svd\">infria alla f\u00f6rv\u00e4ntningar<\/a> p\u00e5 en ny v\u00e4rld.<\/p>\n<blockquote><p>\nBarack Obama \u00e4rver tv\u00e5 krig och en katastrofekonomi, men f\u00f6rv\u00e4ntas \u00e4nd\u00e5 utf\u00f6ra stord\u00e5d. Fr\u00e5gan \u00e4r om han lyckas tackla utmaningen.<br \/>\n\u2013 Han m\u00e5ste bed\u00f6ma riskerna med att gapa efter mycket mot att underprestera, <a href=\"http:\/\/www.svd.se\/nyheter\/utrikes\/artikel_2327777.svd\">s\u00e4ger USA-experten Kerstin Bergl\u00f6f till SvD.se<\/a>.<\/p><\/blockquote>\n<blockquote><p>\u2013 Det b\u00e4sta som h\u00e4nt under min tid i Vita huset \u00e4r att inga terrorattacker \u00e4gt rum p\u00e5 amerikansk mark sedan 11 september 2001, sa han under sitt allra sista tal till nationen. (<a href=\"http:\/\/www.aftonbladet.se\/nyheter\/article4193575.ab\">citat fr\u00e5n Aftonbladet<\/a>)<\/p><\/blockquote>\n<p>Det \u00e4r ju ett sett att se det p\u00e5. <\/p>\n<p>Mellan\u00f6stern-konflikten \u00e4r en sorgligt, infekterad konflikt som verkat ol\u00f6slig. Nu har <a href=\"http:\/\/www.aftonbladet.se\/nyheter\/article4193832.ab\">ett litet ljus av hopp t\u00e4nts<\/a>:<\/p>\n<blockquote><p>Hamas avsl\u00f6jade i morse att man erbjudit Israel en ett\u00e5rig vapenvila under samtalen med medlare i Egypten. Uppgiften bekr\u00e4ftades senare av Frankrikes utrikesminister och Mellan\u00f6sterns\u00e4ndebudet Tony Blair.<br \/>\nI g\u00e5r d\u00f6dades Hamas inrikesminister.<\/p><\/blockquote>\n<p>Nu m\u00e5ste Israel visa sig vara en vuxen nation och g\u00e5 med p\u00e5 vapenvila.<\/p>\n<p>Det k\u00e4nns som om det finns lite hopp i v\u00e4rlden \u00e4nd\u00e5. I alla fall utanf\u00f6r Sverige. H\u00e4r verkar det vara en intensifierad jakt p\u00e5 de arbetsl\u00f6sa som ska startas, ist\u00e4llet f\u00f6r att h\u00f6gerregeringen tar beslut som s\u00e4tter stenen i rullning f\u00f6r att skapa fler jobb ska arbetsl\u00f6sa kontrolleras mer. Eller varf\u00f6r g\u00e5r arbetsf\u00f6rmedlingen ut med den unders\u00f6kningen nu? \u00c4r det inte b\u00e4ttre att anv\u00e4nda energin till att skapa jobb eller rusta folk s\u00e5 de kan hitta jobb och kan f\u00e5 jobb. <\/p>\n<p>Relaterat:<br \/>\n<a href=\"http:\/\/www.svd.se\/ego\/mainColumn2_s185\/http:\/\/www.svd.se\/nyheter\/inrikes\/artikel_2330787.svd\">Svenska Dagbladet<\/a>, <a href=\"http:\/\/www.dn.se\/DNet\/jsp\/polopoly.jsp?d=3561&#038;a=874241\">DN 1<\/a>, <a href=\"http:\/\/www.dn.se\/DNet\/jsp\/polopoly.jsp?d=3561&#038;a=873998\">DN 2<\/a> och <a href=\"http:\/\/www.dn.se\/DNet\/jsp\/polopoly.jsp?d=3561&#038;a=874181\">DN 3<\/a>.<\/p>\n<p>Andra bloggar om: <a href=\"http:\/\/bloggar.se\/om\/arbetsmarknad\" rel=\"tag\">arbetsmarknad<\/a>, <a href=\"http:\/\/bloggar.se\/om\/politik\" rel=\"tag\">politik<\/a>, <a href=\"http:\/\/bloggar.se\/om\/a-kassa\" rel=\"tag\">a-kassa<\/a>, <a href=\"http:\/\/bloggar.se\/om\/Bush\" rel=\"tag\">Bush<\/a>, <a href=\"http:\/\/bloggar.se\/om\/Obama\" rel=\"tag\">Obama<\/a>, <a href=\"http:\/\/bloggar.se\/om\/Hamas\" rel=\"tag\">Hamas<\/a>, <a href=\"http:\/\/bloggar.se\/om\/vapenvila\" rel=\"tag\">vapenvila<\/a><\/p>\n","protected":false},"excerpt":{"rendered":"<p>Arbetsl\u00f6sa som inte s\u00f6ker jobb, Bush tar avsked och Hamas vill \u00e4ntligen ha vapenvila. Det \u00e4r de tre nyheter jag noterade i morgonens nyhetsrunda. Arbetsf\u00f6rmedlingen ska ha gjort stickprovskontrolelr p\u00e5 arbetsl\u00f6sa och kommer fram till att en fj\u00e4rdedel inte s\u00f6ker jobb. Hmm, vill regeringen s\u00e4nka a-kassan \u00e4nnu mer? \u00c4r det d\u00e4rf\u00f6r Arbetsf\u00f6rmedlingen g\u00e5r ut med [&hellip;]<\/p>\n","protected":false},"author":2,"featured_media":0,"comment_status":"open","ping_status":"open","sticky":false,"template":"","format":"standard","meta":{"_genesis_hide_title":false,"_genesis_hide_breadcrumbs":false,"_genesis_hide_singular_image":false,"_genesis_hide_footer_widgets":false,"_genesis_custom_body_class":"","_genesis_custom_post_class":"","_genesis_layout":"","footnotes":""},"categories":[44],"tags":[381,12284],"class_list":{"0":"post-6370","1":"post","2":"type-post","3":"status-publish","4":"format-standard","6":"category-chadie","7":"tag-arbetsmarknad","8":"tag-politik","9":"entry"},"_links":{"self":[{"href":"https:\/\/kulturbloggen.com\/index.php?rest_route=\/wp\/v2\/posts\/6370","targetHints":{"allow":["GET"]}}],"collection":[{"href":"https:\/\/kulturbloggen.com\/index.php?rest_route=\/wp\/v2\/posts"}],"about":[{"href":"https:\/\/kulturbloggen.com\/index.php?rest_route=\/wp\/v2\/types\/post"}],"author":[{"embeddable":true,"href":"https:\/\/kulturbloggen.com\/index.php?rest_route=\/wp\/v2\/users\/2"}],"replies":[{"embeddable":true,"href":"https:\/\/kulturbloggen.com\/index.php?rest_route=%2Fwp%2Fv2%2Fcomments&post=6370"}],"version-history":[{"count":0,"href":"https:\/\/kulturbloggen.com\/index.php?rest_route=\/wp\/v2\/posts\/6370\/revisions"}],"wp:attachment":[{"href":"https:\/\/kulturbloggen.com\/index.php?rest_route=%2Fwp%2Fv2%2Fmedia&parent=6370"}],"wp:term":[{"taxonomy":"category","embeddable":true,"href":"https:\/\/kulturbloggen.com\/index.php?rest_route=%2Fwp%2Fv2%2Fcategories&post=6370"},{"taxonomy":"post_tag","embeddable":true,"href":"https:\/\/kulturbloggen.com\/index.php?rest_route=%2Fwp%2Fv2%2Ftags&post=6370"}],"curies":[{"name":"wp","href":"https:\/\/api.w.org\/{rel}","templated":true}]}}