{"id":63612,"date":"2012-12-03T16:03:47","date_gmt":"2012-12-03T14:03:47","guid":{"rendered":"http:\/\/kulturbloggen.com\/?p=63612"},"modified":"2012-12-03T16:03:47","modified_gmt":"2012-12-03T14:03:47","slug":"har-ar-finalisterna-i-nordic-music-prize","status":"publish","type":"post","link":"https:\/\/kulturbloggen.com\/?p=63612","title":{"rendered":"H\u00e4r \u00e4r finalisterna i Nordic Music Prize"},"content":{"rendered":"<p><a href=\"http:\/\/kulturbloggen.com\/wp-content\/uploads\/2012\/12\/nordic.jpg\"><img loading=\"lazy\" decoding=\"async\" class=\"aligncenter size-medium wp-image-63613\" title=\"nordic\" src=\"http:\/\/kulturbloggen.com\/wp-content\/uploads\/2012\/12\/nordic-257x300.jpg\" alt=\"\" width=\"257\" height=\"300\" srcset=\"https:\/\/kulturbloggen.com\/wp-content\/uploads\/2012\/12\/nordic-257x300.jpg 257w, https:\/\/kulturbloggen.com\/wp-content\/uploads\/2012\/12\/nordic.jpg 800w\" sizes=\"auto, (max-width: 257px) 100vw, 257px\" \/><\/a><\/p>\n<p>F\u00f6r tredje \u00e5ret i rad delas <strong>Nordic Music Prize<\/strong> ut f\u00f6r b\u00e4sta nordiska album.\u00a0Vem som kammar hem priset kommer att presenteras i samband med by:Larm i Oslo den <strong>14 februari 2013<\/strong>. Vinnaren utses av en jury best\u00e5ende av Andres Lokko (journalist), Laurence Bell (Domino Records), Jeannette Lee (Rough Trade), Mike Pickering (Columbia Records) och Jonathan Galkin (DFA Records)<\/p>\n<p><strong>H\u00e4r \u00e4r de tolv finalisterna:<\/strong><\/p>\n<p>Anna von Hausswolff &#8211; Ceremony<br \/>\n\u00c1sgeir Trausti &#8211; D\u00fdr\u00f0 \u00ed dau\u00f0a\u00fe\u00f6gn<br \/>\nChoir of Young Believers &#8211; Rhine Gold<br \/>\nFirst Aid Kit &#8211; The Lion&#8217;s Roar<br \/>\nKerkko Koskinen Kollektiivi &#8211; Kerkko Koskinen Kollektiivi<br \/>\nLindstr\u00f8m &#8211; Smalhans<br \/>\nNeneh Cherry &amp; The Thing &#8211; The Cherry Thing<br \/>\nP\u00e4\u00e4 kii &#8211; P\u00e4\u00e4 kii<br \/>\nRetro Stefson &#8211; Retro Stefson<br \/>\nSelvhenter &#8211; Frk. B. Fricka<br \/>\nSusanne Sundf\u00f8r &#8211; The Silicone Veil<br \/>\nT\u00f8nes &#8211; S\u00e5n av Salve<\/p>\n<p><iframe loading=\"lazy\" src=\"http:\/\/www.youtube.com\/embed\/PC57z-oDPLs\" frameborder=\"0\" width=\"640\" height=\"360\"><\/iframe><\/p>\n","protected":false},"excerpt":{"rendered":"<p>F\u00f6r tredje \u00e5ret i rad delas Nordic Music Prize ut f\u00f6r b\u00e4sta nordiska album.\u00a0Vem som kammar hem priset kommer att presenteras i samband med by:Larm i Oslo den 14 februari 2013. Vinnaren utses av en jury best\u00e5ende av Andres Lokko (journalist), Laurence Bell (Domino Records), Jeannette Lee (Rough Trade), Mike Pickering (Columbia Records) och Jonathan [&hellip;]<\/p>\n","protected":false},"author":3,"featured_media":0,"comment_status":"open","ping_status":"open","sticky":false,"template":"","format":"standard","meta":{"_genesis_hide_title":false,"_genesis_hide_breadcrumbs":false,"_genesis_hide_singular_image":false,"_genesis_hide_footer_widgets":false,"_genesis_custom_body_class":"","_genesis_custom_post_class":"","_genesis_layout":"","footnotes":""},"categories":[7],"tags":[316,1763,4028],"class_list":{"0":"post-63612","1":"post","2":"type-post","3":"status-publish","4":"format-standard","6":"category-musik","7":"tag-anna-von-hausswolff","8":"tag-first-aid-kit","9":"tag-nordic-music-prize","10":"entry"},"_links":{"self":[{"href":"https:\/\/kulturbloggen.com\/index.php?rest_route=\/wp\/v2\/posts\/63612","targetHints":{"allow":["GET"]}}],"collection":[{"href":"https:\/\/kulturbloggen.com\/index.php?rest_route=\/wp\/v2\/posts"}],"about":[{"href":"https:\/\/kulturbloggen.com\/index.php?rest_route=\/wp\/v2\/types\/post"}],"author":[{"embeddable":true,"href":"https:\/\/kulturbloggen.com\/index.php?rest_route=\/wp\/v2\/users\/3"}],"replies":[{"embeddable":true,"href":"https:\/\/kulturbloggen.com\/index.php?rest_route=%2Fwp%2Fv2%2Fcomments&post=63612"}],"version-history":[{"count":1,"href":"https:\/\/kulturbloggen.com\/index.php?rest_route=\/wp\/v2\/posts\/63612\/revisions"}],"predecessor-version":[{"id":63614,"href":"https:\/\/kulturbloggen.com\/index.php?rest_route=\/wp\/v2\/posts\/63612\/revisions\/63614"}],"wp:attachment":[{"href":"https:\/\/kulturbloggen.com\/index.php?rest_route=%2Fwp%2Fv2%2Fmedia&parent=63612"}],"wp:term":[{"taxonomy":"category","embeddable":true,"href":"https:\/\/kulturbloggen.com\/index.php?rest_route=%2Fwp%2Fv2%2Fcategories&post=63612"},{"taxonomy":"post_tag","embeddable":true,"href":"https:\/\/kulturbloggen.com\/index.php?rest_route=%2Fwp%2Fv2%2Ftags&post=63612"}],"curies":[{"name":"wp","href":"https:\/\/api.w.org\/{rel}","templated":true}]}}