{"id":636,"date":"2008-07-18T10:55:52","date_gmt":"2008-07-18T10:55:52","guid":{"rendered":"http:\/\/kulturbloggen.com\/?p=636"},"modified":"2008-07-18T10:55:52","modified_gmt":"2008-07-18T10:55:52","slug":"stockholm-jazz-dag-2-christian-kjellvander-marit-bergman-och-soundtrack-of-our-lives","status":"publish","type":"post","link":"https:\/\/kulturbloggen.com\/?p=636","title":{"rendered":"Stockholm Jazz, dag 2: Christian Kjellvander, Marit Bergman och Soundtrack Of Our Lives"},"content":{"rendered":"<p><a href='http:\/\/sodergren.com\/kulturbloggen\/wp-content\/uploads\/2008\/07\/kjellvander3001.jpg'><img loading=\"lazy\" decoding=\"async\" src=\"http:\/\/sodergren.com\/kulturbloggen\/wp-content\/uploads\/2008\/07\/kjellvander3001.jpg\" alt=\"\" title=\"kjellvander3001\" width=\"300\" height=\"178\" class=\"alignright size-full wp-image-637\" \/><\/a>F\u00f6rst en singer\/songwriter av typen countryrockballad med mycket st\u00e4nk av vemod och melankoli, sedan en popartist med piano och fyra str\u00e5kar och sedan ett nutida svar p\u00e5 sextiotalets psykodeliska gitarrbaserad rock och till avslutning ett hiphopreggaeband. Undrar egentligen vad fundamentalistiska jazzdiggare t\u00e4nker om Stockholms jazzfestival?<\/p>\n<p>Men f\u00f6r en all\u00e4tare inom musik var det ett grymt bra program p\u00e5 Skeppsholmens stora scen under dag 2 p\u00e5 Stockholm Jazz.<\/p>\n<p>F\u00f6rst ut p\u00e5 Stora scenen var Christian Kjellvander, som f\u00f6rresten nyligen var f\u00f6rband \u00e5t Leonard Cohen. Under soundcheck f\u00f6re Kjellvanders spelning b\u00f6rjade regnet \u00f6sa ner. Men, faktiskt, lagom till n\u00e4r spelningen b\u00f6rjade motade en bl\u00e5 bit av himlen och solen bort de gr\u00e5 regnmolnen.<\/p>\n<p>Kjellvander var en bra start p\u00e5 festivaldagen: han blandade sina vemodiga ballader med n\u00e5gra mer fartfyllda s\u00e5nger. <a href=\"http:\/\/kulturbloggen.com\/?p=253\">H\u00e4r \u00e4r en intervju jag gjorde med honom<\/a> f\u00f6r ett tag sedan, n\u00e4r han var f\u00f6rband \u00e5t Leonard Cohen.<\/p>\n<p>Hur otroligt det \u00e4n l\u00e5ter, efter Kjellvanders spelning kom regnet tillbaka och det f\u00f6rsvann n\u00e4r n\u00e4sta artist, Marit Bergman, b\u00f6rjade sin spelning. (Och faktiskt: det regnade igen efter hennes spelning, men slutade till bandet d\u00e4refter.)<\/p>\n<p>Marit Bergman st\u00e4llde upp med en specialupps\u00e4ttning f\u00f6r jazzfestivalen. Hon sj\u00e4lv satt bakom en stor flygel och sedan hade hon fyra str\u00e5kar med sig, det var allt.<\/p>\n<p>Det blev en stor spelning. Marits naturliga kontakt med publiken med sin sk\u00f6na torra humor och str\u00e5karna som pricken \u00f6ver i:et. Jag tror egentligen att Marit skulle kunna sitta sj\u00e4lv vid ett piano och kunna f\u00e5nga uppm\u00e4rksamheten hos en stor publik. Ingen ont om str\u00e5karna, tv\u00e4rtom: det blev en j\u00e4ttesk\u00f6n spelning och fantasiskt vad mycket musik som kan g\u00f6ras med str\u00e5kar.<\/p>\n<p>Marit Bergman \u00e4r f\u00f6rresten den artist som startat en prenumerationstj\u00e4nst p\u00e5 sin hemsida, d\u00e4r man kan prenumerera p\u00e5 hennes l\u00e5tar. Hon skriver en ny i m\u00e5naden som den som prenumererar f\u00e5r digitalt.<\/p>\n<p><a href='http:\/\/sodergren.com\/kulturbloggen\/wp-content\/uploads\/2008\/07\/redgitarr300.jpg'><img loading=\"lazy\" decoding=\"async\" src=\"http:\/\/sodergren.com\/kulturbloggen\/wp-content\/uploads\/2008\/07\/redgitarr300.jpg\" alt=\"\" title=\"redgitarr300\" width=\"300\" height=\"168\" class=\"alignright size-full wp-image-633\" \/><\/a>Efter tv\u00e5 mer lugna, poppiga spelningar var det dags f\u00f6r psykedelisk rock av 60-talsstuk med vilt rockande Ebbot med Sountrack of our lives.<\/p>\n<p>S\u00e4llan kan du se en publik med m\u00e4nniskor i s\u00e5 olika \u00e5ldrar som rockar loss och dansar med i \u00f6set. Soundtrack of our lives \u00e4r n\u00e4stan f\u00f6r bra f\u00f6r att vara svenskar.<\/p>\n<p>D\u00e4remot var det n\u00e5got konstigt med inst\u00e4llningen av ljudet. F\u00f6rsta halvan av konserten stod jag l\u00e4ngst fram &#8211; och d\u00e5 l\u00e4t det br\u00f6tigt ur mikrofonen som Ebbot sj\u00f6ng och spelade munspel i. Munspelet h\u00f6rdes inte alls, bitvis, i den l\u00e5t d\u00e5 han spelade munspel. Det var en h\u00f6jdare av andra sk\u00e4l att st\u00e5 l\u00e5ngt fram, f\u00f6r Ebbot och gitarristen i r\u00f6tt i synnerhet, bjuder p\u00e5 stor show n\u00e4r de upptr\u00e4der. Ebbot i sin kaftan som g\u00f6r att han ser ut som en \u00f6verstepr\u00e4st f\u00f6r den \u00e4kta rocken och r\u00f6dkl\u00e4dde gitarristen med sina karatesparkar och h\u00e5ret som viftar och sl\u00e4nger helvilt.<\/p>\n<p><a href='http:\/\/sodergren.com\/kulturbloggen\/wp-content\/uploads\/2008\/07\/ebbot300.jpg'><img loading=\"lazy\" decoding=\"async\" src=\"http:\/\/sodergren.com\/kulturbloggen\/wp-content\/uploads\/2008\/07\/ebbot300.jpg\" alt=\"\" title=\"ebbot300\" width=\"300\" height=\"205\" class=\"alignright size-full wp-image-634\" \/><\/a>N\u00e4r jag till de sista l\u00e5tarna extranumren, gick l\u00e4ngre bak, d\u00e5 var ljudkvaliteten b\u00e4ttre. Om det beror p\u00e5 att ljudteknikern fixat ljudet eller om det var inst\u00e4llt f\u00f6r att l\u00e5ta b\u00e4ttre l\u00e4ngre bak, kan jag inte avg\u00f6ra.<\/p>\n<p>N\u00e4sta grupp som skulle spela p\u00e5 stora scenen var Looptropp Rockers. S\u00e4kert ocks\u00e5 en bra spelning, men jag har l\u00e5ng v\u00e4g hem och best\u00e4mde mig f\u00f6r att s\u00e4tta punkt f\u00f6r kv\u00e4llen efter den otroligt energigivande kicken att se The Soundtrack Of Our Lives &#8211; live.<\/p>\n<p><a href=\"http:\/\/coolamorsan.blogspot.com\/2008\/07\/jazzfestivalen-efter-regn-kommer-sol.html\">En annan bloggare som var d\u00e4r: Coola morsan.<\/a><\/p>\n<p><a href=\"http:\/\/www.aftonbladet.se\/nojesliv\/festivalsommar2008\/article2924242.ab\">Aftonbladets recensent t\u00e4nde dock inte p\u00e5 TSOOL<\/a>. Surpuppa, s\u00e4ger jag. <a href=\"http:\/\/www.aftonbladet.se\/nojesliv\/festivalsommar2008\/article2924241.ab\">Marit Bergman d\u00e4remot fick h\u00f6gt betyg av AB.<\/a><\/p>\n<p>H\u00e4r \u00e4r n\u00e5gra filmklipp fr\u00e5n spelningarna med Christian Kjellvander, Marit Bergman och The Soundtrack Of Our Lives:<\/p>\n<p><object width=\"425\" height=\"344\"><param name=\"movie\" value=\"http:\/\/www.youtube.com\/v\/BWLj1iB9tqk&#038;hl=en&#038;fs=1\"><\/param><param name=\"allowFullScreen\" value=\"true\"><\/param><embed src=\"http:\/\/www.youtube.com\/v\/BWLj1iB9tqk&#038;hl=en&#038;fs=1\" type=\"application\/x-shockwave-flash\" allowfullscreen=\"true\" width=\"425\" height=\"344\"><\/embed><\/object><\/p>\n<p><object width=\"425\" height=\"344\"><param name=\"movie\" value=\"http:\/\/www.youtube.com\/v\/lAZWuRlfN4c&#038;hl=en&#038;fs=1\"><\/param><param name=\"allowFullScreen\" value=\"true\"><\/param><embed src=\"http:\/\/www.youtube.com\/v\/lAZWuRlfN4c&#038;hl=en&#038;fs=1\" type=\"application\/x-shockwave-flash\" allowfullscreen=\"true\" width=\"425\" height=\"344\"><\/embed><\/object><\/p>\n<p><object width=\"425\" height=\"344\"><param name=\"movie\" value=\"http:\/\/www.youtube.com\/v\/Y_bKbv0ydGk&#038;hl=en&#038;fs=1\"><\/param><param name=\"allowFullScreen\" value=\"true\"><\/param><embed src=\"http:\/\/www.youtube.com\/v\/Y_bKbv0ydGk&#038;hl=en&#038;fs=1\" type=\"application\/x-shockwave-flash\" allowfullscreen=\"true\" width=\"425\" height=\"344\"><\/embed><\/object><\/p>\n<p><a href=\"http:\/\/www.svd.se\/kulturnoje\/nyheter\/artikel_1467475.svd\">SVD fr\u00e5n f\u00f6rsta kv\u00e4llen.<\/a><br \/>\n<a href=\"http:\/\/www.dn.se\/DNet\/jsp\/polopoly.jsp?d=2198&#038;a=806001\">DN om andra kv\u00e4llen.<\/a><\/p>\n<p>Andra bloggar om: <a href=\"http:\/\/bloggar.se\/om\/Stockholm\" rel=\"tag\">Stockholm<\/a>, <a href=\"http:\/\/bloggar.se\/om\/jazz\" rel=\"tag\">jazz<\/a>, <a href=\"http:\/\/bloggar.se\/om\/rock\" rel=\"tag\">rock<\/a>, <a href=\"http:\/\/bloggar.se\/om\/Kjellvander\" rel=\"tag\">Kjellvander<\/a>, <a href=\"http:\/\/bloggar.se\/om\/Marit+Bergman\" rel=\"tag\">Marit Bergman<\/a>, <a href=\"http:\/\/bloggar.se\/om\/Soundtrack+of+our+lives\" rel=\"tag\">Soundtrack of our lives<\/a>, <a href=\"http:\/\/bloggar.se\/om\/Ebbot\" rel=\"tag\">Ebbot<\/a>, <a href=\"http:\/\/bloggar.se\/om\/konsert\" rel=\"tag\">konsert<\/a>, <a href=\"http:\/\/bloggar.se\/om\/video\" rel=\"tag\">video<\/a><\/p>\n","protected":false},"excerpt":{"rendered":"<p>F\u00f6rst en singer\/songwriter av typen countryrockballad med mycket st\u00e4nk av vemod och melankoli, sedan en popartist med piano och fyra str\u00e5kar och sedan ett nutida svar p\u00e5 sextiotalets psykodeliska gitarrbaserad rock och till avslutning ett hiphopreggaeband. Undrar egentligen vad fundamentalistiska jazzdiggare t\u00e4nker om Stockholms jazzfestival? Men f\u00f6r en all\u00e4tare inom musik var det ett grymt [&hellip;]<\/p>\n","protected":false},"author":2,"featured_media":0,"comment_status":"open","ping_status":"open","sticky":false,"template":"","format":"standard","meta":{"_genesis_hide_title":false,"_genesis_hide_breadcrumbs":false,"_genesis_hide_singular_image":false,"_genesis_hide_footer_widgets":false,"_genesis_custom_body_class":"","_genesis_custom_post_class":"","_genesis_layout":"","footnotes":""},"categories":[7,16],"tags":[2632,4792,5400,6230],"class_list":{"0":"post-636","1":"post","2":"type-post","3":"status-publish","4":"format-standard","6":"category-musik","7":"category-recension","8":"tag-jazz","9":"tag-rock","10":"tag-stockholm","11":"tag-video","12":"entry"},"_links":{"self":[{"href":"https:\/\/kulturbloggen.com\/index.php?rest_route=\/wp\/v2\/posts\/636","targetHints":{"allow":["GET"]}}],"collection":[{"href":"https:\/\/kulturbloggen.com\/index.php?rest_route=\/wp\/v2\/posts"}],"about":[{"href":"https:\/\/kulturbloggen.com\/index.php?rest_route=\/wp\/v2\/types\/post"}],"author":[{"embeddable":true,"href":"https:\/\/kulturbloggen.com\/index.php?rest_route=\/wp\/v2\/users\/2"}],"replies":[{"embeddable":true,"href":"https:\/\/kulturbloggen.com\/index.php?rest_route=%2Fwp%2Fv2%2Fcomments&post=636"}],"version-history":[{"count":0,"href":"https:\/\/kulturbloggen.com\/index.php?rest_route=\/wp\/v2\/posts\/636\/revisions"}],"wp:attachment":[{"href":"https:\/\/kulturbloggen.com\/index.php?rest_route=%2Fwp%2Fv2%2Fmedia&parent=636"}],"wp:term":[{"taxonomy":"category","embeddable":true,"href":"https:\/\/kulturbloggen.com\/index.php?rest_route=%2Fwp%2Fv2%2Fcategories&post=636"},{"taxonomy":"post_tag","embeddable":true,"href":"https:\/\/kulturbloggen.com\/index.php?rest_route=%2Fwp%2Fv2%2Ftags&post=636"}],"curies":[{"name":"wp","href":"https:\/\/api.w.org\/{rel}","templated":true}]}}