{"id":63555,"date":"2012-12-02T16:34:35","date_gmt":"2012-12-02T14:34:35","guid":{"rendered":"http:\/\/kulturbloggen.com\/?p=63555"},"modified":"2012-12-02T16:37:38","modified_gmt":"2012-12-02T14:37:38","slug":"the-killers-slapper-jullat-for-sjunde-aret-i-rad","status":"publish","type":"post","link":"https:\/\/kulturbloggen.com\/?p=63555","title":{"rendered":"The Killers sl\u00e4pper jull\u00e5t &#8211; f\u00f6r sjunde \u00e5ret i rad"},"content":{"rendered":"<p><a href=\"http:\/\/kulturbloggen.com\/wp-content\/uploads\/2012\/12\/killers.jpg\"><img loading=\"lazy\" decoding=\"async\" class=\"aligncenter size-medium wp-image-63556\" title=\"killers\" src=\"http:\/\/kulturbloggen.com\/wp-content\/uploads\/2012\/12\/killers-242x300.jpg\" alt=\"\" width=\"242\" height=\"300\" srcset=\"https:\/\/kulturbloggen.com\/wp-content\/uploads\/2012\/12\/killers-242x300.jpg 242w, https:\/\/kulturbloggen.com\/wp-content\/uploads\/2012\/12\/killers.jpg 306w\" sizes=\"auto, (max-width: 242px) 100vw, 242px\" \/><\/a><\/p>\n<p>Det har blivit n\u00e5got av en tradition &#8211; f\u00f6r sjunde \u00e5ret i rad sl\u00e4pper Las Vegas-bandet The Killers en jull\u00e5t. 2012 \u00e5rs l\u00e5t heter\u00a0<em>I Feel It in My Bones<\/em> och g\u00e5r att lyssna p\u00e5 genom att klicka\u00a0<a href=\"http:\/\/www.rollingstone.com\/music\/news\/the-killers-rock-for-charity-on-i-feel-it-in-my-bones-premiere-20121201\">h\u00e4r<\/a> (via Rolling Stone).<\/p>\n<p>Den 4 december kommer l\u00e5ten upp p\u00e5 iTunes och alla int\u00e4kter g\u00e5r till (RED).<\/p>\n<p>S\u00e5 h\u00e4r st\u00e5r det p\u00e5 Rolling Stones hemsida:<\/p>\n<blockquote><p><em>The Killers don&#8217;t know the meaning of downtime. On a day off during their U.K. tour, the Vegas rockers recorded &#8221;I Feel It in My Bones&#8221; featuring Ryan Pardey on vocals. It&#8217;s a smoky fist-pumper straight out of an 1980s alleyway, and a sequel to their 2007 track &#8221;Don&#8217;t Shoot Me, Santa.&#8221; You can preview the song today in honor of World AIDS Day.<\/em><\/p><\/blockquote>\n","protected":false},"excerpt":{"rendered":"<p>Det har blivit n\u00e5got av en tradition &#8211; f\u00f6r sjunde \u00e5ret i rad sl\u00e4pper Las Vegas-bandet The Killers en jull\u00e5t. 2012 \u00e5rs l\u00e5t heter\u00a0I Feel It in My Bones och g\u00e5r att lyssna p\u00e5 genom att klicka\u00a0h\u00e4r (via Rolling Stone). Den 4 december kommer l\u00e5ten upp p\u00e5 iTunes och alla int\u00e4kter g\u00e5r till (RED). S\u00e5 [&hellip;]<\/p>\n","protected":false},"author":3,"featured_media":0,"comment_status":"open","ping_status":"open","sticky":false,"template":"","format":"standard","meta":{"_genesis_hide_title":false,"_genesis_hide_breadcrumbs":false,"_genesis_hide_singular_image":false,"_genesis_hide_footer_widgets":false,"_genesis_custom_body_class":"","_genesis_custom_post_class":"","_genesis_layout":"","footnotes":""},"categories":[7],"tags":[9073,9072,5765],"class_list":{"0":"post-63555","1":"post","2":"type-post","3":"status-publish","4":"format-standard","6":"category-musik","7":"tag-i-feel-it-in-my-bones","8":"tag-jullat","9":"tag-the-killers","10":"entry"},"_links":{"self":[{"href":"https:\/\/kulturbloggen.com\/index.php?rest_route=\/wp\/v2\/posts\/63555","targetHints":{"allow":["GET"]}}],"collection":[{"href":"https:\/\/kulturbloggen.com\/index.php?rest_route=\/wp\/v2\/posts"}],"about":[{"href":"https:\/\/kulturbloggen.com\/index.php?rest_route=\/wp\/v2\/types\/post"}],"author":[{"embeddable":true,"href":"https:\/\/kulturbloggen.com\/index.php?rest_route=\/wp\/v2\/users\/3"}],"replies":[{"embeddable":true,"href":"https:\/\/kulturbloggen.com\/index.php?rest_route=%2Fwp%2Fv2%2Fcomments&post=63555"}],"version-history":[{"count":3,"href":"https:\/\/kulturbloggen.com\/index.php?rest_route=\/wp\/v2\/posts\/63555\/revisions"}],"predecessor-version":[{"id":63558,"href":"https:\/\/kulturbloggen.com\/index.php?rest_route=\/wp\/v2\/posts\/63555\/revisions\/63558"}],"wp:attachment":[{"href":"https:\/\/kulturbloggen.com\/index.php?rest_route=%2Fwp%2Fv2%2Fmedia&parent=63555"}],"wp:term":[{"taxonomy":"category","embeddable":true,"href":"https:\/\/kulturbloggen.com\/index.php?rest_route=%2Fwp%2Fv2%2Fcategories&post=63555"},{"taxonomy":"post_tag","embeddable":true,"href":"https:\/\/kulturbloggen.com\/index.php?rest_route=%2Fwp%2Fv2%2Ftags&post=63555"}],"curies":[{"name":"wp","href":"https:\/\/api.w.org\/{rel}","templated":true}]}}