{"id":63127,"date":"2012-11-23T13:52:33","date_gmt":"2012-11-23T11:52:33","guid":{"rendered":"http:\/\/kulturbloggen.com\/?p=63127"},"modified":"2012-11-23T22:09:04","modified_gmt":"2012-11-23T20:09:04","slug":"semiramis-en-stor-belcantoupplevelse-pa-den-kongelige-opera-i-kopenhamn","status":"publish","type":"post","link":"https:\/\/kulturbloggen.com\/?p=63127","title":{"rendered":"Semiramis en stor belcantoupplevelse p\u00e5 Den Kongelige Opera i K\u00f6penhamn"},"content":{"rendered":"<p>&nbsp;<\/p>\n<p><a href=\"http:\/\/kulturbloggen.com\/wp-content\/uploads\/2012\/11\/6937-b2s11a_mg_6808.png\"><img loading=\"lazy\" decoding=\"async\" class=\"aligncenter size-full wp-image-63129\" src=\"http:\/\/kulturbloggen.com\/wp-content\/uploads\/2012\/11\/6937-b2s11a_mg_6808.png\" alt=\"\" width=\"112\" height=\"112\" \/><\/a><\/p>\n<p>Semiramis operapremi\u00e4r<\/p>\n<p>Den Kongelige Opera i K\u00f6penhamn 22 november 2012<\/p>\n<p>Musik: Gioacchino Rossini<\/p>\n<p>Libretto: Gaetano Rossi, efter Voltaire\u00b4s tragedi S\u00e9miramis<\/p>\n<p>Semiramis blev, precis som f\u00f6rhandsreklamen utlovade en verklig s\u00e5ngarfest \u2013 en h\u00f6gtidsstund f\u00f6r \u00e4lskare av belcanto. Rossini \u00e4r ju mest k\u00e4nd f\u00f6r sina komiska operor med \u201dBarberaren i Sevilla\u201d, som kanske den mest k\u00e4nda, men han ocks\u00e5 komponerat en del s k opera seria. Till den kategorin f\u00e5r man ju onekligen l\u00e4gga \u201dSemiramis\u201d eller \u201dSemiradime\u201d som den ocks\u00e5 kallas.<\/p>\n<p>Verket bygger p\u00e5 en novell av Voltaire och handlar om den babylonska drottningen, med samma namn vars \u00f6de, som utspelar sig vid floden Eufrat f\u00f6r n\u00e5gra tusen \u00e5r sedan. Det handlar om ett kungamord , k\u00e4rleken mellan Arbace och Semiramis, mor och son, (fast de inte vet om detta faktum fr\u00e5n b\u00f6rjan), men ocks\u00e5 om Assurs uppfattning, om svek och brustna f\u00f6rhoppningar och en krigare som till varje pris vill gifta sig med Azema som egentligen \u00e4lskar Arsace, vilket \u00e4r \u00f6msesidigt,men som Semiramis ocks\u00e5 kr\u00e4ver att f\u00e5 gifta sig med.<\/p>\n<p>Denna sm\u00e5tt otroliga och relativt sett invecklade historia har regiss\u00f6ren tillika scenograf och kostymansvarig, Nigel Lowery valt att f\u00f6rl\u00e4gga till modern tid och det \u00e4r kanske ett bra val, men personligen tycker jag b\u00e4ttre om Metropolitan Opera:s mer klassiska upps\u00e4ttning.<\/p>\n<p>Vad som d\u00e4remot inte k\u00e4nns s\u00e4rskilt bra \u00e4r att f\u00f6rsta akten tar n\u00e4stan tv\u00e5 timmar innan det blir en v\u00e4lf\u00f6rtj\u00e4nt paus. Det \u00e4r ju n\u00e4stan wagnerskt m\u00e5tt eller den tid det tar att genomf\u00f6ra de flesta repertoaroperorna. Enda tr\u00f6sten \u00e4r att det sj\u00f6ngs bra men de st\u00e4ndiga f\u00f6r\u00e4ndringar i scenbilden k\u00e4nns jobbiga och p\u00e5frestande och vad v\u00e4rre \u00e4r man f\u00e5r inget grepp om sj\u00e4lva handlingen heller.<\/p>\n<p>Musikaliskt b\u00f6rjar det bra med en l\u00e5ng och inspirerande glad ouvertyr och visst k\u00e4nns Rossini igen. Det h\u00f6rs l\u00e5ng v\u00e4g att detta handlar om Rossinis musik. H\u00e4r finns lite av musiken fr\u00e5n \u201dBarberaren i Sevilla\u201d och inte minst \u201dResan till Reims\u201d. Det Kongelige Kapel leds av den unge dynamiske israeliske dirigenten Rani Calderon. Ytterligare ett dirigentl\u00f6fte som \u00e4r p\u00e5 v\u00e4g upp\u00e5t!<\/p>\n<p>Det b\u00e4sta minnet fr\u00e5n f\u00f6rest\u00e4llningen \u00e4r f\u00f6rst\u00e5s att det blev en h\u00e4rlig s\u00e5ngfest, men framf\u00f6rallt att det handlade om alla medverkande vilket g\u00f6r att det \u00e4r sv\u00e5rt att skriva vem som \u00e4r b\u00e4st, men det \u00e4r ju egentligen inte heller helt n\u00f6dv\u00e4ndigt. Det \u00e4r dock sv\u00e5rt att avst\u00e5 fr\u00e5n att beskriva min upplevelse av de medverkanden.<\/p>\n<p>I partiet som Semiramis och Arbace imponerades jag av b\u00e5de Henriette Bonde-Hansen och Stephanie Houtzeel den sistn\u00e4mnda h\u00f6rde jag f\u00f6r f\u00f6rsta g\u00e5ngen, men jag f\u00f6rst\u00e5r ju att det \u00e4r n\u00e5got s\u00e4rskilt med henne. Henriette Bonde-Hansen k\u00e4nner jag v\u00e4l till dels fr\u00e5n radio\u00f6verf\u00f6ringar fr\u00e5n utlandet, Mathilde di Shabran, men ocks\u00e5 fr\u00e5n en annan Rossiniopera \u201dTurken i Italien\u201d som gick f\u00f6r n\u00e5gra \u00e5r sedan p\u00e5 DKT.<\/p>\n<p>Olga Nikolskaja- Heikkil\u00e4 debut som Azema imponerade och lovar gott inf\u00f6r framtiden.<\/p>\n<p>P\u00e5 herrsidan imponerades jag framf\u00f6rallt av Wojtek Gierlach i partiet som halvguden prins Assur och ha var mycket bra fast det var f\u00f6rsta g\u00e5ngen jag fick lyssna till hans h\u00e4rliga st\u00e4mma.<\/p>\n<p>Barry Banks som sj\u00f6ng Idreno\u00b4s parti imponerade ocks\u00e5 mycket, men honom k\u00e4nner jag ju v\u00e4l till fr\u00e5n operas\u00e4ndningarna fr\u00e5n Metropolitan opera, som vi kan se p\u00e5 FHP digitala biografkedja.<\/p>\n<p>Men fr\u00e5gan \u00e4r om inte jag var mest imponerad av k\u00f6rpartierna i verket. Det var s\u00e5ngligt s\u00e5v\u00e4l som sceniskt n\u00e5got av det b\u00e4sta jag har upplevt p\u00e5 DKT! K\u00f6rens str\u00e5lande insatser tillsammans med Det Kongelige Kapel under ledning av Rani Calderon, \u00e4r trots mycket goda solistinsatser kanske det som jag kommer att minnas b\u00e4st fr\u00e5n \u201dSemiramis\u201d.<\/p>\n<p>Om jag skulle v\u00e4lja tre h\u00f6jdpunkter fr\u00e5n premi\u00e4ren s\u00e5 blir det i tur och ordning: Barry Banks aria d\u00e4r han f\u00f6rklarar sin k\u00e4rlek till Azema helt enkelt magnifikt. Semiramis och Arbace\u00b4s aria n\u00e4r de f\u00f6rst\u00e5r att de egentligen \u00e4r mor och son blev of\u00f6rgl\u00f6mligt vackert! Assurs stora aria tillsammans med Den Kongelige operak\u00f6r tilh\u00f6r den tredje h\u00f6jdpunkten.<\/p>\n<p>Sammanfattningsvis var det en stor operaupplevelse \u00e4ven med de p\u00e5pekande som jag tidigare skrev om och vill du h\u00f6ra en annan sida av Rossini rekommenderar jag dig starkt att boka in en f\u00f6rest\u00e4llning p\u00e5 Operaen i K\u00f6penhamn. Sju f\u00f6rest\u00e4llningar \u00e5terst\u00e5r och vill du njuta av premi\u00e4rkv\u00e4llens s\u00e5ngare s\u00e5 har du att v\u00e4lja p\u00e5 tre dagar 25 november samt 3 och 5 december. Dessutom ges det fyra f\u00f6rest\u00e4llningar i januari 2013.<\/p>\n<p><strong>Produktionsteam<\/strong><\/p>\n<p>Dirigent: Rani Calderon<\/p>\n<p>Regi, scenografi och kostymdesign: Nigel Lowery<\/p>\n<p><strong>Medverkande<\/strong><\/p>\n<p>Semiramis- Henriette Bonde-Hansen<\/p>\n<p>Arbace &#8211; Stephanie Houtzeel<\/p>\n<p>Azema &#8211; Olga Nikolskaja-Heikkil\u00e4<\/p>\n<p>Assur &#8211; Wojtek Gierlach<\/p>\n<p>Idreno &#8211; Barry Banks<\/p>\n<p>Oroe &#8211; Florian Pock<\/p>\n<p>Ninos Genfaerd &#8211; Jens Bruno Hansen<\/p>\n<p>Barnet &#8211;<\/p>\n","protected":false},"excerpt":{"rendered":"<p>&nbsp; Semiramis operapremi\u00e4r Den Kongelige Opera i K\u00f6penhamn 22 november 2012 Musik: Gioacchino Rossini Libretto: Gaetano Rossi, efter Voltaire\u00b4s tragedi S\u00e9miramis Semiramis blev, precis som f\u00f6rhandsreklamen utlovade en verklig s\u00e5ngarfest \u2013 en h\u00f6gtidsstund f\u00f6r \u00e4lskare av belcanto. Rossini \u00e4r ju mest k\u00e4nd f\u00f6r sina komiska operor med \u201dBarberaren i Sevilla\u201d, som kanske den mest k\u00e4nda, [&hellip;]<\/p>\n","protected":false},"author":13,"featured_media":0,"comment_status":"open","ping_status":"open","sticky":false,"template":"","format":"standard","meta":{"_genesis_hide_title":false,"_genesis_hide_breadcrumbs":false,"_genesis_hide_singular_image":false,"_genesis_hide_footer_widgets":false,"_genesis_custom_body_class":"","_genesis_custom_post_class":"","_genesis_layout":"","footnotes":""},"categories":[20],"tags":[1226,3187,9018],"class_list":{"0":"post-63127","1":"post","2":"type-post","3":"status-publish","4":"format-standard","6":"category-film","7":"tag-den-kongelige-opera","8":"tag-kopenhamn","9":"tag-premiar-pa-semiramis","10":"entry"},"_links":{"self":[{"href":"https:\/\/kulturbloggen.com\/index.php?rest_route=\/wp\/v2\/posts\/63127","targetHints":{"allow":["GET"]}}],"collection":[{"href":"https:\/\/kulturbloggen.com\/index.php?rest_route=\/wp\/v2\/posts"}],"about":[{"href":"https:\/\/kulturbloggen.com\/index.php?rest_route=\/wp\/v2\/types\/post"}],"author":[{"embeddable":true,"href":"https:\/\/kulturbloggen.com\/index.php?rest_route=\/wp\/v2\/users\/13"}],"replies":[{"embeddable":true,"href":"https:\/\/kulturbloggen.com\/index.php?rest_route=%2Fwp%2Fv2%2Fcomments&post=63127"}],"version-history":[{"count":3,"href":"https:\/\/kulturbloggen.com\/index.php?rest_route=\/wp\/v2\/posts\/63127\/revisions"}],"predecessor-version":[{"id":63131,"href":"https:\/\/kulturbloggen.com\/index.php?rest_route=\/wp\/v2\/posts\/63127\/revisions\/63131"}],"wp:attachment":[{"href":"https:\/\/kulturbloggen.com\/index.php?rest_route=%2Fwp%2Fv2%2Fmedia&parent=63127"}],"wp:term":[{"taxonomy":"category","embeddable":true,"href":"https:\/\/kulturbloggen.com\/index.php?rest_route=%2Fwp%2Fv2%2Fcategories&post=63127"},{"taxonomy":"post_tag","embeddable":true,"href":"https:\/\/kulturbloggen.com\/index.php?rest_route=%2Fwp%2Fv2%2Ftags&post=63127"}],"curies":[{"name":"wp","href":"https:\/\/api.w.org\/{rel}","templated":true}]}}