{"id":6306,"date":"2009-01-14T14:35:50","date_gmt":"2009-01-14T13:35:50","guid":{"rendered":"http:\/\/kulturbloggen.com\/?p=6306"},"modified":"2009-01-14T14:35:50","modified_gmt":"2009-01-14T13:35:50","slug":"microsoft-satsar-pa-nyhetsblogg-som-pressrum","status":"publish","type":"post","link":"https:\/\/kulturbloggen.com\/?p=6306","title":{"rendered":"Microsoft satsar p\u00e5 nyhetsblogg som pressrum"},"content":{"rendered":"<p><img loading=\"lazy\" decoding=\"async\" src=\"http:\/\/sodergren.com\/kulturbloggen\/wp-content\/uploads\/2009\/01\/microsoft290.jpg\" alt=\"microsoft290\" title=\"microsoft290\" width=\"290\" height=\"200\" class=\"alignnone size-full wp-image-6307\" \/><br \/>\nMicrosoft i Sverige kommer att kommunicera med pressen framf\u00f6r allt via en nyhetsblogg.<br \/>\n  <em>Vi har en stark tro p\u00e5 att tiden sprungit ifr\u00e5n traditionella pressrum. Dessa bygger ofta kring ett stelt och traditionellt format och \u00e4r dessutom ofta f\u00f6rv\u00e5nansv\u00e4rd komplicerade och l\u00e5ngsamma att publicera p\u00e5<\/em>, st\u00e5r det i ett mail Microsofts PR-avdelning skickat ut till bloggare med mera.<br \/>\n<!--more--><br \/>\nDet \u00e4r intressant. Microsoft \u00e4r v\u00e4l inte ett f\u00f6retag som associeras mest med sociala medier, d\u00e4rf\u00f6r \u00e4r det h\u00e4r steget extra intressant, tycker jag.<\/p>\n<p><a href=\"http:\/\/blogs.technet.com\/microsoftnyheter\/\">H\u00e4r hittar du Microsofts nyhetsblogg.<\/a><\/p>\n<p><a href=\"http:\/\/blogs.technet.com\/microsoftnyheter\/archive\/2009\/01\/14\/nyhetsbloggen-nu-officiellt-lanserad.aspx\">I ett inl\u00e4gg d\u00e4r skriver de:<\/a><\/p>\n<blockquote><p>Nyhetsbloggen nu officiellt lanserad!<\/p>\n<p>\u00c4ntligen.<br \/>\nFr\u00e5n och med idag s\u00e5 har vi officiellt lanserat denna blogg. Det skedde i och med att vi skrotade v\u00e5rt gamla pressrum p\u00e5 microsoft.se och styrde om trafiken hit.<br \/>\nNu g\u00e5r det att n\u00e5 direkt hit p\u00e5 adressen: http:\/\/www.microsoft.se\/pr<br \/>\nDen h\u00e4r bloggen kommer i m\u00e5ngt och mycket att ers\u00e4tta v\u00e5ra pressmeddelanden och blir den fr\u00e4msta kanalen f\u00f6r kommunikation av nyheter fr\u00e5n Microsoft p\u00e5 svenska.<\/p>\n<p>Vi har en stark tro p\u00e5 att tiden sprungit ifr\u00e5n traditionella pressrum. Dessa bygger ofta kring ett stelt och traditionellt format och \u00e4r dessutom ofta f\u00f6rv\u00e5nansv\u00e4rd komplicerade och l\u00e5ngsamma att publicera p\u00e5. Det har vi m\u00e4rkt inte minst sj\u00e4lva d\u00e5 vi under de senaste \u00e5ren har haft sv\u00e5rt att konkurrera med webbsajter som till exempel Cnet och svenska IDG n\u00e4r det g\u00e4ller att snabbt n\u00e5 ut med information kring vad som h\u00e4nder hos oss. Vi tror att en nyhetsblogg kan g\u00f6ra oss mer snabba, direkta och relevanta i kommunikationen.<\/p><\/blockquote>\n<p><a href=\"http:\/\/bloggtidningen.se\/2009\/01\/13\/microsoft-ersatter-pressmeddelanden-med-nyhetsblogg\/\">Bloggtidningen tog upp det ocks\u00e5.<\/a><\/p>\n<p>Andra bloggar om: <a href=\"http:\/\/bloggar.se\/om\/Microsoft\" rel=\"tag\">Microsoft<\/a>, <a href=\"http:\/\/bloggar.se\/om\/medier\" rel=\"tag\">medier<\/a>, <a href=\"http:\/\/bloggar.se\/om\/press\" rel=\"tag\">press<\/a>, <a href=\"http:\/\/bloggar.se\/om\/media\" rel=\"tag\">media<\/a>, <a href=\"http:\/\/bloggar.se\/om\/IT\" rel=\"tag\">IT<\/a>, <a href=\"http:\/\/bloggar.se\/om\/nyhetsblogg\" rel=\"tag\">nyhetsblogg<\/a><\/p>\n","protected":false},"excerpt":{"rendered":"<p>Microsoft i Sverige kommer att kommunicera med pressen framf\u00f6r allt via en nyhetsblogg. Vi har en stark tro p\u00e5 att tiden sprungit ifr\u00e5n traditionella pressrum. Dessa bygger ofta kring ett stelt och traditionellt format och \u00e4r dessutom ofta f\u00f6rv\u00e5nansv\u00e4rd komplicerade och l\u00e5ngsamma att publicera p\u00e5, st\u00e5r det i ett mail Microsofts PR-avdelning skickat ut till [&hellip;]<\/p>\n","protected":false},"author":2,"featured_media":0,"comment_status":"open","ping_status":"open","sticky":false,"template":"","format":"standard","meta":{"_genesis_hide_title":false,"_genesis_hide_breadcrumbs":false,"_genesis_hide_singular_image":false,"_genesis_hide_footer_widgets":false,"_genesis_custom_body_class":"","_genesis_custom_post_class":"","_genesis_layout":"","footnotes":""},"categories":[20],"tags":[2574,3571,3582,3657,4481],"class_list":{"0":"post-6306","1":"post","2":"type-post","3":"status-publish","4":"format-standard","6":"category-film","7":"tag-it","8":"tag-media","9":"tag-medier","10":"tag-microsoft","11":"tag-press","12":"entry"},"_links":{"self":[{"href":"https:\/\/kulturbloggen.com\/index.php?rest_route=\/wp\/v2\/posts\/6306","targetHints":{"allow":["GET"]}}],"collection":[{"href":"https:\/\/kulturbloggen.com\/index.php?rest_route=\/wp\/v2\/posts"}],"about":[{"href":"https:\/\/kulturbloggen.com\/index.php?rest_route=\/wp\/v2\/types\/post"}],"author":[{"embeddable":true,"href":"https:\/\/kulturbloggen.com\/index.php?rest_route=\/wp\/v2\/users\/2"}],"replies":[{"embeddable":true,"href":"https:\/\/kulturbloggen.com\/index.php?rest_route=%2Fwp%2Fv2%2Fcomments&post=6306"}],"version-history":[{"count":0,"href":"https:\/\/kulturbloggen.com\/index.php?rest_route=\/wp\/v2\/posts\/6306\/revisions"}],"wp:attachment":[{"href":"https:\/\/kulturbloggen.com\/index.php?rest_route=%2Fwp%2Fv2%2Fmedia&parent=6306"}],"wp:term":[{"taxonomy":"category","embeddable":true,"href":"https:\/\/kulturbloggen.com\/index.php?rest_route=%2Fwp%2Fv2%2Fcategories&post=6306"},{"taxonomy":"post_tag","embeddable":true,"href":"https:\/\/kulturbloggen.com\/index.php?rest_route=%2Fwp%2Fv2%2Ftags&post=6306"}],"curies":[{"name":"wp","href":"https:\/\/api.w.org\/{rel}","templated":true}]}}