{"id":62696,"date":"2012-11-14T11:21:36","date_gmt":"2012-11-14T09:21:36","guid":{"rendered":"http:\/\/kulturbloggen.com\/?p=62696"},"modified":"2012-11-16T09:18:19","modified_gmt":"2012-11-16T07:18:19","slug":"halloj-i-firmaet-nyskriven-dansk-opera-pa-takkelloftet-operaen-en-komisk-opera-som-utspelar-sig-pa-ett-kontor","status":"publish","type":"post","link":"https:\/\/kulturbloggen.com\/?p=62696","title":{"rendered":"Hall\u00f6j i firmaet &#8211; nyskriven dansk opera p\u00e5 Takkelloftet-Operaen &#8211; en komisk opera som utspelar sig p\u00e5 ett kontor"},"content":{"rendered":"<p><a href=\"http:\/\/kulturbloggen.com\/wp-content\/uploads\/2012\/11\/halloejifirmaet_presse.jpg\"><img loading=\"lazy\" decoding=\"async\" class=\"aligncenter size-medium wp-image-62697\" src=\"http:\/\/kulturbloggen.com\/wp-content\/uploads\/2012\/11\/halloejifirmaet_presse-300x200.jpg\" alt=\"\" width=\"300\" height=\"200\" srcset=\"https:\/\/kulturbloggen.com\/wp-content\/uploads\/2012\/11\/halloejifirmaet_presse-300x200.jpg 300w, https:\/\/kulturbloggen.com\/wp-content\/uploads\/2012\/11\/halloejifirmaet_presse.jpg 600w\" sizes=\"auto, (max-width: 300px) 100vw, 300px\" \/><\/a><\/p>\n<p><strong>HALL\u00d6Y I FIRMAET EN KOMISK KONTOROPERA AV JESPER B. KARLSEN OCH PETER BRUUN<\/strong><\/p>\n<p>Det \u00e4r en nyskriven opera, ett best\u00e4llningsverk f\u00f6r Den Ny Opera, som ligger i Esbjerg p\u00e5 Jyllands v\u00e4stkust.<\/p>\n<p>Urpremi\u00e4ren \u00e4ger rum p\u00e5 Musikhuset i Esbjerg den 16 november och det spelas ytterligare ett par f\u00f6rest\u00e4llningar d\u00e4r innan upps\u00e4ttningen ges p\u00e5 Den Kongelige Opera i K\u00f6penhamn, n\u00e4rmare best\u00e4mt Takkelloftet, som \u00e4r bel\u00e4get p\u00e5 baksidan av Operaen 22 och 23 november.<\/p>\n<p><strong>Om handlingen<\/strong><\/p>\n<p>Det g\u00e5r galet.Helt galet. Chefen \u00e4r inte riktig klok. S\u00e4ljarna \u00e4r konstant i krig med varandra. Bokf\u00f6ringsavdelningen t\u00e4nker bara p\u00e5 tango och Antonio Banderes och receptionisten \u00e4r l\u00e4cker alltf\u00f6r l\u00e4cker. Kontoret skall pl\u00f6tsligt st\u00e4ngas. Det blir galet. Alldeles s\u00e4kert.V\u00e4gen mot nedl\u00e4ggningen \u00e4r sp\u00e4ckad med idiotiska team-buildings-kurser, flygande torskhuvuden, f\u00f6rlorade ambitioner, vanlig sm\u00e5aktighet, deciderat elakhet och allt f\u00f6r mycket av olycklig k\u00e4rlek. Det g\u00e5r galet. Helt galet.<\/p>\n<p>Det handlar inte om finanskris &#8211; det \u00e4r roligt.<\/p>\n<p><strong>Medverkande<\/strong><\/p>\n<p>Joachim Knop<\/p>\n<p>Jakob N\u00e6slund Madsen<\/p>\n<p>Lisbeth Kj\u00e6rulff<\/p>\n<p>Morten Staugaard<\/p>\n<p>Liv Oddveig Midtmageli<\/p>\n<p><strong>Produktionsteam<\/strong><\/p>\n<p>Regiss\u00f6r: Anne Barslev<\/p>\n<p>Scenografi: Stine Martinsen<\/p>\n<p>Ljusdesign: Anja Myung Hansen<\/p>\n<p>Musikalsk ledning: Jesper Nordin<\/p>\n","protected":false},"excerpt":{"rendered":"<p>HALL\u00d6Y I FIRMAET EN KOMISK KONTOROPERA AV JESPER B. KARLSEN OCH PETER BRUUN Det \u00e4r en nyskriven opera, ett best\u00e4llningsverk f\u00f6r Den Ny Opera, som ligger i Esbjerg p\u00e5 Jyllands v\u00e4stkust. Urpremi\u00e4ren \u00e4ger rum p\u00e5 Musikhuset i Esbjerg den 16 november och det spelas ytterligare ett par f\u00f6rest\u00e4llningar d\u00e4r innan upps\u00e4ttningen ges p\u00e5 Den Kongelige [&hellip;]<\/p>\n","protected":false},"author":13,"featured_media":0,"comment_status":"open","ping_status":"open","sticky":false,"template":"","format":"standard","meta":{"_genesis_hide_title":false,"_genesis_hide_breadcrumbs":false,"_genesis_hide_singular_image":false,"_genesis_hide_footer_widgets":false,"_genesis_custom_body_class":"","_genesis_custom_post_class":"","_genesis_layout":"","footnotes":""},"categories":[20],"tags":[8979,8803,8980,6124],"class_list":{"0":"post-62696","1":"post","2":"type-post","3":"status-publish","4":"format-standard","6":"category-film","7":"tag-den-ny-opera","8":"tag-operaen-i-kopenhamn","9":"tag-takkelloftet","10":"tag-urpremiar","11":"entry"},"_links":{"self":[{"href":"https:\/\/kulturbloggen.com\/index.php?rest_route=\/wp\/v2\/posts\/62696","targetHints":{"allow":["GET"]}}],"collection":[{"href":"https:\/\/kulturbloggen.com\/index.php?rest_route=\/wp\/v2\/posts"}],"about":[{"href":"https:\/\/kulturbloggen.com\/index.php?rest_route=\/wp\/v2\/types\/post"}],"author":[{"embeddable":true,"href":"https:\/\/kulturbloggen.com\/index.php?rest_route=\/wp\/v2\/users\/13"}],"replies":[{"embeddable":true,"href":"https:\/\/kulturbloggen.com\/index.php?rest_route=%2Fwp%2Fv2%2Fcomments&post=62696"}],"version-history":[{"count":7,"href":"https:\/\/kulturbloggen.com\/index.php?rest_route=\/wp\/v2\/posts\/62696\/revisions"}],"predecessor-version":[{"id":62845,"href":"https:\/\/kulturbloggen.com\/index.php?rest_route=\/wp\/v2\/posts\/62696\/revisions\/62845"}],"wp:attachment":[{"href":"https:\/\/kulturbloggen.com\/index.php?rest_route=%2Fwp%2Fv2%2Fmedia&parent=62696"}],"wp:term":[{"taxonomy":"category","embeddable":true,"href":"https:\/\/kulturbloggen.com\/index.php?rest_route=%2Fwp%2Fv2%2Fcategories&post=62696"},{"taxonomy":"post_tag","embeddable":true,"href":"https:\/\/kulturbloggen.com\/index.php?rest_route=%2Fwp%2Fv2%2Ftags&post=62696"}],"curies":[{"name":"wp","href":"https:\/\/api.w.org\/{rel}","templated":true}]}}