{"id":62604,"date":"2012-11-13T13:44:46","date_gmt":"2012-11-13T11:44:46","guid":{"rendered":"http:\/\/kulturbloggen.com\/?p=62604"},"modified":"2012-11-16T09:20:23","modified_gmt":"2012-11-16T07:20:23","slug":"efter-gardell-andreas-lundstedts-sjalvbiografi-mitt-positiva-liv","status":"publish","type":"post","link":"https:\/\/kulturbloggen.com\/?p=62604","title":{"rendered":"Efter Gardell &#8211; Andreas Lundstedts sj\u00e4lvbiografi &#8221;Mitt positiva liv&#8221;"},"content":{"rendered":"<p><a href=\"http:\/\/kulturbloggen.com\/wp-content\/uploads\/2012\/11\/lundstedtandreasmittpositivaliv.jpg\"><img loading=\"lazy\" decoding=\"async\" class=\"aligncenter size-medium wp-image-62605\" src=\"http:\/\/kulturbloggen.com\/wp-content\/uploads\/2012\/11\/lundstedtandreasmittpositivaliv-201x300.jpg\" alt=\"\" width=\"201\" height=\"300\" srcset=\"https:\/\/kulturbloggen.com\/wp-content\/uploads\/2012\/11\/lundstedtandreasmittpositivaliv-201x300.jpg 201w, https:\/\/kulturbloggen.com\/wp-content\/uploads\/2012\/11\/lundstedtandreasmittpositivaliv.jpg 224w\" sizes=\"auto, (max-width: 201px) 100vw, 201px\" \/><\/a><\/p>\n<p>Mitt positiva liv<\/p>\n<p>Andreas Lundstedt och Cecilia Blankens<\/p>\n<p>ISBN:978-91-1-302996-2<\/p>\n<p>I skuggan av Jonas Gardells &#8221;Torka aldrig t\u00e5rar utan handskar&#8221; och inte minst den tv-s\u00e4ndna tv-dramat med samma namn kan man nog p\u00e5st\u00e5 att fr\u00e5gan om de homosexuellas situation d\u00e5 och nu har blivit mycket aktuell.<\/p>\n<p>Under senare delen av augusti kom artistens Andreas Lundstedt sj\u00e4lvbiografi \u201dMitt positiva liv\u201d ut. En bokutgivning som helt har g\u00e5tt mig f\u00f6rbi, men jag snabbade upp ett inl\u00e4gg p\u00e5 Twitter som uppmanade oss att inte gl\u00f6mma att l\u00e4sa boken. Detta twitter v\u00e4ckte en sorts nyfikenhet hos mig och efter att ha \u201dtjuvl\u00e4st\u201d f\u00f6rsta kapitlet p\u00e5 Akademibokhandeln blev jag intresserad s\u00e5 intresserad att jag p\u00e5 ort och st\u00e4lle k\u00f6pte boken. Att v\u00e4nta tills boken sl\u00e4pps i pocket mars 2013 var aldrig aktuellt<\/p>\n<p>En annan f\u00f6rklaring till bokk\u00f6pet \u00e4r s\u00e4kerligen att jag \u00e4lskar att l\u00e4sa just sj\u00e4lvbiografier och romaner med historisk anknytning och Andreas Lundstedt\u00b4s \u201dMitt positiva liv\u201d har en sj\u00e4lvklar plats d\u00e4r.<\/p>\n<p>Om Andreas Lundstedt vet jag egentligen ingenting ut\u00f6ver att jag ju naturligtvis k\u00e4nner till honom som en del av Alcazar, men ocks\u00e5 att han och Magnus Carlsson, dansbandss\u00e5ngaren, ni vet, var ett par. Det var ocks\u00e5 modigt av honom att ge de hivsjuka ett ansikte, vilket han gjorde genom att g\u00e5 ut med beskedet om sin sjukdom.<\/p>\n<p>Det kan k\u00e4nnas lite m\u00e4rkligt att en medel\u00e5lders man ger ut sin sj\u00e4lvbiografi s\u00e4rskilt med tanke p\u00e5 att han ju m\u00e4nskligt borde ha m\u00e5nga \u00e5r kvar b\u00e5de som artist och i sj\u00e4lva livet. Detta g\u00e4ller ju \u00e4ven om jag sj\u00e4lvklart f\u00f6rst\u00e5r att han skriver en bok om en stor och genomgripande del av sitt liv sett ur hans egen synvinkel allts\u00e5 den dagen han fick sitt hivbesked.<\/p>\n<p>Det \u00e4r en mycket sj\u00e4lvutl\u00e4mnande bok \u00e4ven om jag inte \u00e4r s\u00e5 intresserad av att l\u00e4sa om hans liv som knarkare. Det \u00e4r bra att han ber\u00e4ttar om hur han kom ut, i sitt pojkrum och det beskriver han p\u00e5 ett enkelt och naturligt s\u00e4tt genom att konstatera att han \u00e4r homosexuell till sin l\u00e4ggning.<\/p>\n<p>I n\u00e5gra kapitel beskriver han ocks\u00e5, dock mycket ytligt, sina k\u00e4rleksrelationer till andra m\u00e4n. Boken hade nog vunnit p\u00e5 om han hade h\u00e5llit sig till dessa ist\u00e4llet f\u00f6r att beskriva sina knarkproblem.<\/p>\n<p>Det framg\u00e5r ju tydligt och klart att han har problem med sin diagnos, men det \u00e4r, \u00e5tminstone f\u00f6r mig fortfarande helt oklart varf\u00f6r han var tvungen att dr\u00e4nka sin oro och bekymmer med till exempel kokain. Det \u00e4r ocks\u00e5 helt obegripligt varf\u00f6r han inte hade styrka att ber\u00e4tta detta varken f\u00f6r sina anh\u00f6riga eller n\u00e4rmaste v\u00e4nner eller k\u00e4rleksrelationer. Han framst\u00e5r ju varken som en blyg eller in\u00e5triktad person; tv\u00e4rtom skulle jag p\u00e5st\u00e5. Dessutom fick han ju en indikation p\u00e5 att han kunde vara smittad p\u00e5 ett konkret s\u00e4tt genom ett brev fr\u00e5n smittskyddstyrelsen. Det borde ju har varit ett naturligt steg att n\u00e4r testresultatet f\u00f6rel\u00e5g att \u00e5tminstone ber\u00e4tta detta f\u00f6r sin n\u00e4rmaste omgivning; f\u00f6r sin egen skull.<\/p>\n<p>Det positiva med boken \u00e4r trots allt att det visar sig att han \u00e4nd\u00e5 till slut f\u00f6rm\u00e5r att ta tag i sina problem och till sist hitta en l\u00f6sning att komma vidare p\u00e5 b\u00e4sta s\u00e4tt i livet.<\/p>\n<p>Litter\u00e4rt kan jag inte p\u00e5st\u00e5 att \u201dMitt positiva liv\u201d \u00e4r en stor l\u00e4supplevelse och det \u00e4r inte s\u00e5 lite frusterande att jag inte direkt kan f\u00f6rst\u00e5 vilka delar han sj\u00e4lv har skrivit och vilka delar Cecilia Blankens svarar f\u00f6r. Uttryckt p\u00e5 ett annat s\u00e4tt kan jag konstatera att boken ger ett mycket splittrat intryck fr\u00e5n en lysande inledning och ett starkt skrivet slutkapitel.<\/p>\n<p>Det som \u00e4r bra och utm\u00e4rkande f\u00f6r boken ligger i att, som tidigare konstaterats, att Andreas Lundstedt ger de hivpositiva ett ansikte och p\u00e5 s\u00e5 s\u00e4tt kompletterar Jonas Gardells bok och tv-serie \u201dTorka aldrig t\u00e5rar utan handskar\u201d, som ju i grunden skildrar en parrelation,men ocks\u00e5 livet bland en grupp homosexuella, medan Andreas Lundstedt beskriver sin individuella situation och problematik.<\/p>\n<p>Ytterligare en positiv del med boken \u00e4r avsnittet, som kallas \u201dHiv f\u00f6r dummies\u201d och d\u00e4r Sven Gr\u00fctzmeier, l\u00e4kare p\u00e5 Venh\u00e4lsan p\u00e5 S\u00f6dersjukhuset i Stockholm, svarar p\u00e5 Andreas fr\u00e5gor.<\/p>\n<p><strong>\u00d6vriga recensioner<\/strong><\/p>\n<p><a href=\"http:\/\/www.dn.se\/insidan\/insidan-hem\/jag-var-en-bov-som-inte-vagade-saga-sanningen\">DN<\/a><\/p>\n<p><a href=\"http:\/\/www.expressen.se\/kultur\/lundstedtblankens-mitt-positiva-liv\/\">Expressen<\/a><\/p>\n<p><a href=\"http:\/\/www.skanskan.se\/article\/20120920\/NOJE\/709199910\/1007\">Sk\u00e5nska Dagbladet<\/a><\/p>\n<div><\/div>\n<div><\/div>\n","protected":false},"excerpt":{"rendered":"<p>Mitt positiva liv Andreas Lundstedt och Cecilia Blankens ISBN:978-91-1-302996-2 I skuggan av Jonas Gardells &#8221;Torka aldrig t\u00e5rar utan handskar&#8221; och inte minst den tv-s\u00e4ndna tv-dramat med samma namn kan man nog p\u00e5st\u00e5 att fr\u00e5gan om de homosexuellas situation d\u00e5 och nu har blivit mycket aktuell. Under senare delen av augusti kom artistens Andreas Lundstedt sj\u00e4lvbiografi [&hellip;]<\/p>\n","protected":false},"author":13,"featured_media":0,"comment_status":"open","ping_status":"open","sticky":false,"template":"","format":"standard","meta":{"_genesis_hide_title":false,"_genesis_hide_breadcrumbs":false,"_genesis_hide_singular_image":false,"_genesis_hide_footer_widgets":false,"_genesis_custom_body_class":"","_genesis_custom_post_class":"","_genesis_layout":"","footnotes":""},"categories":[43,3,16],"tags":[8971,8970,5092],"class_list":{"0":"post-62604","1":"post","2":"type-post","3":"status-publish","4":"format-standard","6":"category-bokrecension","7":"category-litteratur","8":"category-recension","9":"tag-andreas-lundstedts","10":"tag-mitt-positiva-liv","11":"tag-sjalvbiografi","12":"entry"},"_links":{"self":[{"href":"https:\/\/kulturbloggen.com\/index.php?rest_route=\/wp\/v2\/posts\/62604","targetHints":{"allow":["GET"]}}],"collection":[{"href":"https:\/\/kulturbloggen.com\/index.php?rest_route=\/wp\/v2\/posts"}],"about":[{"href":"https:\/\/kulturbloggen.com\/index.php?rest_route=\/wp\/v2\/types\/post"}],"author":[{"embeddable":true,"href":"https:\/\/kulturbloggen.com\/index.php?rest_route=\/wp\/v2\/users\/13"}],"replies":[{"embeddable":true,"href":"https:\/\/kulturbloggen.com\/index.php?rest_route=%2Fwp%2Fv2%2Fcomments&post=62604"}],"version-history":[{"count":5,"href":"https:\/\/kulturbloggen.com\/index.php?rest_route=\/wp\/v2\/posts\/62604\/revisions"}],"predecessor-version":[{"id":62850,"href":"https:\/\/kulturbloggen.com\/index.php?rest_route=\/wp\/v2\/posts\/62604\/revisions\/62850"}],"wp:attachment":[{"href":"https:\/\/kulturbloggen.com\/index.php?rest_route=%2Fwp%2Fv2%2Fmedia&parent=62604"}],"wp:term":[{"taxonomy":"category","embeddable":true,"href":"https:\/\/kulturbloggen.com\/index.php?rest_route=%2Fwp%2Fv2%2Fcategories&post=62604"},{"taxonomy":"post_tag","embeddable":true,"href":"https:\/\/kulturbloggen.com\/index.php?rest_route=%2Fwp%2Fv2%2Ftags&post=62604"}],"curies":[{"name":"wp","href":"https:\/\/api.w.org\/{rel}","templated":true}]}}