{"id":6239,"date":"2009-01-13T13:23:47","date_gmt":"2009-01-13T12:23:47","guid":{"rendered":"http:\/\/kulturbloggen.com\/?p=6239"},"modified":"2009-01-13T13:23:47","modified_gmt":"2009-01-13T12:23:47","slug":"grattis-matalskaren-till-nominering-till-stora-bloggpriset-kategori-livstil","status":"publish","type":"post","link":"https:\/\/kulturbloggen.com\/?p=6239","title":{"rendered":"Grattis Mat\u00e4lskaren till nominering till Stora Bloggpriset, kategori livstil"},"content":{"rendered":"<p><img loading=\"lazy\" decoding=\"async\" src=\"http:\/\/sodergren.com\/kulturbloggen\/wp-content\/uploads\/2009\/01\/matalskaren290.jpg\" alt=\"matalskaren290\" title=\"matalskaren290\" width=\"290\" height=\"200\" class=\"alignnone size-full wp-image-6241\" \/><br \/>\nFem bloggar har nominerats till Stora Bloggpriset i kategorin livstil. N\u00e5got av det viktigaste i livet \u00e4r mat. Hur ska vi annars \u00f6verleva? Att \u00e4lska mat \u00e4r en dygd, d\u00e4rf\u00f6r var det sj\u00e4lvklart f\u00f6r mig att nominera Mat\u00e4lskaren. Jag hade \u00e4ran att vara inbjuden och f\u00e5 vara med och nominera till Stora Bloggpriset. Fast f\u00f6r att bli nominerad m\u00e5ste en blogg vara nominerad av m\u00e5nga, det \u00e4r n\u00e4rmare hundra personer med i juryn.<br \/>\n<!--more--><br \/>\n<a href=\"http:\/\/storabloggpriset.se\/2009\/01\/livsstil-har-ar-de-nominerade\/\">De fem som nominerats i kategorin livstil \u00e4r<\/a>:<\/p>\n<ul>\n<li> <strong><a href=\"http:\/\/www.stureplan.se\/frame.php?main=http:\/\/blogg.stureplan.se\/gynning\/\" target=\"_blank\">Gynning<\/a><\/strong><\/li>\n<li> <strong><a href=\"http:\/\/husmusen.blogg.se\/\" target=\"_blank\">Husmusen<\/a><\/strong><\/li>\n<li> <strong><a href=\"http:\/\/johannasjodin.blogg.se\/\" target=\"_blank\">Johanna Sj\u00f6din<\/a><\/strong><\/li>\n<li> <strong><a href=\"http:\/\/matalskaren.taffel.se\/\" target=\"_blank\">Mat\u00e4lskaren<\/a><\/strong><\/li>\n<li><strong><a href=\"http:\/\/metrobloggen.se\/jsp\/public\/index.jsp?article=19.5147525\" target=\"_blank\">Niotillfem<\/a><\/strong><\/li>\n<\/ul>\n<p>Grattis alla fem och alldeles speciellt Mat\u00e4lskaren eftersom det \u00e4r en av mina favoritbloggar.<br \/>\nHoppas du vinner: mat \u00e4r v\u00e4l viktigare \u00e4n Stureplanslivet? Vi f\u00e5r se. Det \u00e4r svenska folket som r\u00f6star och avg\u00f6r. Det \u00e4r bra bloggar alla fem som nominerats. <\/p>\n<p>Det h\u00e4r med Stora Bloggpriset har verkligen gjort att jag hittat nya bloggar. Dels under nomineringsprocessen, d\u00e5 jag k\u00e4nde att det l\u00e5g p\u00e5 mitt ansvar att g\u00f6ra en ordentlig inventering av bloggv\u00e4rlden innan jag best\u00e4mde mig. Men ocks\u00e5 nu, n\u00e4r kategorierna presenteras, d\u00e5 dyker det upp bloggar jag inte haft s\u00e5 stor koll p\u00e5 tidigare.<\/p>\n<p>Det \u00e4r r\u00e4tt stor bredd i den h\u00e4r Livstils-kategorin, till skillnad fr\u00e5n kategorin Fritid och Sport som bara samlat sportbloggar och med v\u00e4ldigt stort fokus p\u00e5 fotboll.<\/p>\n<p><a href=\"http:\/\/www.aftonbladet.se\/nyheter\/article4175024.ab\">H\u00e4r \u00e4r en intervju med Frida Berglund som driver bloggen Husmusen.<\/a><\/p>\n<p>I kategorin Livstil har det samlats <a href=\"http:\/\/www.stureplan.se\/frame.php?main=http:\/\/blogg.stureplan.se\/gynning\/\">en blogg som hyllar livet kring Stureplan<\/a>, <a href=\"http:\/\/husmusen.blogg.se\/\">en blogg om inredning och husbestyr<\/a>, <a href=\"http:\/\/johannasjodin.blogg.se\/\">en feministisk tuffing<\/a>, <a href=\"http:\/\/matalskaren.taffel.se\/\">en mat\u00e4lskare<\/a> och <a href=\"http:\/\/metrobloggen.se\/jsp\/public\/index.jsp?article=19.5147525\">en verklig vardagsblogg som g\u00e5r i n\u00e4ra clinch med varje detalj.<br \/>\n<\/a><\/p>\n<p>Mina andra inl\u00e4gg om Stora Bloggpriset:<br \/>\n<a href=\"http:\/\/kulturbloggen.com\/?p=6201\">Sportbloggarna<\/a><br \/>\n<a href=\"http:\/\/kulturbloggen.com\/?p=6177\">Kulturbloggarna<\/a><br \/>\n<a href=\"http:\/\/kulturbloggen.com\/?p=6092\">Modebloggarna<\/a><\/p>\n<p>Relaterat:<br \/>\n<a href=\"http:\/\/www.aftonbladet.se\/nyheter\/article4171048.ab\">Aftonbladet<\/a><\/p>\n<p><img loading=\"lazy\" decoding=\"async\" src=\"http:\/\/sodergren.com\/kulturbloggen\/wp-content\/uploads\/2009\/01\/matalskaren600.jpg\" alt=\"matalskaren600\" title=\"matalskaren600\" width=\"600\" height=\"200\" class=\"alignnone size-full wp-image-6242\" \/><\/p>\n<p>Andra bloggar om: <a href=\"http:\/\/bloggar.se\/om\/Stora+Bloggpriset\" rel=\"tag\">Stora Bloggpriset<\/a>, <a href=\"http:\/\/bloggar.se\/om\/bloggpris\" rel=\"tag\">bloggpris<\/a>, <a href=\"http:\/\/bloggar.se\/om\/Aftonbladet\" rel=\"tag\">Aftonbladet<\/a>, <a href=\"http:\/\/bloggar.se\/om\/livsstil\" rel=\"tag\">livsstil<\/a>, <a href=\"http:\/\/bloggar.se\/om\/Mat%E4lskaren\" rel=\"tag\">Mat\u00e4lskaren<\/a>, <a href=\"http:\/\/bloggar.se\/om\/Stureplan\" rel=\"tag\">Stureplan<\/a>, <a href=\"http:\/\/bloggar.se\/om\/Gynning\" rel=\"tag\">Gynning<\/a>, <a href=\"http:\/\/bloggar.se\/om\/Husmusen\" rel=\"tag\">Husmusen<\/a>, <a href=\"http:\/\/bloggar.se\/om\/inredning\" rel=\"tag\">inredning<\/a>, <a href=\"http:\/\/bloggar.se\/om\/matblogg\" rel=\"tag\">matblogg<\/a>, <a href=\"http:\/\/bloggar.se\/om\/feminism\" rel=\"tag\">feminism<\/a><\/p>\n","protected":false},"excerpt":{"rendered":"<p>Fem bloggar har nominerats till Stora Bloggpriset i kategorin livstil. N\u00e5got av det viktigaste i livet \u00e4r mat. Hur ska vi annars \u00f6verleva? Att \u00e4lska mat \u00e4r en dygd, d\u00e4rf\u00f6r var det sj\u00e4lvklart f\u00f6r mig att nominera Mat\u00e4lskaren. Jag hade \u00e4ran att vara inbjuden och f\u00e5 vara med och nominera till Stora Bloggpriset. Fast f\u00f6r [&hellip;]<\/p>\n","protected":false},"author":2,"featured_media":0,"comment_status":"open","ping_status":"open","sticky":false,"template":"","format":"standard","meta":{"_genesis_hide_title":false,"_genesis_hide_breadcrumbs":false,"_genesis_hide_singular_image":false,"_genesis_hide_footer_widgets":false,"_genesis_custom_body_class":"","_genesis_custom_post_class":"","_genesis_layout":"","footnotes":""},"categories":[20],"tags":[158,737,3337,5425],"class_list":{"0":"post-6239","1":"post","2":"type-post","3":"status-publish","4":"format-standard","6":"category-film","7":"tag-aftonbladet","8":"tag-bloggpris","9":"tag-livsstil","10":"tag-stora-bloggpriset","11":"entry"},"_links":{"self":[{"href":"https:\/\/kulturbloggen.com\/index.php?rest_route=\/wp\/v2\/posts\/6239","targetHints":{"allow":["GET"]}}],"collection":[{"href":"https:\/\/kulturbloggen.com\/index.php?rest_route=\/wp\/v2\/posts"}],"about":[{"href":"https:\/\/kulturbloggen.com\/index.php?rest_route=\/wp\/v2\/types\/post"}],"author":[{"embeddable":true,"href":"https:\/\/kulturbloggen.com\/index.php?rest_route=\/wp\/v2\/users\/2"}],"replies":[{"embeddable":true,"href":"https:\/\/kulturbloggen.com\/index.php?rest_route=%2Fwp%2Fv2%2Fcomments&post=6239"}],"version-history":[{"count":0,"href":"https:\/\/kulturbloggen.com\/index.php?rest_route=\/wp\/v2\/posts\/6239\/revisions"}],"wp:attachment":[{"href":"https:\/\/kulturbloggen.com\/index.php?rest_route=%2Fwp%2Fv2%2Fmedia&parent=6239"}],"wp:term":[{"taxonomy":"category","embeddable":true,"href":"https:\/\/kulturbloggen.com\/index.php?rest_route=%2Fwp%2Fv2%2Fcategories&post=6239"},{"taxonomy":"post_tag","embeddable":true,"href":"https:\/\/kulturbloggen.com\/index.php?rest_route=%2Fwp%2Fv2%2Ftags&post=6239"}],"curies":[{"name":"wp","href":"https:\/\/api.w.org\/{rel}","templated":true}]}}