{"id":61990,"date":"2012-11-02T09:56:45","date_gmt":"2012-11-02T07:56:45","guid":{"rendered":"http:\/\/kulturbloggen.com\/?p=61990"},"modified":"2012-11-02T09:56:45","modified_gmt":"2012-11-02T07:56:45","slug":"love-antell-med-jenny-wrangborg-och-annika-norlin-en-fantastisk-konsert-pa-sodra-teatern","status":"publish","type":"post","link":"https:\/\/kulturbloggen.com\/?p=61990","title":{"rendered":"Love Antell med Jenny Wrangborg och Annika Norlin: en fantastisk konsert p\u00e5 S\u00f6dra teatern"},"content":{"rendered":"<p><strong>Love Antell med Jenny Wrangborg och Annika Norlin p\u00e5 S\u00f6dra Teatern<\/strong><br \/>\n31 oktober 2012<br \/>\nBetyg: 4<\/p>\n<p><a href=\"http:\/\/kulturbloggen.com\/wp-content\/uploads\/2012\/11\/loveantell_sodrateatern.jpg\"><img loading=\"lazy\" decoding=\"async\" src=\"http:\/\/kulturbloggen.com\/wp-content\/uploads\/2012\/11\/loveantell_sodrateatern-300x199.jpg\" alt=\"\" title=\"loveantell_sodrateatern\" width=\"300\" height=\"199\" class=\"aligncenter size-medium wp-image-61991\" srcset=\"https:\/\/kulturbloggen.com\/wp-content\/uploads\/2012\/11\/loveantell_sodrateatern-300x199.jpg 300w, https:\/\/kulturbloggen.com\/wp-content\/uploads\/2012\/11\/loveantell_sodrateatern-200x133.jpg 200w, https:\/\/kulturbloggen.com\/wp-content\/uploads\/2012\/11\/loveantell_sodrateatern-175x116.jpg 175w, https:\/\/kulturbloggen.com\/wp-content\/uploads\/2012\/11\/loveantell_sodrateatern-345x230.jpg 345w, https:\/\/kulturbloggen.com\/wp-content\/uploads\/2012\/11\/loveantell_sodrateatern-97x65.jpg 97w, https:\/\/kulturbloggen.com\/wp-content\/uploads\/2012\/11\/loveantell_sodrateatern-80x53.jpg 80w, https:\/\/kulturbloggen.com\/wp-content\/uploads\/2012\/11\/loveantell_sodrateatern-150x99.jpg 150w, https:\/\/kulturbloggen.com\/wp-content\/uploads\/2012\/11\/loveantell_sodrateatern.jpg 400w\" sizes=\"auto, (max-width: 300px) 100vw, 300px\" \/><\/a><\/p>\n<p>Love Antell, frontmannen i Florence Valentin och gitarrist i Perssons Pack, har i \u00e5r visat att han \u00e4r grymt bra som soloartist. I april sl\u00e4ppte han sin solodebut \u201d<a href=\"http:\/\/kulturbloggen.com\/?p=53486\">Gatorna tillh\u00f6r oss<\/a>\u201d. Love Antell visar att de b\u00e4sta artisterna \u00e4r de som b\u00e5de \u00e4r konstn\u00e4rliga och har n\u00e5got att s\u00e4ga, n\u00e5got att f\u00f6rmedla utan att g\u00f6ra det med plakatretorik. <\/p>\n<p><a href=\"http:\/\/kulturbloggen.com\/wp-content\/uploads\/2012\/11\/loveantell2.jpg\"><img loading=\"lazy\" decoding=\"async\" src=\"http:\/\/kulturbloggen.com\/wp-content\/uploads\/2012\/11\/loveantell2-300x199.jpg\" alt=\"\" title=\"loveantell2\" width=\"300\" height=\"199\" class=\"alignright size-medium wp-image-61993\" srcset=\"https:\/\/kulturbloggen.com\/wp-content\/uploads\/2012\/11\/loveantell2-300x199.jpg 300w, https:\/\/kulturbloggen.com\/wp-content\/uploads\/2012\/11\/loveantell2-200x133.jpg 200w, https:\/\/kulturbloggen.com\/wp-content\/uploads\/2012\/11\/loveantell2-175x116.jpg 175w, https:\/\/kulturbloggen.com\/wp-content\/uploads\/2012\/11\/loveantell2-345x230.jpg 345w, https:\/\/kulturbloggen.com\/wp-content\/uploads\/2012\/11\/loveantell2-97x65.jpg 97w, https:\/\/kulturbloggen.com\/wp-content\/uploads\/2012\/11\/loveantell2-80x53.jpg 80w, https:\/\/kulturbloggen.com\/wp-content\/uploads\/2012\/11\/loveantell2-150x99.jpg 150w, https:\/\/kulturbloggen.com\/wp-content\/uploads\/2012\/11\/loveantell2.jpg 400w\" sizes=\"auto, (max-width: 300px) 100vw, 300px\" \/><\/a><a href=\"http:\/\/www.cisionwire.se\/sodra-teatern\/r\/love-antell-ger-laddade-stockholmsskildringar-pa-sodra-teatern,c9324789\">Onsdagen den 31 oktober<\/a> avlossade han sina skarpa skildringar fr\u00e5n storstaden p\u00e5 S\u00f6dra Teatern. Det var rockigt och fullt \u00f6s, han hade band med gitarrist, basist, keyboardist och trummis med sig. Stora scenen p\u00e5 S\u00f6dra Teatern passar perfekt f\u00f6r den h\u00e4r typen av rockkonsert: bra rockmusik med bra texter.<\/p>\n<p>Han bj\u00f6d p\u00e5 en rad bra l\u00e5tar fr\u00e5n nya albumet och till extranumret kom tv\u00e5 klassiska Florence Valentin-l\u00e5tar: &#8221;Pokerkv\u00e4ll i V\u00e5rby G\u00e5rd&#8221; och &#8221;Upp p\u00e5 sociala, ner p\u00e5 systemet&#8221;. Och d\u00e5 var publiken s\u00e5 n\u00f6jd efter Love Antells, bandets och g\u00e4starternas framtr\u00e4danden att det blev st\u00e5ende ovationer.<\/p>\n<p>Han g\u00e4stades av den prisade poeten Jenny Wrangborg p\u00e5 scen.  Vilken perfekt kombination Love Antell och Jenny Wrangborg \u00e4r: b\u00e5da har samh\u00e4llsengagerade texter och n\u00e4r Jenny l\u00e4ste sin dikt medan Love spelade gitarr och sj\u00f6ng rader ur dikten gick deras tv\u00e5 konstarter i varandra och f\u00f6rst\u00e4rkte och f\u00f6rdjupade varandra. Det var starkt och jag hoppas vi f\u00e5r se mer av detta samarbete. <a href=\"http:\/\/www.jennywrangborg.se\/blogg\/\">Om du vill l\u00e4sa dikter av Jenny Wrangborg kan du kika in p\u00e5 <strong>hennes blogg, h\u00e4r<\/strong>.<\/a><\/p>\n<p>En hemlig g\u00e4st &#8211; var utannonserad. Den hemliga g\u00e4sten var Annika Norlin, fr\u00e5n S\u00e4kert! och Hello Saferide. Vilken fantastisk kombination dessa tv\u00e5 artister \u00e4r: Love Antell och Annika Norlin: bra musiker med stor talang f\u00f6r att skriva texter. N\u00e4r de tolkade varandras l\u00e5tar var det s\u00e5 att jag r\u00f6s. L\u00e5tarna blev \u00e4nnu b\u00e4ttre i den nya tolkningen. De spelade en l\u00e5t av Love Antell och en av Annika Norlin plus en dikt av Bodil Malmsten som tonsatts av Staffan Hellstrand (som jag f\u00f6r \u00f6vrigt s\u00e5g i publiken). <\/p>\n<p>H\u00e4r nedan kan du se ett Youtubeklipp med Annika Norlin och Love Antell tillsammans och en av l\u00e5tarna Love Antell spelade med bandet.<\/p>\n<p><iframe loading=\"lazy\" width=\"560\" height=\"315\" src=\"http:\/\/www.youtube.com\/embed\/jzP-vPR_j7M\" frameborder=\"0\" allowfullscreen><\/iframe><\/p>\n<p><iframe loading=\"lazy\" width=\"560\" height=\"315\" src=\"http:\/\/www.youtube.com\/embed\/vJV3fYcIrns\" frameborder=\"0\" allowfullscreen><\/iframe><\/p>\n<p>L\u00e4s \u00e4ven andra bloggares \u00e5sikter om <a href=\"http:\/\/bloggar.se\/om\/Love+Antell\" rel=\"tag\">Love Antell<\/a>, <a href=\"http:\/\/bloggar.se\/om\/Annika+Norlin\" rel=\"tag\">Annika Norlin<\/a>, <a href=\"http:\/\/bloggar.se\/om\/jenny+Wrangborg\" rel=\"tag\">jenny Wrangborg<\/a>, <a href=\"http:\/\/bloggar.se\/om\/S%F6dra+teatern\" rel=\"tag\">S\u00f6dra teatern<\/a><\/p>\n","protected":false},"excerpt":{"rendered":"<p>Love Antell med Jenny Wrangborg och Annika Norlin p\u00e5 S\u00f6dra Teatern 31 oktober 2012 Betyg: 4 Love Antell, frontmannen i Florence Valentin och gitarrist i Perssons Pack, har i \u00e5r visat att han \u00e4r grymt bra som soloartist. I april sl\u00e4ppte han sin solodebut \u201dGatorna tillh\u00f6r oss\u201d. Love Antell visar att de b\u00e4sta artisterna \u00e4r [&hellip;]<\/p>\n","protected":false},"author":2,"featured_media":0,"comment_status":"open","ping_status":"open","sticky":false,"template":"","format":"standard","meta":{"_genesis_hide_title":false,"_genesis_hide_breadcrumbs":false,"_genesis_hide_singular_image":false,"_genesis_hide_footer_widgets":false,"_genesis_custom_body_class":"","_genesis_custom_post_class":"","_genesis_layout":"","footnotes":""},"categories":[7,16],"tags":[325,2651,3364,5598],"class_list":{"0":"post-61990","1":"post","2":"type-post","3":"status-publish","4":"format-standard","6":"category-musik","7":"category-recension","8":"tag-annika-norlin","9":"tag-jenny-wrangborg","10":"tag-love-antell","11":"tag-sodra-teatern","12":"entry"},"_links":{"self":[{"href":"https:\/\/kulturbloggen.com\/index.php?rest_route=\/wp\/v2\/posts\/61990","targetHints":{"allow":["GET"]}}],"collection":[{"href":"https:\/\/kulturbloggen.com\/index.php?rest_route=\/wp\/v2\/posts"}],"about":[{"href":"https:\/\/kulturbloggen.com\/index.php?rest_route=\/wp\/v2\/types\/post"}],"author":[{"embeddable":true,"href":"https:\/\/kulturbloggen.com\/index.php?rest_route=\/wp\/v2\/users\/2"}],"replies":[{"embeddable":true,"href":"https:\/\/kulturbloggen.com\/index.php?rest_route=%2Fwp%2Fv2%2Fcomments&post=61990"}],"version-history":[{"count":2,"href":"https:\/\/kulturbloggen.com\/index.php?rest_route=\/wp\/v2\/posts\/61990\/revisions"}],"predecessor-version":[{"id":61994,"href":"https:\/\/kulturbloggen.com\/index.php?rest_route=\/wp\/v2\/posts\/61990\/revisions\/61994"}],"wp:attachment":[{"href":"https:\/\/kulturbloggen.com\/index.php?rest_route=%2Fwp%2Fv2%2Fmedia&parent=61990"}],"wp:term":[{"taxonomy":"category","embeddable":true,"href":"https:\/\/kulturbloggen.com\/index.php?rest_route=%2Fwp%2Fv2%2Fcategories&post=61990"},{"taxonomy":"post_tag","embeddable":true,"href":"https:\/\/kulturbloggen.com\/index.php?rest_route=%2Fwp%2Fv2%2Ftags&post=61990"}],"curies":[{"name":"wp","href":"https:\/\/api.w.org\/{rel}","templated":true}]}}