{"id":61917,"date":"2012-10-30T19:59:52","date_gmt":"2012-10-30T17:59:52","guid":{"rendered":"http:\/\/kulturbloggen.com\/?p=61917"},"modified":"2012-11-03T10:25:49","modified_gmt":"2012-11-03T08:25:49","slug":"kulturbloggen-moter-urban-cone","status":"publish","type":"post","link":"https:\/\/kulturbloggen.com\/?p=61917","title":{"rendered":"Kulturbloggen m\u00f6ter Urban Cone"},"content":{"rendered":"<p>Det har surrats om Urban Cone ett tag, men nu sl\u00e4pper det unga Stockholms-bandet \u00e4ntligen sitt debutalbum\u00a0<em>Our Youth\u00a0<\/em>och snart \u00e4r det dags att er\u00f6vra USA. Kulturbloggen m\u00f6tte upp tv\u00e5 femtedelar av bandet, de tv\u00e5 vokalisterna Rasmus Flyckt (till h\u00f6ger p\u00e5 bilden) och Emil Gustafsson (till v\u00e4nster), p\u00e5 Universals skivbolagskontor.<\/p>\n<p>&#8211; L\u00e5tarna har f\u00e5tt jobba och utvecklas. Vi har ju sl\u00e4ppt EP:s, s\u00e5 skivan best\u00e5r av fyra gamla och sex nya l\u00e5tar. Vissa l\u00e5tar skrev vi f\u00f6r ganska l\u00e4nge sedan, ber\u00e4ttar Rasmus Flyckt.<\/p>\n<p>&#8211; Vi har alltid varit ivriga att f\u00e5 ut ett album, men vi har varit tvungna att ha is i magen, forts\u00e4tter Emil Gustafsson. Nu k\u00e4nns det som att vi gjorde r\u00e4tt eftersom det finns folk som v\u00e4ntar p\u00e5 skivan.<\/p>\n<p><a href=\"http:\/\/kulturbloggen.com\/wp-content\/uploads\/2012\/10\/urban2.jpg\"><img loading=\"lazy\" decoding=\"async\" class=\"alignright size-medium wp-image-61919\" title=\"urban2\" src=\"http:\/\/kulturbloggen.com\/wp-content\/uploads\/2012\/10\/urban2-300x192.jpg\" alt=\"\" width=\"300\" height=\"192\" srcset=\"https:\/\/kulturbloggen.com\/wp-content\/uploads\/2012\/10\/urban2-300x192.jpg 300w, https:\/\/kulturbloggen.com\/wp-content\/uploads\/2012\/10\/urban2-1024x658.jpg 1024w, https:\/\/kulturbloggen.com\/wp-content\/uploads\/2012\/10\/urban2-200x128.jpg 200w, https:\/\/kulturbloggen.com\/wp-content\/uploads\/2012\/10\/urban2-175x112.jpg 175w, https:\/\/kulturbloggen.com\/wp-content\/uploads\/2012\/10\/urban2-357x230.jpg 357w, https:\/\/kulturbloggen.com\/wp-content\/uploads\/2012\/10\/urban2-100x65.jpg 100w, https:\/\/kulturbloggen.com\/wp-content\/uploads\/2012\/10\/urban2-80x51.jpg 80w, https:\/\/kulturbloggen.com\/wp-content\/uploads\/2012\/10\/urban2-150x96.jpg 150w, https:\/\/kulturbloggen.com\/wp-content\/uploads\/2012\/10\/urban2-590x379.jpg 590w, https:\/\/kulturbloggen.com\/wp-content\/uploads\/2012\/10\/urban2-920x591.jpg 920w\" sizes=\"auto, (max-width: 300px) 100vw, 300px\" \/><\/a><strong>Har n\u00e5gra av de \u00e4ldre l\u00e5tarna spelats in p\u00e5 nytt inf\u00f6r albumsl\u00e4ppet?<\/strong><\/p>\n<p>Rasmus: Vi har gjort en nyinspelning av <em>Freak<\/em>. Vi hade producerat hela skivan f\u00f6rutom just den l\u00e5ten, s\u00e5 vi spelade om den och remixade den p\u00e5 nytt. Nu \u00e4r den mer rockig och \u00f6sig. Det ska bli kul att se om folk m\u00e4rker n\u00e5gon skillnad, det \u00e4r ju fortfarande samma l\u00e5t.<\/p>\n<p><strong>Hur mycket g\u00f6r ni p\u00e5 egen hand?<\/strong><\/p>\n<p>Emil: Vi g\u00f6r allting sj\u00e4lva. Alltifr\u00e5n omslag till att skriva och producera. Det \u00e4r viktigt f\u00f6r oss att ha den kontrollen. Folk kanske inte tror det eftersom vi ligger p\u00e5 ett stort bolag, men vi har f\u00e5tt fria tyglar och kan g\u00f6ra allt sj\u00e4lva.<\/p>\n<p><strong>Vilka \u00e4r f\u00f6rdelarna med att g\u00f6ra allt sj\u00e4lva?<\/strong><\/p>\n<p>Emil: F\u00f6r oss \u00e4r det en stor f\u00f6rdel eftersom vi sitter p\u00e5 den kompetensen. Men det \u00e4r olika fr\u00e5n band till band. Det \u00e4r m\u00e5nga band som inte vill beh\u00f6va g\u00f6ra allting. Nackdelen \u00e4r att det \u00e4r mycket jobb, men det \u00e4r ju \u00e4nd\u00e5 n\u00e5gonting vi har valt sj\u00e4lva.<\/p>\n<p><strong>Varf\u00f6r d\u00f6pte ni albumet till <em>Our Youth<\/em>?<\/strong><\/p>\n<p>Rasmus: Sp\u00e5ret som avslutar skivan heter s\u00e5 och den \u00e4r v\u00e4ldigt speciell f\u00f6r oss. Dessutom \u00e4r det ett genomg\u00e5ende tema p\u00e5 skivan och en viktig utvecklingsperiod i ens liv.<\/p>\n<p><strong>K\u00e4nner ni att det \u00e4r en f\u00f6rdel att sl\u00e4ppa skivan nu ist\u00e4llet f\u00f6r n\u00e4r ni b\u00f6rjade f\u00e5 medial uppm\u00e4rksamhet f\u00f6r n\u00e5got \u00e5r sedan?<\/strong><\/p>\n<p>Rasmus: Det k\u00e4nns som att vi har byggt upp en grund nu. Vi har en fanbas som vill h\u00f6ra skivan och det \u00e4r sk\u00f6nt att den \u00e4r efterl\u00e4ngtad. Nu k\u00e4nns det bra att vi har v\u00e4ntat.<\/p>\n<p>Emil: Jag tycker att vi har gjort r\u00e4tt, nu m\u00e5ste vi bara bevisa att vi klarar av att h\u00e5lla upp n\u00e4r vi v\u00e4l sl\u00e4pper skivan.<\/p>\n<p><strong>Har ni funnit n\u00e5gra nya intryck under \u00e5ret som g\u00e5tt? \u00c4r det n\u00e5gra vitala skillnader mellan de \u00e4dre och de nyare l\u00e5tarna?<\/strong><\/p>\n<p>Emil: N\u00e4r man lyssnar p\u00e5 skivan k\u00e4nns det som att den h\u00e4nger ihop. Att det finns en r\u00f6d tr\u00e5d, trots att jag inte trodde att det skulle g\u00f6ra det. Jag tycker att det \u00e4r en bra blandning av radiov\u00e4nliga l\u00e5tar och lite elektroniska ballader.<\/p>\n<p>Rasmus: Det kommer alltid nya grejer man blir influerad av. Det \u00e4r inget man kan st\u00e4nga av, det bara blir s\u00e5.<\/p>\n<p><strong>Kan ni ber\u00e4tta lite om vad ni blir influerade av? Det beh\u00f6ver inte n\u00f6dv\u00e4ndigtvis vara musikrelaterat.<\/strong><\/p>\n<p>Emil: Det kan vara vad som helst. Vi har aldrig haft n\u00e5got ideal. Det \u00e4r inget band vi vill l\u00e5ta som, utan musiken har alltid kommit till oss.<\/p>\n<p>Rasmus: Jag tror det \u00e4r mer upplevelser \u00e4n musik. Det sker v\u00e4ldigt impulsivt vilket g\u00f6r det intressant. Sedan \u00e4r det mycket Stockholm \u00f6ver skivan, det \u00e4r ju h\u00e4r allt vi sjunger om har h\u00e4nt.<\/p>\n<p><strong>Snart \u00e4r det dags f\u00f6r er f\u00f6rsta USA-turn\u00e9. \u00c4r det f\u00f6rsta g\u00e5ngen ni spelar i staterna \u00f6ver huvudtaget?<\/strong><\/p>\n<p>Rasmus: Det st\u00e4mmer. Vi har spelat i Kanada f\u00f6rut men det h\u00e4r blir f\u00f6rsta g\u00e5ngen vi spelar i USA.<\/p>\n<p>Emil: Det har alltid varit en dr\u00f6m att komma till staterna och spela p\u00e5 klubbar i Brooklyn.<\/p>\n<p><strong>Har ni blivit p\u00e5verkade av amerikansk kultur?<\/strong><\/p>\n<p>Emil: Det tror jag, amerikansk propaganda liksom.<\/p>\n<p>Rasmus: Det tar ju upp en stor del i media &#8211; Hollywood och alla akter som kommer d\u00e4rifr\u00e5n. I USA v\u00e5gar man dr\u00f6mma, det \u00e4r en gemensam faktor. Vi har alltid sagt upp h\u00f6ga m\u00e5l &#8211; som att bli v\u00e4rldens st\u00f6rsta band &#8211; och de \u00e4lskar ju s\u00e5nt d\u00e4r.<\/p>\n<p>Emil: &#8221;I have a dream&#8221;, de \u00e4r mer mottagliga f\u00f6r s\u00e5nt medan vi har jantelagen som sp\u00f6kar. Sedan \u00e4r USA v\u00e4rldens st\u00f6rsta musikmarknad. Men vem vet, vi kanske har en romantiserad bild. Time will tell.<\/p>\n<p><iframe loading=\"lazy\" src=\"http:\/\/www.youtube.com\/embed\/v9HxTtjdoZw\" frameborder=\"0\" width=\"560\" height=\"315\"><\/iframe><\/p>\n<p>Foto: Emma Andersson<\/p>\n","protected":false},"excerpt":{"rendered":"<p>Det har surrats om Urban Cone ett tag, men nu sl\u00e4pper det unga Stockholms-bandet \u00e4ntligen sitt debutalbum\u00a0Our Youth\u00a0och snart \u00e4r det dags att er\u00f6vra USA. Kulturbloggen m\u00f6tte upp tv\u00e5 femtedelar av bandet, de tv\u00e5 vokalisterna Rasmus Flyckt (till h\u00f6ger p\u00e5 bilden) och Emil Gustafsson (till v\u00e4nster), p\u00e5 Universals skivbolagskontor. &#8211; L\u00e5tarna har f\u00e5tt jobba och [&hellip;]<\/p>\n","protected":false},"author":3,"featured_media":61918,"comment_status":"open","ping_status":"open","sticky":false,"template":"","format":"standard","meta":{"_genesis_hide_title":false,"_genesis_hide_breadcrumbs":false,"_genesis_hide_singular_image":false,"_genesis_hide_footer_widgets":false,"_genesis_custom_body_class":"","_genesis_custom_post_class":"","_genesis_layout":"","footnotes":""},"categories":[5,7],"tags":[8885,6120],"class_list":{"0":"post-61917","1":"post","2":"type-post","3":"status-publish","4":"format-standard","5":"has-post-thumbnail","7":"category-intervju","8":"category-musik","9":"tag-our-youth","10":"tag-urban-cone","11":"entry"},"_links":{"self":[{"href":"https:\/\/kulturbloggen.com\/index.php?rest_route=\/wp\/v2\/posts\/61917","targetHints":{"allow":["GET"]}}],"collection":[{"href":"https:\/\/kulturbloggen.com\/index.php?rest_route=\/wp\/v2\/posts"}],"about":[{"href":"https:\/\/kulturbloggen.com\/index.php?rest_route=\/wp\/v2\/types\/post"}],"author":[{"embeddable":true,"href":"https:\/\/kulturbloggen.com\/index.php?rest_route=\/wp\/v2\/users\/3"}],"replies":[{"embeddable":true,"href":"https:\/\/kulturbloggen.com\/index.php?rest_route=%2Fwp%2Fv2%2Fcomments&post=61917"}],"version-history":[{"count":8,"href":"https:\/\/kulturbloggen.com\/index.php?rest_route=\/wp\/v2\/posts\/61917\/revisions"}],"predecessor-version":[{"id":62018,"href":"https:\/\/kulturbloggen.com\/index.php?rest_route=\/wp\/v2\/posts\/61917\/revisions\/62018"}],"wp:featuredmedia":[{"embeddable":true,"href":"https:\/\/kulturbloggen.com\/index.php?rest_route=\/wp\/v2\/media\/61918"}],"wp:attachment":[{"href":"https:\/\/kulturbloggen.com\/index.php?rest_route=%2Fwp%2Fv2%2Fmedia&parent=61917"}],"wp:term":[{"taxonomy":"category","embeddable":true,"href":"https:\/\/kulturbloggen.com\/index.php?rest_route=%2Fwp%2Fv2%2Fcategories&post=61917"},{"taxonomy":"post_tag","embeddable":true,"href":"https:\/\/kulturbloggen.com\/index.php?rest_route=%2Fwp%2Fv2%2Ftags&post=61917"}],"curies":[{"name":"wp","href":"https:\/\/api.w.org\/{rel}","templated":true}]}}