{"id":6189,"date":"2009-01-12T13:53:30","date_gmt":"2009-01-12T12:53:30","guid":{"rendered":"http:\/\/kulturbloggen.com\/?p=6189"},"modified":"2009-01-12T13:53:30","modified_gmt":"2009-01-12T12:53:30","slug":"utse-sveriges-basta-bloggar-om-webb","status":"publish","type":"post","link":"https:\/\/kulturbloggen.com\/?p=6189","title":{"rendered":"Utse Sveriges b\u00e4sta bloggar om webb"},"content":{"rendered":"<p><img loading=\"lazy\" decoding=\"async\" src=\"http:\/\/sodergren.com\/kulturbloggen\/wp-content\/uploads\/2009\/01\/daytona290.jpg\" alt=\"daytona290\" title=\"daytona290\" width=\"290\" height=\"200\" class=\"alignnone size-full wp-image-6190\" \/><br \/>\nDet har dykt upp m\u00e5nga bloggpris den senaste tiden . Nyligen uts\u00e5gs <a href=\"http:\/\/henrikalexandersson.blogspot.com\/\">HAX blogg<\/a> till <a href=\"http:\/\/bloggenbent.se\/modules\/wordpress\/2009\/01\/01\/och-rets-politiska-blogg-2008-r\/\">b\u00e4sta politiska blogg<\/a>, Aftonbladet har Stora Bloggpriset (<a href=\"http:\/\/kulturbloggen.com\/?p=6177\">d\u00e4r Kulturbloggen nominerats i kategorin N\u00f6je och Kultur<\/a>) och vi p\u00e5 Kulturbloggen arrangerar <a href=\"http:\/\/kulturbloggen.com\/?page_id=5485\">Kulturblogg Award<\/a> d\u00e4r b\u00e4sta kulturbloggar utses. Nu finns \u00e4nnu en sp\u00e4nnande bloggt\u00e4vlingen: Daytona har omr\u00f6stning f\u00f6r att utse Sveriges b\u00e4sta bloggar om webb.<br \/>\n<!--more--><br \/>\n<a href=\"http:\/\/www.daytona.se\/yaba\">H\u00e4r finns de nominerade listade<\/a> och l\u00e4nk till omr\u00f6stningen hos Daytona.<br \/>\nSj\u00e4lv har jag missat att man kunde nominera sin egen blogg dit. Jag driver ju en blogg &#8211; Bloggtidningen &#8211; tillsammans med Jonas. Och Bloggtidningen handlar om webb och medier. N\u00e5v\u00e4l, misstag \u00e4r v\u00e4l till att l\u00e4ra sig av &#8211; s\u00e5 n\u00e4sta \u00e5r f\u00e5r vi skicka in f\u00f6rslag p\u00e5 oss sj\u00e4lva d\u00e4r.<\/p>\n<p>Men passa p\u00e5 att r\u00f6sta d\u00e4r. Flera av de nominerade \u00e4r mycket bra bloggar med enorm koll p\u00e5 medier och bloggv\u00e4rlden.<\/p>\n<p>Daytona skriver om varf\u00f6r de arrangerar omr\u00f6stningen:<\/p>\n<blockquote><p>Det finns numera massor av bloggpris. Det finns d\u00e4remot inte tillr\u00e4ckligt m\u00e5nga, om du fr\u00e5gar oss. Inget pris har n\u00e4mligen valt att uppm\u00e4rksamma svenska bloggar som skriver om webben, media och marknadsf\u00f6ring. F\u00f6rr\u00e4n nu.<\/p><\/blockquote>\n<p>Andra bloggar om: <a href=\"http:\/\/bloggar.se\/om\/bloggpris\" rel=\"tag\">bloggpris<\/a>, <a href=\"http:\/\/bloggar.se\/om\/medier\" rel=\"tag\">medier<\/a>, <a href=\"http:\/\/bloggar.se\/om\/Daytona\" rel=\"tag\">Daytona<\/a><\/p>\n","protected":false},"excerpt":{"rendered":"<p>Det har dykt upp m\u00e5nga bloggpris den senaste tiden . Nyligen uts\u00e5gs HAX blogg till b\u00e4sta politiska blogg, Aftonbladet har Stora Bloggpriset (d\u00e4r Kulturbloggen nominerats i kategorin N\u00f6je och Kultur) och vi p\u00e5 Kulturbloggen arrangerar Kulturblogg Award d\u00e4r b\u00e4sta kulturbloggar utses. Nu finns \u00e4nnu en sp\u00e4nnande bloggt\u00e4vlingen: Daytona har omr\u00f6stning f\u00f6r att utse Sveriges b\u00e4sta [&hellip;]<\/p>\n","protected":false},"author":2,"featured_media":0,"comment_status":"open","ping_status":"open","sticky":false,"template":"","format":"standard","meta":{"_genesis_hide_title":false,"_genesis_hide_breadcrumbs":false,"_genesis_hide_singular_image":false,"_genesis_hide_footer_widgets":false,"_genesis_custom_body_class":"","_genesis_custom_post_class":"","_genesis_layout":"","footnotes":""},"categories":[62],"tags":[737,3582],"class_list":{"0":"post-6189","1":"post","2":"type-post","3":"status-publish","4":"format-standard","6":"category-medie-och-kulturpolitik","7":"tag-bloggpris","8":"tag-medier","9":"entry"},"_links":{"self":[{"href":"https:\/\/kulturbloggen.com\/index.php?rest_route=\/wp\/v2\/posts\/6189","targetHints":{"allow":["GET"]}}],"collection":[{"href":"https:\/\/kulturbloggen.com\/index.php?rest_route=\/wp\/v2\/posts"}],"about":[{"href":"https:\/\/kulturbloggen.com\/index.php?rest_route=\/wp\/v2\/types\/post"}],"author":[{"embeddable":true,"href":"https:\/\/kulturbloggen.com\/index.php?rest_route=\/wp\/v2\/users\/2"}],"replies":[{"embeddable":true,"href":"https:\/\/kulturbloggen.com\/index.php?rest_route=%2Fwp%2Fv2%2Fcomments&post=6189"}],"version-history":[{"count":0,"href":"https:\/\/kulturbloggen.com\/index.php?rest_route=\/wp\/v2\/posts\/6189\/revisions"}],"wp:attachment":[{"href":"https:\/\/kulturbloggen.com\/index.php?rest_route=%2Fwp%2Fv2%2Fmedia&parent=6189"}],"wp:term":[{"taxonomy":"category","embeddable":true,"href":"https:\/\/kulturbloggen.com\/index.php?rest_route=%2Fwp%2Fv2%2Fcategories&post=6189"},{"taxonomy":"post_tag","embeddable":true,"href":"https:\/\/kulturbloggen.com\/index.php?rest_route=%2Fwp%2Fv2%2Ftags&post=6189"}],"curies":[{"name":"wp","href":"https:\/\/api.w.org\/{rel}","templated":true}]}}