{"id":6159,"date":"2009-01-11T22:11:15","date_gmt":"2009-01-11T21:11:15","guid":{"rendered":"http:\/\/kulturbloggen.com\/?p=6159"},"modified":"2009-01-11T22:11:15","modified_gmt":"2009-01-11T21:11:15","slug":"abstraktkonkret-9-stora-fotografer-i-en-utstallning","status":"publish","type":"post","link":"https:\/\/kulturbloggen.com\/?p=6159","title":{"rendered":"Abstrakt\/Konkret: Tio stora fotografer i en utst\u00e4llning"},"content":{"rendered":"<p><img loading=\"lazy\" decoding=\"async\" src=\"http:\/\/sodergren.com\/kulturbloggen\/wp-content\/uploads\/2009\/01\/abstrakt_konkret290.jpg\" alt=\"abstrakt_konkret290\" title=\"abstrakt_konkret290\" width=\"290\" height=\"175\" class=\"alignnone size-full wp-image-6161\" \/><br \/>\nCarl Hjelte, Carl Johan De Geer, Crille Forsberg, Erika Kihlg\u00e5rd Kugelberg, Hans J\u00f6rgen Johansen, Hans Strand, Joakim Str\u00f6mholm, My Hellsten, PA Svensson och Reuben Sallmander: tio fotografer som tolkar begreppen abstrakt och konkret i en fotoutst\u00e4llning.<br \/>\n<!--more--><\/p>\n<p>Den startar torsdagen den 15 januari 16.00 och h\u00e5ller p\u00e5 till 18 februari p\u00e5 Galleri Operationplace som ligger i varuhuset PUB i centrala Stockholm.<\/p>\n<p>Det \u00e4r h\u00e4ftigt med ett galleri mitt i ett varuhus. <\/p>\n<p>En fotoutst\u00e4llning d\u00e4r 9 fotografer tolkar begreppet abstrakt konkret.<\/p>\n<p>Vernissage torsdagen den 15 januari 16 &#8211; 19.<\/p>\n<blockquote><p>Galleri Operatingplace<br \/>\nPUB Plan 03<br \/>\nH\u00f6torget Stockholm<br \/>\n\u00d6ppet M\u00e5 &#8211; Fr 10-19, L\u00f6 10-18, S\u00f6 11-17. <\/p><\/blockquote>\n<p><a href=\"http:\/\/www.operatingplace.com\/\">Operating Place, hemsida.<\/a><\/p>\n<p><a href=\"http:\/\/sodergren.com\/kulturbloggen\/wp-content\/uploads\/2009\/01\/outlook.jpg\"><img loading=\"lazy\" decoding=\"async\" src=\"http:\/\/sodergren.com\/kulturbloggen\/wp-content\/uploads\/2009\/01\/outlook.jpg\" alt=\"outlook\" title=\"outlook\" width=\"290\" height=\"175\" class=\"alignnone size-full wp-image-6163\" \/><\/a><\/p>\n<p>Andra bloggar om: <a href=\"http:\/\/bloggar.se\/om\/konst\" rel=\"tag\">konst<\/a>, <a href=\"http:\/\/bloggar.se\/om\/foto\" rel=\"tag\">foto<\/a>, <a href=\"http:\/\/bloggar.se\/om\/vernissage\" rel=\"tag\">vernissage<\/a>, <a href=\"http:\/\/bloggar.se\/om\/tips\" rel=\"tag\">tips<\/a>, <a href=\"http:\/\/bloggar.se\/om\/kalender\" rel=\"tag\">kalender<\/a>, <a href=\"http:\/\/bloggar.se\/om\/p%E5+g%E5ng\" rel=\"tag\">p\u00e5 g\u00e5ng<\/a>, <a href=\"http:\/\/bloggar.se\/om\/Stockholm\" rel=\"tag\">Stockholm<\/a>, <a href=\"http:\/\/bloggar.se\/om\/Operating+Place\" rel=\"tag\">Operating Place<\/a>, <a href=\"http:\/\/bloggar.se\/om\/PUB\" rel=\"tag\">PUB<\/a>, <a href=\"http:\/\/bloggar.se\/om\/fotografer\" rel=\"tag\">fotografer<\/a><\/p>\n","protected":false},"excerpt":{"rendered":"<p>Carl Hjelte, Carl Johan De Geer, Crille Forsberg, Erika Kihlg\u00e5rd Kugelberg, Hans J\u00f6rgen Johansen, Hans Strand, Joakim Str\u00f6mholm, My Hellsten, PA Svensson och Reuben Sallmander: tio fotografer som tolkar begreppen abstrakt och konkret i en fotoutst\u00e4llning.<\/p>\n","protected":false},"author":2,"featured_media":0,"comment_status":"open","ping_status":"open","sticky":false,"template":"","format":"standard","meta":{"_genesis_hide_title":false,"_genesis_hide_breadcrumbs":false,"_genesis_hide_singular_image":false,"_genesis_hide_footer_widgets":false,"_genesis_custom_body_class":"","_genesis_custom_post_class":"","_genesis_layout":"","footnotes":""},"categories":[20],"tags":[1841,2834,3009,4584,5400,5873,6214],"class_list":{"0":"post-6159","1":"post","2":"type-post","3":"status-publish","4":"format-standard","6":"category-film","7":"tag-foto","8":"tag-kalender","9":"tag-konst","10":"tag-pa-gang","11":"tag-stockholm","12":"tag-tips","13":"tag-vernissage","14":"entry"},"_links":{"self":[{"href":"https:\/\/kulturbloggen.com\/index.php?rest_route=\/wp\/v2\/posts\/6159","targetHints":{"allow":["GET"]}}],"collection":[{"href":"https:\/\/kulturbloggen.com\/index.php?rest_route=\/wp\/v2\/posts"}],"about":[{"href":"https:\/\/kulturbloggen.com\/index.php?rest_route=\/wp\/v2\/types\/post"}],"author":[{"embeddable":true,"href":"https:\/\/kulturbloggen.com\/index.php?rest_route=\/wp\/v2\/users\/2"}],"replies":[{"embeddable":true,"href":"https:\/\/kulturbloggen.com\/index.php?rest_route=%2Fwp%2Fv2%2Fcomments&post=6159"}],"version-history":[{"count":0,"href":"https:\/\/kulturbloggen.com\/index.php?rest_route=\/wp\/v2\/posts\/6159\/revisions"}],"wp:attachment":[{"href":"https:\/\/kulturbloggen.com\/index.php?rest_route=%2Fwp%2Fv2%2Fmedia&parent=6159"}],"wp:term":[{"taxonomy":"category","embeddable":true,"href":"https:\/\/kulturbloggen.com\/index.php?rest_route=%2Fwp%2Fv2%2Fcategories&post=6159"},{"taxonomy":"post_tag","embeddable":true,"href":"https:\/\/kulturbloggen.com\/index.php?rest_route=%2Fwp%2Fv2%2Ftags&post=6159"}],"curies":[{"name":"wp","href":"https:\/\/api.w.org\/{rel}","templated":true}]}}