{"id":61187,"date":"2012-10-09T21:38:54","date_gmt":"2012-10-09T19:38:54","guid":{"rendered":"http:\/\/kulturbloggen.com\/?p=61187"},"modified":"2012-10-09T21:40:31","modified_gmt":"2012-10-09T19:40:31","slug":"atervandaren-av-buthler-ohrlund-en-svag-kriminalroman","status":"publish","type":"post","link":"https:\/\/kulturbloggen.com\/?p=61187","title":{"rendered":"\u00c5terv\u00e4ndaren av Buthler &#038; \u00d6hrlund \u2013 en svag kriminalroman"},"content":{"rendered":"<p>Titel: <a href=\"http:\/\/www.adlibris.com\/se\/product.aspx?isbn=9186649817\" target=\"_blank\">\u00c5terv\u00e4ndaren<\/a><br \/>\nF\u00f6rfattare: <a href=\"http:\/\/www.buthlerohrlund.se\/\" target=\"_blank\">Dan Buthler &amp; Dag \u00d6hrlund<\/a><br \/>\nF\u00f6rlag: <a href=\"http:\/\/www.massolit.se\/\" target=\"_blank\">Massolit F\u00f6rlag<\/a><br \/>\nUtgiven: 201209<br \/>\nISBN: 978-91-86649-81-4<\/p>\n<p><a href=\"http:\/\/www.bokus.com\/bok\/9789186649814\/atervandaren\/\" target=\"_blank\">\u00c5terv\u00e4ndaren<\/a> \u00e4r den frist\u00e5ende forts\u00e4ttningen p\u00e5 Buthler &amp; \u00d6hrlunds En n\u00e4stan vanlig man (2008) och Grannen (2010). Precis som i de f\u00f6reg\u00e5ende b\u00f6ckerna handlar boken om psykopaten Christopher Silverbielke. Denna g\u00e5ng befinner han sig i USA men beslutar sig f\u00f6r att \u00e5ka tillbaka till Sverige, ett land han tidigare flytt. Han t\u00e4nker ut en plan och \u00e5ker till Sverige f\u00f6r att tr\u00e4ffa sin mamma och den kvinna han tidigare fick k\u00e4nslor f\u00f6r, hans psykolog Mariana.<\/p>\n<p>Planen g\u00e5r dock inte riktigt som Christopher har t\u00e4nkt sig, och han f\u00e5r g\u00f6ra om sina planer. Han l\u00e4r bland annat k\u00e4nna sin halvsyster som \u00e4ven hon har ett m\u00f6rkt f\u00f6rflutet.<\/p>\n<p>Christopher \u00e4r oemotst\u00e5ndlig f\u00f6r kvinnor, har ett stort ego, tar f\u00f6r sig av det han vill ha, leker med de kvinnor som kommer honom n\u00e4ra och anv\u00e4nder kokain. Fallet tas om hand av kommissarie Jacob Colt och hans team. I boken f\u00e5r man f\u00f6lja dels Christopher och dels kommissarie Colt.<\/p>\n<p>Vissa b\u00f6cker har en seg start och andra kommer ig\u00e5ng direkt. \u00c5terv\u00e4ndaren g\u00f6r varken eller. Spr\u00e5ket i boken k\u00e4nns inte modernt och dialogen i boken k\u00e4nns konstgjord. Den lever inte, den bara \u00e4r. Sida upp och sida ner f\u00e5r vi m\u00f6ta en psykopat, hans tankar om kvinnor och hans s\u00e4tt att utnyttja omv\u00e4rlden till det han vill \u00e5t. Det blir aldrig s\u00e4rskilt sp\u00e4nnande eller mer inneh\u00e5llsrikt \u00e4n s\u00e5.<\/p>\n<p>Uppf\u00f6ljaren, Uppg\u00f6relsen, kommer v\u00e5ren 2013. F\u00f6rhoppningsvis k\u00e4nns inte den lika tunn i sin historia och karakt\u00e4rerna mer utvecklade.<\/p>\n<p>Lite kuriosa: Boken finns \u00e4ven som ljudbok med Stefan Sauk som uppl\u00e4sare.<\/p>\n<p><strong>Text: Jenny Lagebj\u00f6rk <\/strong><\/p>\n","protected":false},"excerpt":{"rendered":"<p>Titel: \u00c5terv\u00e4ndaren F\u00f6rfattare: Dan Buthler &amp; Dag \u00d6hrlund F\u00f6rlag: Massolit F\u00f6rlag Utgiven: 201209 ISBN: 978-91-86649-81-4 \u00c5terv\u00e4ndaren \u00e4r den frist\u00e5ende forts\u00e4ttningen p\u00e5 Buthler &amp; \u00d6hrlunds En n\u00e4stan vanlig man (2008) och Grannen (2010). Precis som i de f\u00f6reg\u00e5ende b\u00f6ckerna handlar boken om psykopaten Christopher Silverbielke. Denna g\u00e5ng befinner han sig i USA men beslutar sig f\u00f6r [&hellip;]<\/p>\n","protected":false},"author":13,"featured_media":61189,"comment_status":"open","ping_status":"open","sticky":false,"template":"","format":"standard","meta":{"_genesis_hide_title":false,"_genesis_hide_breadcrumbs":false,"_genesis_hide_singular_image":false,"_genesis_hide_footer_widgets":false,"_genesis_custom_body_class":"","_genesis_custom_post_class":"","_genesis_layout":"","footnotes":""},"categories":[43,3,16],"tags":[1197,3041],"class_list":{"0":"post-61187","1":"post","2":"type-post","3":"status-publish","4":"format-standard","5":"has-post-thumbnail","7":"category-bokrecension","8":"category-litteratur","9":"category-recension","10":"tag-deckare","11":"tag-kriminalroman","12":"entry"},"_links":{"self":[{"href":"https:\/\/kulturbloggen.com\/index.php?rest_route=\/wp\/v2\/posts\/61187","targetHints":{"allow":["GET"]}}],"collection":[{"href":"https:\/\/kulturbloggen.com\/index.php?rest_route=\/wp\/v2\/posts"}],"about":[{"href":"https:\/\/kulturbloggen.com\/index.php?rest_route=\/wp\/v2\/types\/post"}],"author":[{"embeddable":true,"href":"https:\/\/kulturbloggen.com\/index.php?rest_route=\/wp\/v2\/users\/13"}],"replies":[{"embeddable":true,"href":"https:\/\/kulturbloggen.com\/index.php?rest_route=%2Fwp%2Fv2%2Fcomments&post=61187"}],"version-history":[{"count":5,"href":"https:\/\/kulturbloggen.com\/index.php?rest_route=\/wp\/v2\/posts\/61187\/revisions"}],"predecessor-version":[{"id":61192,"href":"https:\/\/kulturbloggen.com\/index.php?rest_route=\/wp\/v2\/posts\/61187\/revisions\/61192"}],"wp:featuredmedia":[{"embeddable":true,"href":"https:\/\/kulturbloggen.com\/index.php?rest_route=\/wp\/v2\/media\/61189"}],"wp:attachment":[{"href":"https:\/\/kulturbloggen.com\/index.php?rest_route=%2Fwp%2Fv2%2Fmedia&parent=61187"}],"wp:term":[{"taxonomy":"category","embeddable":true,"href":"https:\/\/kulturbloggen.com\/index.php?rest_route=%2Fwp%2Fv2%2Fcategories&post=61187"},{"taxonomy":"post_tag","embeddable":true,"href":"https:\/\/kulturbloggen.com\/index.php?rest_route=%2Fwp%2Fv2%2Ftags&post=61187"}],"curies":[{"name":"wp","href":"https:\/\/api.w.org\/{rel}","templated":true}]}}