{"id":60995,"date":"2012-10-04T20:14:32","date_gmt":"2012-10-04T18:14:32","guid":{"rendered":"http:\/\/kulturbloggen.com\/?p=60995"},"modified":"2012-10-07T18:56:30","modified_gmt":"2012-10-07T16:56:30","slug":"sara-blaedels-de-bortglomda-borjar-bra-men-tunnas-ut","status":"publish","type":"post","link":"https:\/\/kulturbloggen.com\/?p=60995","title":{"rendered":"Sara Bl\u00e6dels De bortgl\u00f6mda &#8211; b\u00f6rjar bra men tunnas ut"},"content":{"rendered":"<p>Titel: <a href=\"http:\/\/www.adlibris.com\/se\/product.aspx?isbn=9186649906\" target=\"_blank\">De bortgl\u00f6mda<\/a><br \/>\nF\u00f6rfattare: Sara Bl\u00e6del<br \/>\nF\u00f6rlag: <a href=\"http:\/\/www.massolit.se\/bocker\/de-bortglomda\/\" target=\"_blank\">Massolit f\u00f6rlag<\/a><br \/>\nUtgiven: 201210<br \/>\nISBN: 9789186649906<\/p>\n<p>Sara Bl\u00e6del inleder <a href=\"http:\/\/www.bokus.com\/bok\/9789186649906\/de-bortglomda\/\" target=\"_blank\">De bortgl\u00f6mda<\/a> med en prolog p\u00e5 en och halv sida; prologen \u00e4r poetisk, f\u00e4ngslande, varm och rysansv\u00e4rd. En kvinna l\u00e4ngtar till ljuset, hon g\u00e5r raskt bort fr\u00e5n hennes f\u00f6rflutna m\u00f6rker men r\u00e5kar ta ett felsteg som leder till att hon n\u00e5gra dagar senare hittas d\u00f6d av en skogshuggare.<\/p>\n<p>Louise Rick \u00e4r kriminalinspekt\u00f6ren som ska ta hand om fallet med denna oidentifierade \u00e4rrade kvinna; Louise blir engagerad redan fr\u00e5n f\u00f6rsta minuten och prioriterar kvinnans fall framf\u00f6r fritid och familj. S\u00f6kningen av kvinnans identitet leder Louise och hennes v\u00e5rdsl\u00f6sa medhj\u00e4lpare vid namn Eik till ett samh\u00e4lle vars invecklade historia Louise har varit en del av.<\/p>\n<p>Pl\u00f6tsligt blir Louise uppringd av en gammal kvinna vars liv i n\u00e5gra \u00e5r har varit sammanfl\u00e4tad med tv\u00e5 tvillingflickor p\u00e5 ett isolerat hem f\u00f6r f\u00f6rst\u00e5ndshandikappade. Tvillingarna kallades tillsammans f\u00f6r Lisemette eftersom de h\u00f6rde ihop s\u00e5 pass mycket att man inte skilde p\u00e5 dem. Den gamla kvinnan p\u00e5st\u00e5r att kvinnan som hittades d\u00f6d i skogen \u00e4r Lise.<\/p>\n<p>Sp\u00e4nningen tar fart n\u00e4r det hittas ett dokument p\u00e5 att Lise och hennes tvillingsyster Mette dog av lunginflammation f\u00f6r tjugo \u00e5r sedan; men eftersom Lise endast dog f\u00f6r en vecka sedan betyder det att hennes d\u00f6dsattest var falskt \u2013 kan i s\u00e5 fall Mettes d\u00f6dsattest ocks\u00e5 vara det det?<\/p>\n<p>Inneh\u00e5llet i den f\u00f6rsta h\u00e4lften av romanen \u00e4r \u00f6verraskande och lovar ett f\u00f6rklarande avslut. Dock spinner ber\u00e4ttelsen vidare till mindre intressev\u00e4ckande sm\u00e5 ber\u00e4ttelser som egentligen inte borde vara sammanfl\u00e4tande med huvudhandlingen. Dessa mindre ber\u00e4ttelser g\u00f6r \u00e4ven huvudhandlingen tunnare. Ett exempel \u00e4r Louise v\u00e4ninnas br\u00f6llopsplaner och betydelsel\u00f6sa middagsbjudningar som s\u00e4tter stopp p\u00e5 tensionen i romanen; och p\u00e5 grund av detta blir de sista hundra sidorna alldeles f\u00f6r svaga. Tvillingarnas perspektiv uteblir.<\/p>\n<p>Bl\u00e6dels stil \u00e4r till den st\u00f6rre delen kall vilket leder till att huvudkarakt\u00e4rerna \u00e4r mindre djupa och realistiska. De \u00e4r transparenta, tr\u00e5kiga. Karakt\u00e4rerna v\u00e4cker inte ens fram k\u00e4nslor n\u00e4r n\u00e5gonting g\u00e5r illa f\u00f6r dem. De mindre karakt\u00e4rerna \u00e4r dock levande och oerh\u00f6rt bra beskrivna.<\/p>\n<p>Sara Bl\u00e6del \u00e4r p\u00e5 den s\u00e4kra sidan och v\u00e5gar inte ta utmaningen att skriva ur en f\u00f6rst\u00e5ndshandikappades perspektiv. P\u00e5 grund av detta blir den lovande prologen och resten av romanen s\u00e5 osammanh\u00e4ngande att de vagt h\u00f6r ihop. \u00c5 ena sidan \u00e4r den avbrutna ber\u00e4ttelsen om Lise realistisk \u2013 hennes ber\u00e4ttelse b\u00f6r trots allt inte kunna forts\u00e4tta efter att hon har d\u00f6tt \u2013 men \u00e5 andra sidan finns det ingen mening att en hel roman handlar om en person vars sinnelag \u00e4r fr\u00e5nvarade.<\/p>\n<p>Antingen b\u00f6r spr\u00e5ket ta st\u00f6rre plats i en roman eller s\u00e5 ska handlingen g\u00f6ra det, i De bortgl\u00f6mda \u00e4r b\u00e5de spr\u00e5ket relativt bra och handlingen relativt bra vilket leder till att jag tycker att hela romanen \u00e4r relativt bra.<\/p>\n<p>Jag rekommenderar denna bok f\u00f6r l\u00e4sare som vill koppla av och \u00e4nd\u00e5 f\u00e5 ut n\u00e5gonting av sin l\u00e4sning \u2013 beskrivningarna av hur det kunde se ut p\u00e5 hemmen f\u00f6r utvecklingsst\u00f6rda \u00e4r romanens starka sida, till exempel \u2013 men i fall du som l\u00e4sare vill brinna f\u00f6r en bok och k\u00e4nna doften av bokens starka inneh\u00e5ll l\u00e5ngt efter att ha l\u00e4st den s\u00e5 \u00e4r jag tveksam i fall du skulle gilla denna kriminalroman.<\/p>\n<p><strong>Text: Anastasia Brink<\/strong><\/p>\n","protected":false},"excerpt":{"rendered":"<p>Titel: De bortgl\u00f6mda F\u00f6rfattare: Sara Bl\u00e6del F\u00f6rlag: Massolit f\u00f6rlag Utgiven: 201210 ISBN: 9789186649906 Sara Bl\u00e6del inleder De bortgl\u00f6mda med en prolog p\u00e5 en och halv sida; prologen \u00e4r poetisk, f\u00e4ngslande, varm och rysansv\u00e4rd. En kvinna l\u00e4ngtar till ljuset, hon g\u00e5r raskt bort fr\u00e5n hennes f\u00f6rflutna m\u00f6rker men r\u00e5kar ta ett felsteg som leder till att [&hellip;]<\/p>\n","protected":false},"author":13,"featured_media":60997,"comment_status":"open","ping_status":"open","sticky":false,"template":"","format":"standard","meta":{"_genesis_hide_title":false,"_genesis_hide_breadcrumbs":false,"_genesis_hide_singular_image":false,"_genesis_hide_footer_widgets":false,"_genesis_custom_body_class":"","_genesis_custom_post_class":"","_genesis_layout":"","footnotes":""},"categories":[43,3,16],"tags":[1125,3041],"class_list":{"0":"post-60995","1":"post","2":"type-post","3":"status-publish","4":"format-standard","5":"has-post-thumbnail","7":"category-bokrecension","8":"category-litteratur","9":"category-recension","10":"tag-danmark","11":"tag-kriminalroman","12":"entry"},"_links":{"self":[{"href":"https:\/\/kulturbloggen.com\/index.php?rest_route=\/wp\/v2\/posts\/60995","targetHints":{"allow":["GET"]}}],"collection":[{"href":"https:\/\/kulturbloggen.com\/index.php?rest_route=\/wp\/v2\/posts"}],"about":[{"href":"https:\/\/kulturbloggen.com\/index.php?rest_route=\/wp\/v2\/types\/post"}],"author":[{"embeddable":true,"href":"https:\/\/kulturbloggen.com\/index.php?rest_route=\/wp\/v2\/users\/13"}],"replies":[{"embeddable":true,"href":"https:\/\/kulturbloggen.com\/index.php?rest_route=%2Fwp%2Fv2%2Fcomments&post=60995"}],"version-history":[{"count":6,"href":"https:\/\/kulturbloggen.com\/index.php?rest_route=\/wp\/v2\/posts\/60995\/revisions"}],"predecessor-version":[{"id":61126,"href":"https:\/\/kulturbloggen.com\/index.php?rest_route=\/wp\/v2\/posts\/60995\/revisions\/61126"}],"wp:featuredmedia":[{"embeddable":true,"href":"https:\/\/kulturbloggen.com\/index.php?rest_route=\/wp\/v2\/media\/60997"}],"wp:attachment":[{"href":"https:\/\/kulturbloggen.com\/index.php?rest_route=%2Fwp%2Fv2%2Fmedia&parent=60995"}],"wp:term":[{"taxonomy":"category","embeddable":true,"href":"https:\/\/kulturbloggen.com\/index.php?rest_route=%2Fwp%2Fv2%2Fcategories&post=60995"},{"taxonomy":"post_tag","embeddable":true,"href":"https:\/\/kulturbloggen.com\/index.php?rest_route=%2Fwp%2Fv2%2Ftags&post=60995"}],"curies":[{"name":"wp","href":"https:\/\/api.w.org\/{rel}","templated":true}]}}