{"id":60954,"date":"2012-10-03T16:46:14","date_gmt":"2012-10-03T14:46:14","guid":{"rendered":"http:\/\/kulturbloggen.com\/?p=60954"},"modified":"2012-10-03T19:36:04","modified_gmt":"2012-10-03T17:36:04","slug":"rammstein-green-day-och-avicii-till-nya-festivalen-i-norrkoping","status":"publish","type":"post","link":"https:\/\/kulturbloggen.com\/?p=60954","title":{"rendered":"Rammstein, Green Day och Avicii till nya festivalen i Norrk\u00f6ping"},"content":{"rendered":"<p>Att Rammstein, Green Day och Avicii blir de tre dragpl\u00e5stren till den nya <a href=\"http:\/\/www.bravallafestival.se\/\"><strong>Br\u00e5vallafestivalen<\/strong><\/a> i Norrk\u00f6ping presenterades n\u00e4r arrang\u00f6rerna <a href=\"http:\/\/www.fkpscorpio.se\/\">FKP Scorpio<\/a>\u00a0&#8211; som bland annat \u00e4ven ligger bakom Hultsfredsfestivalen &#8211; kallade till presskonferens under onsdagen den 3:e oktober.<\/p>\n<p>Br\u00e5vallafestivalen kommer att \u00e4ga rum mellan den 27:e och den 29:e juni n\u00e4sta \u00e5r och f\u00f6rv\u00e4ntas bli en allvarlig utmanare till krisdrabbade Peace &amp; Love som \u00e4ger rum i Borl\u00e4nge samma helg. Den st\u00f6rsta jokern av de tre bokningarna var nog Avicii, eller Tim Bergling som han egentligen heter, som g\u00f6r sin enda spelning i Sverige f\u00f6r 2013 n\u00e4r han spelar p\u00e5 Br\u00e5vallafestivalens sista dag. Tyska Rammstein spelar p\u00e5 festivalens f\u00f6rsta dag medan Green Day som nyss gav ut <em>\u00a1Uno!<\/em> &#8211; den f\u00f6rsta av tre albumsl\u00e4pp inom loppet av ett \u00e5r &#8211; \u00e4r inbokade f\u00f6r att spela p\u00e5 fredagen.<\/p>\n<p>Arbetet med den nya festivalen i Norrk\u00f6ping p\u00e5b\u00f6rjades redan f\u00f6r tre \u00e5r sedan.\u00a0P\u00e5 fr\u00e5gan varf\u00f6r festivalen \u00e4r bel\u00e4gen i just Norrk\u00f6ping menar festivalchefen Folkert Koopmans att det framf\u00f6r allt beror p\u00e5 utrymmet. Festivalen \u00e4ger rum p\u00e5 det gamla flygf\u00e4ltsomr\u00e5det Br\u00e5valla i Norrk\u00f6ping &#8211; \u00e4ven om man f\u00f6rsta \u00e5ret &#8221;bara&#8221; tar emot 40.000 bes\u00f6kare har omr\u00e5det en kapacitet p\u00e5 100.000. Festivalomr\u00e5det \u00e4r allts\u00e5 till och med st\u00f6rre \u00e4n vad det \u00e4r p\u00e5 de festivaler FKP Scorpio arrangerar i hemlandet Tyskland, s\u00e5 ut\u00f6ver musiken har man \u00e4ven planer p\u00e5 att ha speciella omr\u00e5den f\u00f6r sport och relaxing. Dessutom ligger Norrk\u00f6ping mitt i s\u00f6dra Sverige med halva landets befolkning inom 20 mils omkrets.<\/p>\n<p>Early Bird-biljetter sl\u00e4pps redan under torsdagen den 4:e oktober kl. 10:00 via <a href=\"http:\/\/www.eventim.se\/\">Eventim<\/a>. 1-dagsbiljetterna kommer att s\u00e4ljas f\u00f6r 695 kr medan 3-dagarsbiljetterna kommer att kosta 1595 kr. Observera att camping inte ing\u00e5r i dessa priser och att flera olika campingalternativ kommer att presenteras p\u00e5 festivalens <a href=\"http:\/\/www.bravallafestival.se\/\">hemsida<\/a>.<\/p>\n<p><iframe loading=\"lazy\" src=\"http:\/\/www.youtube.com\/embed\/My0HQ0QkGLQ\" frameborder=\"0\" width=\"560\" height=\"315\"><\/iframe><\/p>\n<p><iframe loading=\"lazy\" src=\"http:\/\/www.youtube.com\/embed\/IWwMqa-_210\" frameborder=\"0\" width=\"560\" height=\"315\"><\/iframe><\/p>\n<p><iframe loading=\"lazy\" src=\"http:\/\/www.youtube.com\/embed\/_ovdm2yX4MA\" frameborder=\"0\" width=\"560\" height=\"315\"><\/iframe><\/p>\n","protected":false},"excerpt":{"rendered":"<p>Att Rammstein, Green Day och Avicii blir de tre dragpl\u00e5stren till den nya Br\u00e5vallafestivalen i Norrk\u00f6ping presenterades n\u00e4r arrang\u00f6rerna FKP Scorpio\u00a0&#8211; som bland annat \u00e4ven ligger bakom Hultsfredsfestivalen &#8211; kallade till presskonferens under onsdagen den 3:e oktober. Br\u00e5vallafestivalen kommer att \u00e4ga rum mellan den 27:e och den 29:e juni n\u00e4sta \u00e5r och f\u00f6rv\u00e4ntas bli en [&hellip;]<\/p>\n","protected":false},"author":3,"featured_media":60956,"comment_status":"open","ping_status":"open","sticky":false,"template":"","format":"standard","meta":{"_genesis_hide_title":false,"_genesis_hide_breadcrumbs":false,"_genesis_hide_singular_image":false,"_genesis_hide_footer_widgets":false,"_genesis_custom_body_class":"","_genesis_custom_post_class":"","_genesis_layout":"","footnotes":""},"categories":[20],"tags":[7401,8756,2090,4035,4638],"class_list":{"0":"post-60954","1":"post","2":"type-post","3":"status-publish","4":"format-standard","5":"has-post-thumbnail","7":"category-film","8":"tag-avicii","9":"tag-bravalla","10":"tag-green-day","11":"tag-norrkoping","12":"tag-rammstein","13":"entry"},"_links":{"self":[{"href":"https:\/\/kulturbloggen.com\/index.php?rest_route=\/wp\/v2\/posts\/60954","targetHints":{"allow":["GET"]}}],"collection":[{"href":"https:\/\/kulturbloggen.com\/index.php?rest_route=\/wp\/v2\/posts"}],"about":[{"href":"https:\/\/kulturbloggen.com\/index.php?rest_route=\/wp\/v2\/types\/post"}],"author":[{"embeddable":true,"href":"https:\/\/kulturbloggen.com\/index.php?rest_route=\/wp\/v2\/users\/3"}],"replies":[{"embeddable":true,"href":"https:\/\/kulturbloggen.com\/index.php?rest_route=%2Fwp%2Fv2%2Fcomments&post=60954"}],"version-history":[{"count":5,"href":"https:\/\/kulturbloggen.com\/index.php?rest_route=\/wp\/v2\/posts\/60954\/revisions"}],"predecessor-version":[{"id":60958,"href":"https:\/\/kulturbloggen.com\/index.php?rest_route=\/wp\/v2\/posts\/60954\/revisions\/60958"}],"wp:featuredmedia":[{"embeddable":true,"href":"https:\/\/kulturbloggen.com\/index.php?rest_route=\/wp\/v2\/media\/60956"}],"wp:attachment":[{"href":"https:\/\/kulturbloggen.com\/index.php?rest_route=%2Fwp%2Fv2%2Fmedia&parent=60954"}],"wp:term":[{"taxonomy":"category","embeddable":true,"href":"https:\/\/kulturbloggen.com\/index.php?rest_route=%2Fwp%2Fv2%2Fcategories&post=60954"},{"taxonomy":"post_tag","embeddable":true,"href":"https:\/\/kulturbloggen.com\/index.php?rest_route=%2Fwp%2Fv2%2Ftags&post=60954"}],"curies":[{"name":"wp","href":"https:\/\/api.w.org\/{rel}","templated":true}]}}