{"id":6076,"date":"2009-01-09T12:47:36","date_gmt":"2009-01-09T11:47:36","guid":{"rendered":"http:\/\/kulturbloggen.com\/?p=6076"},"modified":"2009-01-09T12:47:36","modified_gmt":"2009-01-09T11:47:36","slug":"moto-boy-i-duett-med-gud","status":"publish","type":"post","link":"https:\/\/kulturbloggen.com\/?p=6076","title":{"rendered":"Moto Boy i duett med Gud"},"content":{"rendered":"<p><img loading=\"lazy\" decoding=\"async\" src=\"http:\/\/sodergren.com\/kulturbloggen\/wp-content\/uploads\/2009\/01\/motoboy280.jpg\" alt=\"motoboy280\" title=\"motoboy280\" width=\"280\" height=\"162\" class=\"alignnone size-full wp-image-6154\" \/><\/p>\n<p>Ett tips om du \u00e4r lika svag f\u00f6r Moto Boys underbara r\u00f6st:<br \/>\n<!--more--><\/p>\n<blockquote><p>I januari byter vi ut klockspel mot h\u00e5rdrocksgitarr och placerar Moto Boy, n\u00e5gra str\u00e5kar och ett piano i tv\u00e5 favoritkyrkor. Den 25 januari ser vi honom i Uppenbarelsekyrkan i H\u00e4gersten i Stockholm och den 27 januari i Caroli Kyrka i Malm\u00f6.<\/p>\n<p>N\u00e4r Moto Boy i december f\u00f6rra \u00e5ret sl\u00e4ppte minialbumet For Martha b\u00f6rjade vi fundera p\u00e5 vilket som egentligen var den b\u00e4sta kontexten f\u00f6r de falsett- och elgitarrkryddade klassiska styckena. Vi hade ju under sommaren och h\u00f6sten sett Malm\u00f6s h\u00f6gklackade sweetheart f\u00f6rtrolla publik p\u00e5 b\u00e5de stora festivalscener och mindre klubbscener, men h\u00e4r kr\u00e4vdes n\u00e5got lite extra. N\u00e5got som var lite st\u00f6rre, men \u00e4nd\u00e5 enklare. Lite mer eftert\u00e4nksamt. \u00c4nnu vackrare. Precis som For Martha faktiskt l\u00e5ter. Valet f\u00f6ll p\u00e5 tv\u00e5 kyrkor, en i H\u00e4gersten i Stockholm och en i Malm\u00f6.<\/p>\n<p>Moto Boy, Oskar Humlebo, sl\u00e4ppte sitt debutalbum i januari 2008 och m\u00f6ttes av idel rosor och ber\u00f6m. \u00c5ret blev till en enda l\u00e5ng succ\u00e9 som avrundades med minialbumet For Martha. Albumet inneh\u00e5ller fyra klassiska stycken, bland annat \u201dAve Maria\u201d och \u201dPie Jesu\u201d, och en helt ny Moto Boy-l\u00e5t.<\/p>\n<p>I slutet av januari ser vi Moto Boy tillsammans med v\u00e4nner p\u00e5 str\u00e5kar och klaviatur i Uppenbarelsekyrkan och Caroli Kyrka. Det blir andakt, visioner och stora dr\u00f6mmar!<\/p><\/blockquote>\n<p>Konsertinfo:<\/p>\n<p>25.1 Stockholm, Uppenbarelsekyrkan i H\u00e4gersten<br \/>\n27.1 Malm\u00f6, Caroli Kyrka<\/p>\n<p>Andra bloggar om: <a href=\"http:\/\/bloggar.se\/om\/s%E5ng\" rel=\"tag\">s\u00e5ng<\/a>, <a href=\"http:\/\/bloggar.se\/om\/rockmusik\" rel=\"tag\">rockmusik<\/a>, <a href=\"http:\/\/bloggar.se\/om\/musik\" rel=\"tag\">musik<\/a>, <a href=\"http:\/\/bloggar.se\/om\/kyrkan\" rel=\"tag\">kyrkan<\/a>, <a href=\"http:\/\/bloggar.se\/om\/gud\" rel=\"tag\">gud<\/a>, <a href=\"http:\/\/bloggar.se\/om\/falsett\" rel=\"tag\">falsett<\/a>, <a href=\"http:\/\/bloggar.se\/om\/Moto+Boy\" rel=\"tag\">Moto Boy<\/a><\/p>\n","protected":false},"excerpt":{"rendered":"<p>Ett tips om du \u00e4r lika svag f\u00f6r Moto Boys underbara r\u00f6st:<\/p>\n","protected":false},"author":2,"featured_media":0,"comment_status":"open","ping_status":"open","sticky":false,"template":"","format":"standard","meta":{"_genesis_hide_title":false,"_genesis_hide_breadcrumbs":false,"_genesis_hide_singular_image":false,"_genesis_hide_footer_widgets":false,"_genesis_custom_body_class":"","_genesis_custom_post_class":"","_genesis_layout":"","footnotes":""},"categories":[7],"tags":[1646,2115,3162,12282,4803,5578],"class_list":{"0":"post-6076","1":"post","2":"type-post","3":"status-publish","4":"format-standard","6":"category-musik","7":"tag-falsett","8":"tag-gud","9":"tag-kyrkan","10":"tag-musik","11":"tag-rockmusik","12":"tag-sang","13":"entry"},"_links":{"self":[{"href":"https:\/\/kulturbloggen.com\/index.php?rest_route=\/wp\/v2\/posts\/6076","targetHints":{"allow":["GET"]}}],"collection":[{"href":"https:\/\/kulturbloggen.com\/index.php?rest_route=\/wp\/v2\/posts"}],"about":[{"href":"https:\/\/kulturbloggen.com\/index.php?rest_route=\/wp\/v2\/types\/post"}],"author":[{"embeddable":true,"href":"https:\/\/kulturbloggen.com\/index.php?rest_route=\/wp\/v2\/users\/2"}],"replies":[{"embeddable":true,"href":"https:\/\/kulturbloggen.com\/index.php?rest_route=%2Fwp%2Fv2%2Fcomments&post=6076"}],"version-history":[{"count":0,"href":"https:\/\/kulturbloggen.com\/index.php?rest_route=\/wp\/v2\/posts\/6076\/revisions"}],"wp:attachment":[{"href":"https:\/\/kulturbloggen.com\/index.php?rest_route=%2Fwp%2Fv2%2Fmedia&parent=6076"}],"wp:term":[{"taxonomy":"category","embeddable":true,"href":"https:\/\/kulturbloggen.com\/index.php?rest_route=%2Fwp%2Fv2%2Fcategories&post=6076"},{"taxonomy":"post_tag","embeddable":true,"href":"https:\/\/kulturbloggen.com\/index.php?rest_route=%2Fwp%2Fv2%2Ftags&post=6076"}],"curies":[{"name":"wp","href":"https:\/\/api.w.org\/{rel}","templated":true}]}}