{"id":60678,"date":"2012-09-22T18:58:53","date_gmt":"2012-09-22T16:58:53","guid":{"rendered":"http:\/\/kulturbloggen.com\/?p=60678"},"modified":"2012-09-22T18:58:53","modified_gmt":"2012-09-22T16:58:53","slug":"tips-pa-barnteater-premiar-av-diktatorn-efter-ulf-starks-bok-pa-boulevardteatern","status":"publish","type":"post","link":"https:\/\/kulturbloggen.com\/?p=60678","title":{"rendered":"Tips p\u00e5 barnteater: Premi\u00e4r av Diktatorn efter Ulf Starks bok p\u00e5 Boulevardteatern"},"content":{"rendered":"<p><a href=\"http:\/\/kulturbloggen.com\/wp-content\/uploads\/2012\/09\/diktatorn_boulevardteatern.gif\"><img loading=\"lazy\" decoding=\"async\" src=\"http:\/\/kulturbloggen.com\/wp-content\/uploads\/2012\/09\/diktatorn_boulevardteatern-200x300.gif\" alt=\"\" title=\"diktatorn_boulevardteatern\" width=\"200\" height=\"300\" class=\"aligncenter size-medium wp-image-60679\" srcset=\"https:\/\/kulturbloggen.com\/wp-content\/uploads\/2012\/09\/diktatorn_boulevardteatern-200x300.gif 200w, https:\/\/kulturbloggen.com\/wp-content\/uploads\/2012\/09\/diktatorn_boulevardteatern-150x225.gif 150w, https:\/\/kulturbloggen.com\/wp-content\/uploads\/2012\/09\/diktatorn_boulevardteatern-100x150.gif 100w, https:\/\/kulturbloggen.com\/wp-content\/uploads\/2012\/09\/diktatorn_boulevardteatern-153x230.gif 153w, https:\/\/kulturbloggen.com\/wp-content\/uploads\/2012\/09\/diktatorn_boulevardteatern-43x65.gif 43w, https:\/\/kulturbloggen.com\/wp-content\/uploads\/2012\/09\/diktatorn_boulevardteatern-53x80.gif 53w, https:\/\/kulturbloggen.com\/wp-content\/uploads\/2012\/09\/diktatorn_boulevardteatern.gif 250w\" sizes=\"auto, (max-width: 200px) 100vw, 200px\" \/><\/a><\/p>\n<p>Boulevardteatern s\u00e4tter upp &#8221;Diktatorn&#8221; som bygger p\u00e5 Ulf Starks bok. Den har premi\u00e4r 3 oktober och m\u00e5lgruppen \u00e4r framf\u00f6r allt barn mellan tre till \u00e5tta \u00e5r.<\/p>\n<p>Ett pressmeddelande ber\u00e4ttar om f\u00f6rest\u00e4llningen:<\/p>\n<p>Diktatorn har andra m\u00e4nniskor som g\u00f6r det mesta \u00e5t honom,  han blir matad, man borstar hans t\u00e4nder, man l\u00e4ser sagor f\u00f6r honom  &#8211; men han vill bara h\u00f6ra den som handlar om honom sj\u00e4lv och hur bra han \u00e4r.<\/p>\n<p>N\u00e4r han befaller sig sj\u00e4lv att sova m\u00e5ste han lyda, men s\u00e4mre g\u00e5r det n\u00e4r han f\u00f6rs\u00f6ker befalla flickan Sirkka att bli hans v\u00e4n.<br \/>\nS\u00e5 \u00e4r man en mycket liten diktator kan det bli ensamt till slut.<br \/>\nDiktatorn \u00e4r en underbar och humoristisk skildring av en liten tyrann, eller med andra ord &#8211; av ett barn.<\/p>\n<p>N\u00e4r f\u00f6rfattaren till boken Diktatorn, Ulf Stark, bj\u00f6ds till f\u00f6rfattartr\u00e4ff i Vitryssland hade han med sig boken Diktatorn.<br \/>\nDen d\u00e5varande svenska ambassad\u00f6ren, som ju nyligen utvisades fr\u00e5n Vitryssland, hade \u00f6versatt och gett ut boken d\u00e4r &#8211; med viss oro. I den utg\u00e5van hade Ulf Stark lagt till ett kapitel d\u00e4r Diktatorn spelar ishockey. Lukasjenko r\u00e5kar n\u00e4mligen \u00e4lska ishockey och han ut\u00f6var sporten ofta och if\u00f6rd en tr\u00f6ja med nr 1 p\u00e5. Hans lag vinner alltid.<br \/>\nI boken spelar den lille diktatorn ishockey i kuddrummet men skjuter vid sidan av m\u00e5l hela tiden men skriker \u00e4nd\u00e5 att han vinner. <\/p>\n<p>I Boulevardteaterns upps\u00e4ttning \u00e4r ishockeyscenen med och liksom resten av f\u00f6rest\u00e4llningen \u00e4r den en h\u00e4rligt fysisk och musikalisk lek med teaterformen i Boulevardteaterns typiska anda d\u00e4r mimen ligger i botten.<\/p>\n<p>Regi &#038; dramatisering Roger Westberg<br \/>\nMedverkande Gustav Lundkvist och Isabell Skarby Hay<br \/>\nMusik J\u00f6rgen Aggeklint<br \/>\nScenografi &#038; kostym Mats Nilsson<\/p>\n<p>L\u00e4s \u00e4ven andra bloggares \u00e5sikter om <a href=\"http:\/\/bloggar.se\/om\/scenkonst\" rel=\"tag\">scenkonst<\/a>, <a href=\"http:\/\/bloggar.se\/om\/Boulevardteatern\" rel=\"tag\">Boulevardteatern<\/a>, <a href=\"http:\/\/bloggar.se\/om\/teatertips\" rel=\"tag\">teatertips<\/a>, <a href=\"http:\/\/bloggar.se\/om\/barnteater\" rel=\"tag\">barnteater<\/a>, <a href=\"http:\/\/bloggar.se\/om\/Ulf+Stark\" rel=\"tag\">Ulf Stark<\/a><\/p>\n","protected":false},"excerpt":{"rendered":"<p>Boulevardteatern s\u00e4tter upp &#8221;Diktatorn&#8221; som bygger p\u00e5 Ulf Starks bok. Den har premi\u00e4r 3 oktober och m\u00e5lgruppen \u00e4r framf\u00f6r allt barn mellan tre till \u00e5tta \u00e5r. Ett pressmeddelande ber\u00e4ttar om f\u00f6rest\u00e4llningen: Diktatorn har andra m\u00e4nniskor som g\u00f6r det mesta \u00e5t honom, han blir matad, man borstar hans t\u00e4nder, man l\u00e4ser sagor f\u00f6r honom &#8211; men [&hellip;]<\/p>\n","protected":false},"author":13,"featured_media":0,"comment_status":"open","ping_status":"open","sticky":false,"template":"","format":"standard","meta":{"_genesis_hide_title":false,"_genesis_hide_breadcrumbs":false,"_genesis_hide_singular_image":false,"_genesis_hide_footer_widgets":false,"_genesis_custom_body_class":"","_genesis_custom_post_class":"","_genesis_layout":"","footnotes":""},"categories":[20,30],"tags":[543,818,4955,8727,6068],"class_list":{"0":"post-60678","1":"post","2":"type-post","3":"status-publish","4":"format-standard","6":"category-film","7":"category-teater","8":"tag-barnteater","9":"tag-boulevardteatern","10":"tag-scenkonst","11":"tag-teatertips","12":"tag-ulf-stark","13":"entry"},"_links":{"self":[{"href":"https:\/\/kulturbloggen.com\/index.php?rest_route=\/wp\/v2\/posts\/60678","targetHints":{"allow":["GET"]}}],"collection":[{"href":"https:\/\/kulturbloggen.com\/index.php?rest_route=\/wp\/v2\/posts"}],"about":[{"href":"https:\/\/kulturbloggen.com\/index.php?rest_route=\/wp\/v2\/types\/post"}],"author":[{"embeddable":true,"href":"https:\/\/kulturbloggen.com\/index.php?rest_route=\/wp\/v2\/users\/13"}],"replies":[{"embeddable":true,"href":"https:\/\/kulturbloggen.com\/index.php?rest_route=%2Fwp%2Fv2%2Fcomments&post=60678"}],"version-history":[{"count":1,"href":"https:\/\/kulturbloggen.com\/index.php?rest_route=\/wp\/v2\/posts\/60678\/revisions"}],"predecessor-version":[{"id":60680,"href":"https:\/\/kulturbloggen.com\/index.php?rest_route=\/wp\/v2\/posts\/60678\/revisions\/60680"}],"wp:attachment":[{"href":"https:\/\/kulturbloggen.com\/index.php?rest_route=%2Fwp%2Fv2%2Fmedia&parent=60678"}],"wp:term":[{"taxonomy":"category","embeddable":true,"href":"https:\/\/kulturbloggen.com\/index.php?rest_route=%2Fwp%2Fv2%2Fcategories&post=60678"},{"taxonomy":"post_tag","embeddable":true,"href":"https:\/\/kulturbloggen.com\/index.php?rest_route=%2Fwp%2Fv2%2Ftags&post=60678"}],"curies":[{"name":"wp","href":"https:\/\/api.w.org\/{rel}","templated":true}]}}