{"id":60607,"date":"2012-09-20T10:17:20","date_gmt":"2012-09-20T08:17:20","guid":{"rendered":"http:\/\/kulturbloggen.com\/?p=60607"},"modified":"2012-10-03T18:20:29","modified_gmt":"2012-10-03T16:20:29","slug":"ovader-for-hela-familjen-pierrot-pa-operan-urpremiar-pa-kungliga-operans-rotunda-29-september","status":"publish","type":"post","link":"https:\/\/kulturbloggen.com\/?p=60607","title":{"rendered":"Ov\u00e4der f\u00f6r hela familjen -Pierrot p\u00e5 Operan &#8211; urpremi\u00e4r p\u00e5 Kungliga Operans Rotunda &#8211; 29 september"},"content":{"rendered":"<p><a href=\"http:\/\/kulturbloggen.com\/wp-content\/uploads\/2012\/09\/pierrotpaoperan.jpg\"><img loading=\"lazy\" decoding=\"async\" class=\"aligncenter size-medium wp-image-60608\" src=\"http:\/\/kulturbloggen.com\/wp-content\/uploads\/2012\/09\/pierrotpaoperan-300x173.jpg\" alt=\"\" width=\"300\" height=\"173\" srcset=\"https:\/\/kulturbloggen.com\/wp-content\/uploads\/2012\/09\/pierrotpaoperan-300x173.jpg 300w, https:\/\/kulturbloggen.com\/wp-content\/uploads\/2012\/09\/pierrotpaoperan-200x115.jpg 200w, https:\/\/kulturbloggen.com\/wp-content\/uploads\/2012\/09\/pierrotpaoperan-175x101.jpg 175w, https:\/\/kulturbloggen.com\/wp-content\/uploads\/2012\/09\/pierrotpaoperan-396x230.jpg 396w, https:\/\/kulturbloggen.com\/wp-content\/uploads\/2012\/09\/pierrotpaoperan-100x57.jpg 100w, https:\/\/kulturbloggen.com\/wp-content\/uploads\/2012\/09\/pierrotpaoperan-80x46.jpg 80w, https:\/\/kulturbloggen.com\/wp-content\/uploads\/2012\/09\/pierrotpaoperan-150x86.jpg 150w, https:\/\/kulturbloggen.com\/wp-content\/uploads\/2012\/09\/pierrotpaoperan.jpg 564w\" sizes=\"auto, (max-width: 300px) 100vw, 300px\" \/><\/a><\/p>\n<p>Harlekina och Pierrot bjuder p\u00e5 ett m\u00f6te mellan klassisk balett och pantomim. Pierrot p\u00e5 Operan \u00e4r ett unikt samarbete mellan Kungliga Operan och Pantomimteatern. F\u00f6rest\u00e4llningen har urpremi\u00e4r p\u00e5 Operans Rotunda den 29 september.<\/p>\n<p><strong>Om handlingen<\/strong><\/p>\n<p>Pierrot \u00e4r en ganska lat och dr\u00f6msk scentekniker som en dag m\u00f6ter den intensiva och busiga ballerinan Harlekina n\u00e5gonstans bakom kulisserna p\u00e5 Operan. En plats dit \u00e4ven Tuban och Slagverket tagit sig f\u00f6r att spela sina favoritslingor tillsammans. Lek och allvar, fantasi och verklighet blandas med tr\u00e4dkulisser, molnskyar, en hiskelig bj\u00f6rn och en bed\u00e5rande sjal.<\/p>\n<p><strong>En bakgrund<\/strong><\/p>\n<p>I Operans studio p\u00e5g\u00e5r f\u00f6r n\u00e4rvarande ett intensivt och sp\u00e4nnande arbete med f\u00f6rest\u00e4llningen Pierrot p\u00e5 Operan, en helt unik f\u00f6rest\u00e4llning d\u00e4r klassisk balett m\u00f6ter modern pantomim. F\u00f6rest\u00e4llningen arbetas fram av hela ensemblen och musiken komponeras parallellt med repetitionerna.<\/p>\n<p>F\u00f6rest\u00e4llningen har \u00e5terskapat en riktig 1700-talsstorm. I st\u00e4llet f\u00f6r inspelade ljudeffekter \u00e4r det regnmaskin, vindmaskiner, \u00e5sk- och blixtmaskiner som g\u00f6r ljuden. Maskinerna \u00e4r nybyggda kopior av instrument fr\u00e5n Drottningholmsteatern.<\/p>\n<p>Pierrot p\u00e5 Operan \u00e4r den f\u00f6rsta baletten som best\u00e4llts av Unga p\u00e5 Operan, Kungliga Operans barn- och ungdomsverksamhet. F\u00f6rest\u00e4llningen har urpremi\u00e4r den 29 september p\u00e5 Operans Rotunda. F\u00f6rest\u00e4llningen riktar sig till barn 6-9 \u00e5r, och deras familjer, och ges sammanlagt 30 g\u00e5nger t o m den 23 oktober.<\/p>\n<p><strong>Recensioner<\/strong><\/p>\n<p><a href=\"http:\/\/www.svd.se\/kultur\/scen\/tunn-men-charmig-hyllning-till-fantasin_7542092.svd\">Anna \u00c5ngstr\u00f6m i SvD<\/a><\/p>\n<p><strong>Produktionsteam<\/strong><\/p>\n<p>Regi och mim: Hannu B\u00f6\u00f6k.<\/p>\n<p>Koreograf: Nicole Rhodes.<\/p>\n<p>Musik: Carl Jakobsson och Roger Svedberg.<\/p>\n<p>Libretto: Torun Boucher.<\/p>\n<p>Scenografi och kostym: Eva Grytt.<\/p>\n<p>Ljus: Lennart Persson.<\/p>\n<p>Bitr\u00e4dande koreograf: Mariella Gink.<\/p>\n<p>Dramaturg: Sophie Helsing.<\/p>\n<p><strong>Medverkande:<\/strong><\/p>\n<p>Harlekina: Nicole Rhodes.<\/p>\n<p>Pierrot: Bo W Lindstr\u00f6m.<\/p>\n<p>Tuba: Carl Jacobsson.<\/p>\n<p>Slagverk: Roger Svedberg.<\/p>\n","protected":false},"excerpt":{"rendered":"<p>Harlekina och Pierrot bjuder p\u00e5 ett m\u00f6te mellan klassisk balett och pantomim. Pierrot p\u00e5 Operan \u00e4r ett unikt samarbete mellan Kungliga Operan och Pantomimteatern. F\u00f6rest\u00e4llningen har urpremi\u00e4r p\u00e5 Operans Rotunda den 29 september. Om handlingen Pierrot \u00e4r en ganska lat och dr\u00f6msk scentekniker som en dag m\u00f6ter den intensiva och busiga ballerinan Harlekina n\u00e5gonstans bakom [&hellip;]<\/p>\n","protected":false},"author":13,"featured_media":0,"comment_status":"open","ping_status":"open","sticky":false,"template":"","format":"standard","meta":{"_genesis_hide_title":false,"_genesis_hide_breadcrumbs":false,"_genesis_hide_singular_image":false,"_genesis_hide_footer_widgets":false,"_genesis_custom_body_class":"","_genesis_custom_post_class":"","_genesis_layout":"","footnotes":""},"categories":[20],"tags":[8716,8715],"class_list":{"0":"post-60607","1":"post","2":"type-post","3":"status-publish","4":"format-standard","6":"category-film","7":"tag-familjeforestallning-pa-rotundan","8":"tag-pierrot-pa-operan","9":"entry"},"_links":{"self":[{"href":"https:\/\/kulturbloggen.com\/index.php?rest_route=\/wp\/v2\/posts\/60607","targetHints":{"allow":["GET"]}}],"collection":[{"href":"https:\/\/kulturbloggen.com\/index.php?rest_route=\/wp\/v2\/posts"}],"about":[{"href":"https:\/\/kulturbloggen.com\/index.php?rest_route=\/wp\/v2\/types\/post"}],"author":[{"embeddable":true,"href":"https:\/\/kulturbloggen.com\/index.php?rest_route=\/wp\/v2\/users\/13"}],"replies":[{"embeddable":true,"href":"https:\/\/kulturbloggen.com\/index.php?rest_route=%2Fwp%2Fv2%2Fcomments&post=60607"}],"version-history":[{"count":3,"href":"https:\/\/kulturbloggen.com\/index.php?rest_route=\/wp\/v2\/posts\/60607\/revisions"}],"predecessor-version":[{"id":60610,"href":"https:\/\/kulturbloggen.com\/index.php?rest_route=\/wp\/v2\/posts\/60607\/revisions\/60610"}],"wp:attachment":[{"href":"https:\/\/kulturbloggen.com\/index.php?rest_route=%2Fwp%2Fv2%2Fmedia&parent=60607"}],"wp:term":[{"taxonomy":"category","embeddable":true,"href":"https:\/\/kulturbloggen.com\/index.php?rest_route=%2Fwp%2Fv2%2Fcategories&post=60607"},{"taxonomy":"post_tag","embeddable":true,"href":"https:\/\/kulturbloggen.com\/index.php?rest_route=%2Fwp%2Fv2%2Ftags&post=60607"}],"curies":[{"name":"wp","href":"https:\/\/api.w.org\/{rel}","templated":true}]}}