{"id":6049,"date":"2009-01-09T10:27:09","date_gmt":"2009-01-09T09:27:09","guid":{"rendered":"http:\/\/kulturbloggen.com\/?p=6049"},"modified":"2009-01-09T10:27:09","modified_gmt":"2009-01-09T09:27:09","slug":"nu-kan-du-boka-plats-pa-festen-for-utdelning-av-priset-till-basta-kulturblogg","status":"publish","type":"post","link":"https:\/\/kulturbloggen.com\/?p=6049","title":{"rendered":"Nu kan du boka plats p\u00e5 festen f\u00f6r utdelning av priset till b\u00e4sta kulturblogg"},"content":{"rendered":"<p><img loading=\"lazy\" decoding=\"async\" class=\"alignright size-full wp-image-6065\" title=\"soderkisen260\" src=\"http:\/\/sodergren.com\/kulturbloggen\/wp-content\/uploads\/2009\/01\/soderkisen260.jpg\" alt=\"soderkisen260\" width=\"260\" height=\"150\" \/>30 januari 2009 klockan 18.00 delas priserna ut till 2008 \u00e5rs b\u00e4sta kulturbloggar.<\/p>\n<p><strong>Prisutdelningen sker p\u00e5 <a href=\"http:\/\/www.soderkisen.se\/\">S\u00f6derkisen i Stockholm. H\u00e4r kan du l\u00e4sa om den restaurangen<\/a>.<\/strong><\/p>\n<p>H\u00e5llpunkter:<br \/>\n18.00 Prisutdelning<br \/>\n19.00 Middag<\/p>\n<p>Vill du vara med p\u00e5 middagen?<br \/>\n<a href=\"http:\/\/sodergren.com\/survey\/public\/survey.php?name=Middagsanm_lan\">Anm\u00e4l dig h\u00e4r, senast m\u00e5ndag 26 januari.<\/a><br \/>\n<a href=\"http:\/\/www.soderkisen.se\/index.php?option=com_content&amp;task=section&amp;id=4&amp;Itemid=8\"><br \/>\nH\u00e4r kan du se vilken meny S\u00f6derkisen har.<\/a><\/p>\n<p><a href=\"http:\/\/kulturbloggen.com\/?page_id=5485\">Gl\u00f6m inte att r\u00f6sta: h\u00e4r kan du se vilka som \u00e4r nominerade och r\u00f6sta.<br \/>\nSista dag att r\u00f6sta \u00e4r 17 januari.<\/a><\/p>\n<p>Kulturblogg Award sponsras av <a href=\"http:\/\/stix.to\/\">StixTo<\/a> och <a href=\"http:\/\/www.twingly.com\/\">Twingly<\/a>.<\/p>\n<p><a href=\"http:\/\/stix.to\/\" target=\"_blank\"><img loading=\"lazy\" decoding=\"async\" class=\"alignright size-medium wp-image-6081\" title=\"stix_to_logo_parallel_whitebg1\" src=\"http:\/\/sodergren.com\/kulturbloggen\/wp-content\/uploads\/2009\/01\/stix_to_logo_parallel_whitebg1-300x91.jpg\" alt=\"stix_to_logo_parallel_whitebg1\" width=\"300\" height=\"91\" \/><\/a><\/p>\n<p>Andra bloggar om: <a rel=\"tag\" href=\"http:\/\/bloggar.se\/om\/kultur\">kultur<\/a>, <a rel=\"tag\" href=\"http:\/\/bloggar.se\/om\/kulturpris\">kulturpris<\/a>, <a rel=\"tag\" href=\"http:\/\/bloggar.se\/om\/bloggpris\">bloggpris<\/a>, <a rel=\"tag\" href=\"http:\/\/bloggar.se\/om\/Kulturblogg+Award\">Kulturblogg Award<\/a>, <a rel=\"tag\" href=\"http:\/\/bloggar.se\/om\/Stockholm\">Stockholm<\/a>, <a rel=\"tag\" href=\"http:\/\/bloggar.se\/om\/prisutdelning\">prisutdelning<\/a>, <a rel=\"tag\" href=\"http:\/\/bloggar.se\/om\/S%F6derkisen\">S\u00f6derkisen<\/a><\/p>\n","protected":false},"excerpt":{"rendered":"<p>30 januari 2009 klockan 18.00 delas priserna ut till 2008 \u00e5rs b\u00e4sta kulturbloggar. Prisutdelningen sker p\u00e5 S\u00f6derkisen i Stockholm. H\u00e4r kan du l\u00e4sa om den restaurangen. H\u00e5llpunkter: 18.00 Prisutdelning 19.00 Middag Vill du vara med p\u00e5 middagen? Anm\u00e4l dig h\u00e4r, senast m\u00e5ndag 26 januari. H\u00e4r kan du se vilken meny S\u00f6derkisen har. Gl\u00f6m inte att [&hellip;]<\/p>\n","protected":false},"author":2,"featured_media":0,"comment_status":"open","ping_status":"open","sticky":false,"template":"","format":"standard","meta":{"_genesis_hide_title":false,"_genesis_hide_breadcrumbs":false,"_genesis_hide_singular_image":false,"_genesis_hide_footer_widgets":false,"_genesis_custom_body_class":"","_genesis_custom_post_class":"","_genesis_layout":"","footnotes":""},"categories":[20],"tags":[737,3074,3081,3112,4512,5400],"class_list":{"0":"post-6049","1":"post","2":"type-post","3":"status-publish","4":"format-standard","6":"category-film","7":"tag-bloggpris","8":"tag-kultur","9":"tag-kulturblogg-award","10":"tag-kulturpris","11":"tag-prisutdelning","12":"tag-stockholm","13":"entry"},"_links":{"self":[{"href":"https:\/\/kulturbloggen.com\/index.php?rest_route=\/wp\/v2\/posts\/6049","targetHints":{"allow":["GET"]}}],"collection":[{"href":"https:\/\/kulturbloggen.com\/index.php?rest_route=\/wp\/v2\/posts"}],"about":[{"href":"https:\/\/kulturbloggen.com\/index.php?rest_route=\/wp\/v2\/types\/post"}],"author":[{"embeddable":true,"href":"https:\/\/kulturbloggen.com\/index.php?rest_route=\/wp\/v2\/users\/2"}],"replies":[{"embeddable":true,"href":"https:\/\/kulturbloggen.com\/index.php?rest_route=%2Fwp%2Fv2%2Fcomments&post=6049"}],"version-history":[{"count":0,"href":"https:\/\/kulturbloggen.com\/index.php?rest_route=\/wp\/v2\/posts\/6049\/revisions"}],"wp:attachment":[{"href":"https:\/\/kulturbloggen.com\/index.php?rest_route=%2Fwp%2Fv2%2Fmedia&parent=6049"}],"wp:term":[{"taxonomy":"category","embeddable":true,"href":"https:\/\/kulturbloggen.com\/index.php?rest_route=%2Fwp%2Fv2%2Fcategories&post=6049"},{"taxonomy":"post_tag","embeddable":true,"href":"https:\/\/kulturbloggen.com\/index.php?rest_route=%2Fwp%2Fv2%2Ftags&post=6049"}],"curies":[{"name":"wp","href":"https:\/\/api.w.org\/{rel}","templated":true}]}}