{"id":60244,"date":"2012-09-11T10:34:38","date_gmt":"2012-09-11T08:34:38","guid":{"rendered":"http:\/\/kulturbloggen.com\/?p=60244"},"modified":"2012-09-11T10:34:38","modified_gmt":"2012-09-11T08:34:38","slug":"ang-finansiering-av-public-service-vad-ar-det-for-modernt-med-skatt","status":"publish","type":"post","link":"https:\/\/kulturbloggen.com\/?p=60244","title":{"rendered":"Ang. finansiering av public service: Vad \u00e4r det f\u00f6r modernt med skatt?"},"content":{"rendered":"<p><a href=\"http:\/\/kulturbloggen.com\/wp-content\/uploads\/2012\/09\/tvlicens.jpg\"><img loading=\"lazy\" decoding=\"async\" src=\"http:\/\/kulturbloggen.com\/wp-content\/uploads\/2012\/09\/tvlicens.jpg\" alt=\"\" title=\"tvlicens\" width=\"450\" height=\"329\" class=\"aligncenter size-full wp-image-60247\" srcset=\"https:\/\/kulturbloggen.com\/wp-content\/uploads\/2012\/09\/tvlicens.jpg 450w, https:\/\/kulturbloggen.com\/wp-content\/uploads\/2012\/09\/tvlicens-300x219.jpg 300w, https:\/\/kulturbloggen.com\/wp-content\/uploads\/2012\/09\/tvlicens-200x146.jpg 200w, https:\/\/kulturbloggen.com\/wp-content\/uploads\/2012\/09\/tvlicens-175x127.jpg 175w, https:\/\/kulturbloggen.com\/wp-content\/uploads\/2012\/09\/tvlicens-314x230.jpg 314w, https:\/\/kulturbloggen.com\/wp-content\/uploads\/2012\/09\/tvlicens-88x65.jpg 88w, https:\/\/kulturbloggen.com\/wp-content\/uploads\/2012\/09\/tvlicens-80x58.jpg 80w, https:\/\/kulturbloggen.com\/wp-content\/uploads\/2012\/09\/tvlicens-150x109.jpg 150w\" sizes=\"auto, (max-width: 450px) 100vw, 450px\" \/><\/a><\/p>\n<p>Dags f\u00f6r en ny och modern finansiering av public service, skriver Folkpartiet i ett pressmeddelande d\u00e4r de kommenterar det nya f\u00f6rslaget p\u00e5 skatt ist\u00e4llet f\u00f6r tv- och radiolicensen.<\/p>\n<p>Utredarna till nytt system f\u00f6r finansiering av public service vill att avgiften blir en skatt som blir h\u00f6gre f\u00f6r den med h\u00f6gre inkomst. <a href=\"http:\/\/www.dn.se\/debatt\/nya-tv-avgiften-dyrare-for-hoginkomsttagarna\">P\u00e5 DN Debatt skriver de<\/a>:<br \/>\n<em>Den gamla tv-licensen f\u00f6rsvinner och alla \u00f6ver 18 \u00e5r ska \u00adbetala tv-skatt efter inkomst. Det betyder \u00f6kade kostnader f\u00f6r m\u00e5nga hush\u00e5ll, medan andra\u00ad f\u00e5r en l\u00e4gre avgift eller ingen avgift alls. Den nya modellen \u00e4r mer r\u00e4ttvis eftersom avgiftsskolket f\u00f6rsvinner, skriver utredarna i public servicekommitt\u00e9n.<\/em><\/p>\n<p>M\u00e5nga \u00e4r kritiska, exempelvis Sveriges Radios avg\u00e5ende vd, Mats Svegfors, och f\u00f6retagets tilltr\u00e4dande vd, Cecilia Benk\u00f6, underk\u00e4nner omedelbart utredarnas skattef\u00f6rslag. <a href=\"http:\/\/www.aftonbladet.se\/senastenytt\/ttnyheter\/inrikes\/article15420067.ab\">Aftonbladet<\/a>:<br \/>\n<em>&#8221;Budgetfinansiering vore ett h\u00e5rt slag mot v\u00e5rt oberoende, d v s det som oftast kallas &#8217;arml\u00e4ngds avst\u00e5nd&#8217; mellan public service och politiken&#8221;, skriver Benk\u00f6 och Svegfors i ett pressmeddelande i natt.<\/em><\/p>\n<p>Folkpartiet \u00e4r, som v\u00e4ntat, positiva och skriver:<\/p>\n<p><em>\u2013 Public service- utredningen landar i stort r\u00e4tt i de fr\u00e5gor den tar upp. Det \u00e4r mycket bra att man f\u00f6resl\u00e5r en ny modern finansiering. Jag vill dock inte binda mig exakt till hur den nya avgiften ska ber\u00e4knas. <\/p>\n<p>Det s\u00e4ger Christer Nylander, vice ordf\u00f6rande (FP) i riksdagens kulturutskott, med anledning av att public service- kommitt\u00e9n idag, tisdag, presenterar bet\u00e4nkandet &#8221;Nya villkor f\u00f6r public service&#8221;. <\/p>\n<p>\u2013 Bet\u00e4nkandet ger ett bra underlag f\u00f6r den politiska process som nu tar vid och jag tror att f\u00f6ruts\u00e4ttningarna f\u00f6r breda \u00f6verenskommelser \u00e4r goda, s\u00e4ger Christer Nylander. <\/em><\/p>\n<p>Jag m\u00e5ste s\u00e4ga att jag reagerar \u00f6ver uttrycket &#8221;ny, modern&#8221;. Vad \u00e4r det f\u00f6r modernt med skatter som ber\u00e4knas efter inkomst?<br \/>\nJag tror inte det f\u00f6rslaget blir lyckat.<\/p>\n<p>Det nuvarande systemet \u00e4r dock inte heller s\u00e5 bra. Dess historia med tv-pejlare som letar fuskare \u00e4r inte n\u00e5got att vara stolt \u00f6ver.<br \/>\nEn public service som \u00e4r fri fr\u00e5n staten och som inte beh\u00f6ver leva p\u00e5 kommersiella villkor &#8211; det beh\u00f6ver ett demokratiskt samh\u00e4lle. Vi ska v\u00e4rna om public service och dess oberoende.<\/p>\n<p>Hur finansierar vi d\u00e5 det? Det \u00e4r fr\u00e5gan. Att avgiften dras i samband med n\u00e4r skatt dras, det tycker jag \u00e4r bra. Det \u00e4r b\u00e4ttre \u00e4n nuvarande system. Men jag \u00e4r tveksam till att den ska utformas som en skatt och att den ska anpassas efter inkomsten. <\/p>\n<p>Varf\u00f6r ska d\u00e5 alla betala den? Jag tycker det \u00e4r OK att alla delar p\u00e5 den avgiften, eftersom det \u00e4r oerh\u00f6rt viktigt att det finns en oberoende medieservice. Kanske vi inte tycker det under lugna tider, men vid krissituationer \u00e4r det oerh\u00f6rt viktigt. <\/p>\n<p>Public service m\u00e5ste dock vara fri fr\u00e5n statens p\u00e5verkan &#8211; den m\u00e5ste kunna granska makthavare och staten.<br \/>\nHur det d\u00e5 ska finansieras, det \u00e4r ingen l\u00e4tt fr\u00e5ga. Blir public service mer bunden till staten om finansieringen sker i form av skatt? Jag tror det &#8211; och jag \u00e4r inte ensam om den bed\u00f6mningen, men om licensavgiften sker i samband med skatteinbetalning, det borde inte vara samma sak.<\/p>\n<p>Relaterat:<br \/>\n<a href=\"http:\/\/www.svd.se\/nyheter\/inrikes\/radio-tv-skatt-far-skarp-kritik_7489878.svd\">Svenska Dagbladet<\/a><\/p>\n<p>L\u00e4s \u00e4ven andra bloggares \u00e5sikter om <a href=\"http:\/\/bloggar.se\/om\/debatt\" rel=\"tag\">debatt<\/a>, <a href=\"http:\/\/bloggar.se\/om\/samh%E4lle\" rel=\"tag\">samh\u00e4lle<\/a>, <a href=\"http:\/\/bloggar.se\/om\/kulturpolitik\" rel=\"tag\">kulturpolitik<\/a>, <a href=\"http:\/\/bloggar.se\/om\/politik\" rel=\"tag\">politik<\/a>, <a href=\"http:\/\/bloggar.se\/om\/skatter\" rel=\"tag\">skatter<\/a>, <a href=\"http:\/\/bloggar.se\/om\/tv-licens\" rel=\"tag\">tv-licens<\/a><\/p>\n","protected":false},"excerpt":{"rendered":"<p>Dags f\u00f6r en ny och modern finansiering av public service, skriver Folkpartiet i ett pressmeddelande d\u00e4r de kommenterar det nya f\u00f6rslaget p\u00e5 skatt ist\u00e4llet f\u00f6r tv- och radiolicensen. Utredarna till nytt system f\u00f6r finansiering av public service vill att avgiften blir en skatt som blir h\u00f6gre f\u00f6r den med h\u00f6gre inkomst. P\u00e5 DN Debatt skriver [&hellip;]<\/p>\n","protected":false},"author":2,"featured_media":0,"comment_status":"open","ping_status":"open","sticky":false,"template":"","format":"standard","meta":{"_genesis_hide_title":false,"_genesis_hide_breadcrumbs":false,"_genesis_hide_singular_image":false,"_genesis_hide_footer_widgets":false,"_genesis_custom_body_class":"","_genesis_custom_post_class":"","_genesis_layout":"","footnotes":""},"categories":[44,62],"tags":[1191,3109,12284,4917,5105,6016],"class_list":{"0":"post-60244","1":"post","2":"type-post","3":"status-publish","4":"format-standard","6":"category-chadie","7":"category-medie-och-kulturpolitik","8":"tag-debatt","9":"tag-kulturpolitik","10":"tag-politik","11":"tag-samhalle","12":"tag-skatter","13":"tag-tv-licens","14":"entry"},"_links":{"self":[{"href":"https:\/\/kulturbloggen.com\/index.php?rest_route=\/wp\/v2\/posts\/60244","targetHints":{"allow":["GET"]}}],"collection":[{"href":"https:\/\/kulturbloggen.com\/index.php?rest_route=\/wp\/v2\/posts"}],"about":[{"href":"https:\/\/kulturbloggen.com\/index.php?rest_route=\/wp\/v2\/types\/post"}],"author":[{"embeddable":true,"href":"https:\/\/kulturbloggen.com\/index.php?rest_route=\/wp\/v2\/users\/2"}],"replies":[{"embeddable":true,"href":"https:\/\/kulturbloggen.com\/index.php?rest_route=%2Fwp%2Fv2%2Fcomments&post=60244"}],"version-history":[{"count":6,"href":"https:\/\/kulturbloggen.com\/index.php?rest_route=\/wp\/v2\/posts\/60244\/revisions"}],"predecessor-version":[{"id":60255,"href":"https:\/\/kulturbloggen.com\/index.php?rest_route=\/wp\/v2\/posts\/60244\/revisions\/60255"}],"wp:attachment":[{"href":"https:\/\/kulturbloggen.com\/index.php?rest_route=%2Fwp%2Fv2%2Fmedia&parent=60244"}],"wp:term":[{"taxonomy":"category","embeddable":true,"href":"https:\/\/kulturbloggen.com\/index.php?rest_route=%2Fwp%2Fv2%2Fcategories&post=60244"},{"taxonomy":"post_tag","embeddable":true,"href":"https:\/\/kulturbloggen.com\/index.php?rest_route=%2Fwp%2Fv2%2Ftags&post=60244"}],"curies":[{"name":"wp","href":"https:\/\/api.w.org\/{rel}","templated":true}]}}