{"id":6015,"date":"2009-01-07T15:24:56","date_gmt":"2009-01-07T14:24:56","guid":{"rendered":"http:\/\/kulturbloggen.com\/?p=6015"},"modified":"2009-01-07T15:24:56","modified_gmt":"2009-01-07T14:24:56","slug":"glasvegas-gor-tva-spelningar-i-sverige-i-var","status":"publish","type":"post","link":"https:\/\/kulturbloggen.com\/?p=6015","title":{"rendered":"Glasvegas g\u00f6r tv\u00e5 spelningar i Sverige i v\u00e5r"},"content":{"rendered":"<p><img loading=\"lazy\" decoding=\"async\" src=\"http:\/\/sodergren.com\/kulturbloggen\/wp-content\/uploads\/2009\/01\/glasvegas260.jpg\" alt=\"glasvegas260\" title=\"glasvegas260\" width=\"260\" height=\"150\" class=\"alignright size-full wp-image-6016\" \/>F\u00e5 band har blivit s\u00e5 hyllade 2008 som Glasvegas. N\u00e5gra ur bandet gjorde en hemlig akustisk spelning f\u00f6r specialinbjudna i h\u00f6stas. Men nu har alla chansen att f\u00f6rs\u00f6ka f\u00e5 tag p\u00e5 biljetter. Det skotska bandet g\u00e4star b\u00e5de Stockholm och G\u00f6teborg i mars.<\/p>\n<p>Fast: jag tror det blir uts\u00e5lt snabbt som \u00f6gat och lokalerna kommer inte att r\u00e4cka till. I Stockholm spelar Glasvegas p\u00e5 Debaser, Medis. Det \u00e4r f\u00f6r litet. Glasvegas m\u00e5ste minst spela p\u00e5 Hovet.<\/p>\n<p>H\u00e4r \u00e4r delar ur ett pressmeddelande om de kommande tv\u00e5 spelningarna:<\/p>\n<p>6 mars &#8211; Stockholm, Debaser Medis<br \/>\n7 mars &#8211; G\u00f6teborg, Storan<\/p>\n<blockquote><p>2008 \u00e5rs gunstlingar i musikpressen var inte det minsta of\u00f6rtj\u00e4nt skottarna Glasvegas. N\u00e4r den sj\u00e4lvbetitlade debutskivan sl\u00e4pptes i oktober blev den det perfekta soundtracket till den gr\u00e5, svenska h\u00f6sten. De nattsvarta texterna tr\u00e4ffade r\u00e4tt och skivan toppade de flesta listorna \u00f6ver \u00e5rets b\u00e4sta. Musiken \u00e4r fylld av hj\u00e4rta och sm\u00e4rta och har en s\u00e4llan sk\u00e5dad gl\u00f6d och bandet f\u00f6rtj\u00e4nar varenda spaltmeter de f\u00e5tt under \u00e5ret. Att de i december f\u00f6ljde upp med jul-EP:n \u201dA Snowflake Fell (and it Felt Like Christmas)\u201d med kanske tidernas jull\u00e5t \u201dFuck You, It\u2019s Over\u201d gjorde inte saken s\u00e4mre.<\/p>\n<p>Under h\u00f6sten gjorde Glasvegas en akustisk minispelning p\u00e5 ett fullsmockat Obaren, men det \u00e4r f\u00f6rst i mars vi \u00e4ntligen f\u00e5r se hela bandet p\u00e5 scen i Sverige n\u00e4r de kommer till Stockholm och G\u00f6teborg.<\/p><\/blockquote>\n<p>Biletterna sl\u00e4pps 12 januari.<\/p>\n<p>HEMSIDOR<br \/>\n<a href=\"http:\/\/www.glasvegas.net\">www.glasvegas.net<\/a><br \/>\n<a href=\"http:\/\/www.myspace.com\/glasvegas\">www.myspace.com\/glasvegas<\/a><\/p>\n<p><strong>Title: <\/strong>2009-03-06<br \/><strong>Location: <\/strong>Stockholm<br \/><strong>Link out: <\/strong><a href=\"http:\/\/www.myspace.com\/glasvegas\" target=\"_blanck\">Click here<\/a><br \/><strong>Description: <\/strong>Glasvegas spelar p\u00e5 Debaser Medis.<br \/><strong>Date: <\/strong>2009-03-06<\/p>\n<p>Relaterat: <a href=\"http:\/\/www.aftonbladet.se\/nojesbladet\/kronikorer\/fredrikvirtanen\/article3414354.ab\">Virtanen \u00e4lskar Glasvegas<\/a><\/p>\n<p>Andra bloggar om: <a href=\"http:\/\/bloggar.se\/om\/Debaser\" rel=\"tag\">Debaser<\/a>, <a href=\"http:\/\/bloggar.se\/om\/indiepop\" rel=\"tag\">indiepop<\/a>, <a href=\"http:\/\/bloggar.se\/om\/Stockholm\" rel=\"tag\">Stockholm<\/a>, <a href=\"http:\/\/bloggar.se\/om\/G%F6teborg\" rel=\"tag\">G\u00f6teborg<\/a>, <a href=\"http:\/\/bloggar.se\/om\/konserter\" rel=\"tag\">konserter<\/a>, <a href=\"http:\/\/bloggar.se\/om\/Skottland\" rel=\"tag\">Skottland<\/a>, <a href=\"http:\/\/bloggar.se\/om\/Glasvegas\" rel=\"tag\">Glasvegas<\/a>, <a href=\"http:\/\/bloggar.se\/om\/hype\" rel=\"tag\">hype<\/a><\/p>\n","protected":false},"excerpt":{"rendered":"<p>F\u00e5 band har blivit s\u00e5 hyllade 2008 som Glasvegas. N\u00e5gra ur bandet gjorde en hemlig akustisk spelning f\u00f6r specialinbjudna i h\u00f6stas. Men nu har alla chansen att f\u00f6rs\u00f6ka f\u00e5 tag p\u00e5 biljetter. Det skotska bandet g\u00e4star b\u00e5de Stockholm och G\u00f6teborg i mars. Fast: jag tror det blir uts\u00e5lt snabbt som \u00f6gat och lokalerna kommer inte [&hellip;]<\/p>\n","protected":false},"author":2,"featured_media":0,"comment_status":"open","ping_status":"open","sticky":false,"template":"","format":"standard","meta":{"_genesis_hide_title":false,"_genesis_hide_breadcrumbs":false,"_genesis_hide_singular_image":false,"_genesis_hide_footer_widgets":false,"_genesis_custom_body_class":"","_genesis_custom_post_class":"","_genesis_layout":"","footnotes":""},"categories":[20],"tags":[1187,2159,2474,3004,5400],"class_list":{"0":"post-6015","1":"post","2":"type-post","3":"status-publish","4":"format-standard","6":"category-film","7":"tag-debaser","8":"tag-goteborg","9":"tag-indiepop","10":"tag-konserter","11":"tag-stockholm","12":"entry"},"_links":{"self":[{"href":"https:\/\/kulturbloggen.com\/index.php?rest_route=\/wp\/v2\/posts\/6015","targetHints":{"allow":["GET"]}}],"collection":[{"href":"https:\/\/kulturbloggen.com\/index.php?rest_route=\/wp\/v2\/posts"}],"about":[{"href":"https:\/\/kulturbloggen.com\/index.php?rest_route=\/wp\/v2\/types\/post"}],"author":[{"embeddable":true,"href":"https:\/\/kulturbloggen.com\/index.php?rest_route=\/wp\/v2\/users\/2"}],"replies":[{"embeddable":true,"href":"https:\/\/kulturbloggen.com\/index.php?rest_route=%2Fwp%2Fv2%2Fcomments&post=6015"}],"version-history":[{"count":0,"href":"https:\/\/kulturbloggen.com\/index.php?rest_route=\/wp\/v2\/posts\/6015\/revisions"}],"wp:attachment":[{"href":"https:\/\/kulturbloggen.com\/index.php?rest_route=%2Fwp%2Fv2%2Fmedia&parent=6015"}],"wp:term":[{"taxonomy":"category","embeddable":true,"href":"https:\/\/kulturbloggen.com\/index.php?rest_route=%2Fwp%2Fv2%2Fcategories&post=6015"},{"taxonomy":"post_tag","embeddable":true,"href":"https:\/\/kulturbloggen.com\/index.php?rest_route=%2Fwp%2Fv2%2Ftags&post=6015"}],"curies":[{"name":"wp","href":"https:\/\/api.w.org\/{rel}","templated":true}]}}