{"id":59726,"date":"2012-08-30T00:09:40","date_gmt":"2012-08-29T22:09:40","guid":{"rendered":"http:\/\/kulturbloggen.com\/?p=59726"},"modified":"2012-08-30T00:09:40","modified_gmt":"2012-08-29T22:09:40","slug":"nationalteatern-pa-terassen-pa-sodra-teatern-overtraffade-sig-sjalva","status":"publish","type":"post","link":"https:\/\/kulturbloggen.com\/?p=59726","title":{"rendered":"Nationalteatern p\u00e5 terassen p\u00e5 S\u00f6dra teatern \u00f6vertr\u00e4ffade sig sj\u00e4lva"},"content":{"rendered":"<p><a href=\"http:\/\/kulturbloggen.com\/wp-content\/uploads\/2012\/08\/nationalteatern3.jpg\"><img loading=\"lazy\" decoding=\"async\" src=\"http:\/\/kulturbloggen.com\/wp-content\/uploads\/2012\/08\/nationalteatern3.jpg\" alt=\"\" title=\"nationalteatern3\" width=\"450\" height=\"338\" class=\"aligncenter size-full wp-image-59736\" srcset=\"https:\/\/kulturbloggen.com\/wp-content\/uploads\/2012\/08\/nationalteatern3.jpg 450w, https:\/\/kulturbloggen.com\/wp-content\/uploads\/2012\/08\/nationalteatern3-300x225.jpg 300w, https:\/\/kulturbloggen.com\/wp-content\/uploads\/2012\/08\/nationalteatern3-200x150.jpg 200w, https:\/\/kulturbloggen.com\/wp-content\/uploads\/2012\/08\/nationalteatern3-175x131.jpg 175w, https:\/\/kulturbloggen.com\/wp-content\/uploads\/2012\/08\/nationalteatern3-306x230.jpg 306w, https:\/\/kulturbloggen.com\/wp-content\/uploads\/2012\/08\/nationalteatern3-86x65.jpg 86w, https:\/\/kulturbloggen.com\/wp-content\/uploads\/2012\/08\/nationalteatern3-80x60.jpg 80w, https:\/\/kulturbloggen.com\/wp-content\/uploads\/2012\/08\/nationalteatern3-150x112.jpg 150w\" sizes=\"auto, (max-width: 450px) 100vw, 450px\" \/><\/a><\/p>\n<p><a href=\"http:\/\/www.sodrateatern.com\/Program-och-biljetter\/Evenemang\/Nationalteaterns-Rockorkester\/\">Nationalteaterns rockorkester<\/a><br \/>\nTerassen, <a href=\"http:\/\/www.sodrateatern.com\/default.aspx\">S\u00f6dra Teatern<\/a><br \/>\nBetyg 5<br \/>\n29 augusti 2012<\/p>\n<p>Nationalteatern \u00f6vertr\u00e4ffade nog sig sj\u00e4lv och gjorde en av sina b\u00e4sta spelningar p\u00e5 l\u00e4nge n\u00e4r de p\u00e5 onsdagskv\u00e4llen spelade f\u00f6r en helt uts\u00e5ld Mosebacketerass p\u00e5 S\u00f6dra teatern. Publik med tjejer och killar, m\u00e4n och kvinnor i flera generationer samlades och tr\u00e4ngdes och dansade och sj\u00f6ng med i de klassiska s\u00e5ngerna &#8221;B\u00e4ngen tr\u00e5lar&#8221;, &#8221;Jack the Ripper&#8221;, &#8221;Livet \u00e4r en fest&#8221; och &#8221;Speedy Gonzales&#8221;.<\/p>\n<p>P\u00e5 v\u00e4g till konserten l\u00e4ste jag nyheterna <a href=\"http:\/\/www.aftonbladet.se\/nyheter\/article15315344.ab\">p\u00e5 Aftonbladets app p\u00e5 mobilen<\/a> och l\u00e4ste d\u00e4r om den skr\u00e4mmande nyheten att allt fler unga kan t\u00e4nka sig diktatur enligt en unders\u00f6kning fr\u00e5n G\u00f6teborgs universitet. Var fj\u00e4rde svensk mellan 18 och 25 \u00e5r inte tycker att det \u00e4r s\u00e5 viktigt att f\u00e5 leva i en demokrati och n\u00e4stan var tredje tycker det vore bra om Sverige styrdes av en diktator.<\/p>\n<p>Med en s\u00e5dan skr\u00e4mmande samh\u00e4llsutveckling \u00e4r det s\u00e5 tydligt att band som Nationalteatern beh\u00f6vs. Band som kan beskriva den frustration som unga som inte sl\u00e4pps in i samh\u00e4llet kan k\u00e4nna.<\/p>\n<p>Nationalteatern b\u00f6rjade som ofta med &#8221;B\u00e4ngen tr\u00e5lar&#8221; och publiken var med direkt, klappade takten och n\u00e4r andra s\u00e5ngen kom, &#8221;Kolla, kolla&#8221; blev det spontan alls\u00e5ng. Publiken \u00e4lskar Nationalteaterns s\u00e5nger, det \u00e4r tydligt.<\/p>\n<p>De f\u00f6rsta tv\u00e5 s\u00e5ngerna sj\u00f6ng Mattias Hellberg men sedan tog Ulf Dageby \u00f6ver mikrofonen i tre-fyra s\u00e5nger p\u00e5 raken. Det g\u00e5r inte att komma ifr\u00e5n, f\u00f6r oss som h\u00f6rt Nationalteatern i ett par decennier och har massor av minnen fr\u00e5n n\u00e4r vi h\u00f6rde dem f\u00f6rr, f\u00f6r oss \u00e4r det speciellt att h\u00f6ra Dagebys r\u00f6st. Mattias Hellberg \u00e4r bra, absolut, men det blir mer autentiskt Nationalteatern med Dagebys s\u00e5ng.<\/p>\n<p><a href=\"http:\/\/kulturbloggen.com\/wp-content\/uploads\/2012\/08\/nationalteatern2.jpg\"><img loading=\"lazy\" decoding=\"async\" src=\"http:\/\/kulturbloggen.com\/wp-content\/uploads\/2012\/08\/nationalteatern2-300x225.jpg\" alt=\"\" title=\"nationalteatern2\" width=\"300\" height=\"225\" class=\"alignright size-medium wp-image-59742\" \/><\/a>Ja det var rockigt och fullt \u00f6s och publiken var helt\u00e4nd. Att ljudet var lite br\u00f6tigt i f\u00f6rst\u00e4rkarna gjorde inget, st\u00e4mningen var s\u00e5 sk\u00f6n. <\/p>\n<p>Ulf Dageby p\u00e5 gitarr och s\u00e5ng, Mattias Hellberg som sj\u00f6ng, H\u00e5kan Nyberg p\u00e5 trummor, Nikke Str\u00f6m p\u00e5 basen<br \/>\noch H\u00e5kan Svensson p\u00e5 gitarr skapade s\u00e5dan st\u00e4mning p\u00e5 Terassen att jag inte skulle f\u00f6rv\u00e5nats om terassen hade lyft fr\u00e5n marken. F\u00f6r publiken p\u00e5 onsdagskv\u00e4llen var livet en fest n\u00e5gra timmar. Det enda minuset \u00e4r att konserten m\u00e5ste ha ett slut. Vi var m\u00e5nga som g\u00e4rna hade fortsatt att sjunga med och lyssna p\u00e5 Nationalteatern i ett par timmar till. <\/p>\n<p>N\u00e4r extranumren kom var det f\u00f6rst st\u00e4mningsfullt och finst\u00e4mt med de tre vemodiga s\u00e5ngerna &#8221;Bara om min \u00e4lskade v\u00e4ntar&#8221;, &#8221;Ingelas s\u00e5ng&#8221; och &#8221;Ljuset sl\u00e4cks&#8221; och sedan mer busigt med sista s\u00e5ngen f\u00f6r kv\u00e4llen, &#8221;Speedy Gonzales&#8221;.<\/p>\n<p>Spellistan var bra blandad, med m\u00e5nga rockiga s\u00e5nger och n\u00e5gra mycket st\u00e4mningsfulla s\u00e5nger mot slutet. Egentligen ville jag att det aldrig skulle ta slut. Det var en legendarisk afton och spelningen kommer jag att minnas l\u00e4nge.<\/p>\n<p><a href=\"http:\/\/kulturbloggen.com\/wp-content\/uploads\/2012\/08\/nationalteatern.jpg\"><img loading=\"lazy\" decoding=\"async\" src=\"http:\/\/kulturbloggen.com\/wp-content\/uploads\/2012\/08\/nationalteatern.jpg\" alt=\"\" title=\"nationalteatern\" width=\"450\" height=\"338\" class=\"aligncenter size-full wp-image-59743\" \/><\/a><\/p>\n<p>L\u00e4s \u00e4ven andra bloggares \u00e5sikter om <a href=\"http:\/\/bloggar.se\/om\/Nationalteatern\" rel=\"tag\">Nationalteatern<\/a>, <a href=\"http:\/\/bloggar.se\/om\/S%F6dra+teatern\" rel=\"tag\">S\u00f6dra teatern<\/a>, <a href=\"http:\/\/bloggar.se\/om\/recension\" rel=\"tag\">recension<\/a>, <a href=\"http:\/\/bloggar.se\/om\/rockmusik\" rel=\"tag\">rockmusik<\/a>, <a href=\"http:\/\/bloggar.se\/om\/musik\" rel=\"tag\">musik<\/a>, <a href=\"http:\/\/bloggar.se\/om\/recension\" rel=\"tag\">recension<\/a><\/p>\n","protected":false},"excerpt":{"rendered":"<p>Nationalteaterns rockorkester Terassen, S\u00f6dra Teatern Betyg 5 29 augusti 2012 Nationalteatern \u00f6vertr\u00e4ffade nog sig sj\u00e4lv och gjorde en av sina b\u00e4sta spelningar p\u00e5 l\u00e4nge n\u00e4r de p\u00e5 onsdagskv\u00e4llen spelade f\u00f6r en helt uts\u00e5ld Mosebacketerass p\u00e5 S\u00f6dra teatern. Publik med tjejer och killar, m\u00e4n och kvinnor i flera generationer samlades och tr\u00e4ngdes och dansade och sj\u00f6ng [&hellip;]<\/p>\n","protected":false},"author":2,"featured_media":0,"comment_status":"open","ping_status":"open","sticky":false,"template":"","format":"standard","meta":{"_genesis_hide_title":false,"_genesis_hide_breadcrumbs":false,"_genesis_hide_singular_image":false,"_genesis_hide_footer_widgets":false,"_genesis_custom_body_class":"","_genesis_custom_post_class":"","_genesis_layout":"","footnotes":""},"categories":[7,16],"tags":[12282,3929,12285,4803,5598],"class_list":{"0":"post-59726","1":"post","2":"type-post","3":"status-publish","4":"format-standard","6":"category-musik","7":"category-recension","8":"tag-musik","9":"tag-nationalteatern","10":"tag-recension","11":"tag-rockmusik","12":"tag-sodra-teatern","13":"entry"},"_links":{"self":[{"href":"https:\/\/kulturbloggen.com\/index.php?rest_route=\/wp\/v2\/posts\/59726","targetHints":{"allow":["GET"]}}],"collection":[{"href":"https:\/\/kulturbloggen.com\/index.php?rest_route=\/wp\/v2\/posts"}],"about":[{"href":"https:\/\/kulturbloggen.com\/index.php?rest_route=\/wp\/v2\/types\/post"}],"author":[{"embeddable":true,"href":"https:\/\/kulturbloggen.com\/index.php?rest_route=\/wp\/v2\/users\/2"}],"replies":[{"embeddable":true,"href":"https:\/\/kulturbloggen.com\/index.php?rest_route=%2Fwp%2Fv2%2Fcomments&post=59726"}],"version-history":[{"count":11,"href":"https:\/\/kulturbloggen.com\/index.php?rest_route=\/wp\/v2\/posts\/59726\/revisions"}],"predecessor-version":[{"id":59744,"href":"https:\/\/kulturbloggen.com\/index.php?rest_route=\/wp\/v2\/posts\/59726\/revisions\/59744"}],"wp:attachment":[{"href":"https:\/\/kulturbloggen.com\/index.php?rest_route=%2Fwp%2Fv2%2Fmedia&parent=59726"}],"wp:term":[{"taxonomy":"category","embeddable":true,"href":"https:\/\/kulturbloggen.com\/index.php?rest_route=%2Fwp%2Fv2%2Fcategories&post=59726"},{"taxonomy":"post_tag","embeddable":true,"href":"https:\/\/kulturbloggen.com\/index.php?rest_route=%2Fwp%2Fv2%2Ftags&post=59726"}],"curies":[{"name":"wp","href":"https:\/\/api.w.org\/{rel}","templated":true}]}}