{"id":5970,"date":"2009-01-06T09:37:43","date_gmt":"2009-01-06T08:37:43","guid":{"rendered":"http:\/\/kulturbloggen.com\/?p=5970"},"modified":"2009-01-06T09:37:43","modified_gmt":"2009-01-06T08:37:43","slug":"som-s-bloggare-far-man-inte-blogga-om-kultur-och-noje","status":"publish","type":"post","link":"https:\/\/kulturbloggen.com\/?p=5970","title":{"rendered":"Som s-bloggare f\u00e5r man inte blogga om kultur och n\u00f6je"},"content":{"rendered":"<p><img loading=\"lazy\" decoding=\"async\" class=\"aligncenter size-full wp-image-5978\" title=\"arvidfalk125\" src=\"http:\/\/sodergren.com\/kulturbloggen\/wp-content\/uploads\/2009\/01\/arvidfalk125.jpg\" alt=\"arvidfalk125\" width=\"125\" height=\"250\" \/><br \/>\nI svenska bloggosf\u00e4ren <a href=\"http:\/\/arvidfalk.se\/2009\/01\/hur-sekteristiska-ar-s-bloggare\/\">p\u00e5g\u00e5r en diskussion<\/a> om varf\u00f6r s-bloggare inte syns, samtidigt som vi \u00e4r r\u00e4tt m\u00e5nga. S-bloggare, vilket ord f\u00f6rresten?<br \/>\n<a href=\"http:\/\/arvidfalk.se\/\">Sj\u00e4lv driver jag ju Arvid Falk<\/a> tillsammans med <a href=\"http:\/\/www.eriklaakso.nu\/blog\/\">Erik Laakso<\/a> och <a href=\"http:\/\/www.lowdin.com\/\">Anders L\u00f6wdin<\/a>. H\u00e4r p\u00e5 Kulturbloggen skriver jag tillsammans med en del medarbetare om musik, film, b\u00f6cker, teater, kultur- och mediepolitik och en del n\u00f6je: en blandad kompott. Det kommer en del inl\u00e4gg kring politik men oftast har de anknytning till kultur. Ig\u00e5r fick jag en riktigt ilsken kommentar:<br \/>\n<!--more--><\/p>\n<blockquote><p>Du skriver d\u00e5 om all dynga som kan t\u00e4nkas finnas. Man ser du radar upp dina inl\u00e4gg p\u00e5 sossebloggen.<br \/>\nMen skriva n\u00e5t som st\u00f6der sossarna och de s\u00e4mst st\u00e4llda i samh\u00e4llet ser man lite och ingenting om.<br \/>\nVar \u00e4r kampen mot alliansen . Efter ny\u00e5r f\u00e5r sjuka det s\u00e4mre arbetsl\u00f6sheten stiger och pension\u00e4rer f\u00e5r det k\u00e4rvare.<br \/>\nDe rika kan gotta sig \u00e5t krispaket al\u00e1 pigavdrag rotavdrag skattes\u00e4nkningar.<br \/>\nFRA \u00e4r k\u00f6rt sedan l\u00e4nge sedan , det tycker jag \u00e4r r\u00e4tt ovesentlig fr\u00e5ga. sl\u00e4ng ut datorn om ni skraja har ni annat att d\u00f6lja s\u00e5<br \/>\nl\u00e4mna uppgifterna direkt d\u00e5 \u00e4r det avklarat.<br \/>\nFRA \u00e4r en \u00f6verklassfr\u00e5ga. vanligt folk vet inte ens vad det \u00e4r<\/p><\/blockquote>\n<p>Jag publicerar det f\u00f6r det visar s\u00e5 mycket.<\/p>\n<p>1. Det visar s\u00e5 tydligt det kulturf\u00f6rakt som finns inom delar av arbetarrr\u00f6relsen idag. LO gjorde nedsk\u00e4rningar f\u00f6rra \u00e5ret och d\u00e5 tog de bort allt som har med kulturfr\u00e5gar att g\u00f6ra ur budgeten. Samma of\u00f6rst\u00e5else f\u00f6r kultur vittnar det h\u00e4r mailet om.<br \/>\nHur t\u00e4nker du? Hur ska vi kunna f\u00f6r\u00e4ndra v\u00e4rlden utan kultur?<\/p>\n<p>2. Kulturbloggen \u00e4r blandad, vi tar upp b\u00e5de mer n\u00f6jest\u00e4mplad kultur som finkultur. Jag tror p\u00e5 m\u00e5ngfald och det ena \u00e4r inte finare \u00e4n det andra. Mailet visar f\u00f6rakt f\u00f6r detta.<\/p>\n<p>3. Mailet visar ocks\u00e5 p\u00e5 hur m\u00e5nga som uttalar sig utan att veta.<a href=\"http:\/\/kulturbloggen.com\/?page_id=1116\"> Jag har gett ut en bok om att blogga<\/a>, som f\u00e5tt bra kritik och varit till hj\u00e4lp f\u00f6r m\u00e5nga att komma ig\u00e5ng att blogga.<br \/>\nFlera av de som kommit ig\u00e5ng att blogga och g\u00f6ra sina r\u00f6ster h\u00f6rda \u00e4r m\u00e4nniskor med funktionshinder. Det \u00e4r v\u00e4l till exempel en grupp i samh\u00e4llet som inte \u00e4r s\u00e4rskilt stark.<\/p>\n<p>4. Att mannen som skrivit mailet inte begriper faran i integritetskr\u00e4nkande lagar som FRA &#8211; och kallar den en \u00f6verklass-fr\u00e5ga, beh\u00f6ver jag kommentera det?<br \/>\nVill vi ha ett storebrorssamh\u00e4lle? Vilka grupper i samh\u00e4llet \u00e4r det som alltid f\u00f6rlorar p\u00e5 \u00f6vervakning? De utsatta, sj\u00e4lvklart.<br \/>\nOch f\u00f6rsta steget f\u00f6r att undanr\u00f6ja ett demokratiskt samh\u00e4lle \u00e4r att staten avlyssnar allt.<\/p>\n<p><a href=\"http:\/\/www.brockman.nu\/blogg\/?p=1368\">En som granskat l\u00e4get i s-bloggosf\u00e4ren \u00e4r Brockman.<\/a><\/p>\n<p>Brockman gjorde sin analys bland annat efter att ha l\u00e4st f\u00f6ljande inl\u00e4gg:<\/p>\n<p><a href=\"http:\/\/deepedition.com\/2009\/01\/02\/det-har-med-arets-politiska-blogg\/\" target=\"_blank\">Deep|edition <\/a><\/p>\n<blockquote class=\"small\"><p>1. de byggde in sig i sitt s-info och har konstant f\u00f6rs\u00f6kt att skapa kommuniteter av bloggare ist\u00e4llet f\u00f6r att lyfta fram de bloggare som \u00e4r sossar men som ocks\u00e5 v\u00e5gar att g\u00e5 utanf\u00f6r \u201cgrindarna\u201d som Laakso, Morian och sj\u00e4lvklart Johanna Graf. Det har f\u00f6rhindrat ett utbyte m\u00e5nga g\u00e5nger och skapat en sorts intern sekterism vilket ocks\u00e5 gjort att de som v\u00e5gar sig in att diskutera blir censurerade om man inte har r\u00e4tt \u00e5sikt.<\/p><\/blockquote>\n<p><a href=\"http:\/\/tianmi.info\/blogge\/posts\/09\/01\/03\/Nyliberalen-Erik-Laakso\/\" target=\"_blank\">Blogge Bloggelito<\/a><\/p>\n<blockquote class=\"small\"><p>Den f\u00f6rkrossande majoriteten s-bloggare finns annars osynliga f\u00f6r andra \u00e4n de n\u00e4rmast s\u00f6rjande p\u00e5 en kollektiv och sekteristisk bloggplats som avviker fr\u00e5n g\u00e4ngse normer. Ytterligare en dimension kan l\u00e4ggas till detta, n\u00e4mligen att de fr\u00e4msta v\u00e4nsterbloggarna har en ganska p\u00e5taglig liberal dimension.<\/p><\/blockquote>\n<p>Jag tycker mailet visar vad det \u00e4r f\u00f6r krafter vi har att k\u00e4mpa emot.<\/p>\n<p>Andra bloggar om: <a rel=\"tag\" href=\"http:\/\/bloggar.se\/om\/s-bloggar\">s-bloggar<\/a>, <a rel=\"tag\" href=\"http:\/\/bloggar.se\/om\/kultur\">kultur<\/a>, <a rel=\"tag\" href=\"http:\/\/bloggar.se\/om\/politik\">politik<\/a>, <a rel=\"tag\" href=\"http:\/\/bloggar.se\/om\/socialdemokraterna\">socialdemokraterna<\/a>, <a rel=\"tag\" href=\"http:\/\/bloggar.se\/om\/sm%E5f%F6retagare\">sm\u00e5f\u00f6retagare<\/a>, <a rel=\"tag\" href=\"http:\/\/bloggar.se\/om\/f%F6retag\">f\u00f6retag<\/a>, <a rel=\"tag\" href=\"http:\/\/bloggar.se\/om\/annonser\">annonser<\/a><\/p>\n","protected":false},"excerpt":{"rendered":"<p>I svenska bloggosf\u00e4ren p\u00e5g\u00e5r en diskussion om varf\u00f6r s-bloggare inte syns, samtidigt som vi \u00e4r r\u00e4tt m\u00e5nga. S-bloggare, vilket ord f\u00f6rresten? Sj\u00e4lv driver jag ju Arvid Falk tillsammans med Erik Laakso och Anders L\u00f6wdin. H\u00e4r p\u00e5 Kulturbloggen skriver jag tillsammans med en del medarbetare om musik, film, b\u00f6cker, teater, kultur- och mediepolitik och en del [&hellip;]<\/p>\n","protected":false},"author":2,"featured_media":0,"comment_status":"open","ping_status":"open","sticky":false,"template":"","format":"standard","meta":{"_genesis_hide_title":false,"_genesis_hide_breadcrumbs":false,"_genesis_hide_singular_image":false,"_genesis_hide_footer_widgets":false,"_genesis_custom_body_class":"","_genesis_custom_post_class":"","_genesis_layout":"","footnotes":""},"categories":[20],"tags":[3074,12284,4886],"class_list":{"0":"post-5970","1":"post","2":"type-post","3":"status-publish","4":"format-standard","6":"category-film","7":"tag-kultur","8":"tag-politik","9":"tag-s-bloggar","10":"entry"},"_links":{"self":[{"href":"https:\/\/kulturbloggen.com\/index.php?rest_route=\/wp\/v2\/posts\/5970","targetHints":{"allow":["GET"]}}],"collection":[{"href":"https:\/\/kulturbloggen.com\/index.php?rest_route=\/wp\/v2\/posts"}],"about":[{"href":"https:\/\/kulturbloggen.com\/index.php?rest_route=\/wp\/v2\/types\/post"}],"author":[{"embeddable":true,"href":"https:\/\/kulturbloggen.com\/index.php?rest_route=\/wp\/v2\/users\/2"}],"replies":[{"embeddable":true,"href":"https:\/\/kulturbloggen.com\/index.php?rest_route=%2Fwp%2Fv2%2Fcomments&post=5970"}],"version-history":[{"count":0,"href":"https:\/\/kulturbloggen.com\/index.php?rest_route=\/wp\/v2\/posts\/5970\/revisions"}],"wp:attachment":[{"href":"https:\/\/kulturbloggen.com\/index.php?rest_route=%2Fwp%2Fv2%2Fmedia&parent=5970"}],"wp:term":[{"taxonomy":"category","embeddable":true,"href":"https:\/\/kulturbloggen.com\/index.php?rest_route=%2Fwp%2Fv2%2Fcategories&post=5970"},{"taxonomy":"post_tag","embeddable":true,"href":"https:\/\/kulturbloggen.com\/index.php?rest_route=%2Fwp%2Fv2%2Ftags&post=5970"}],"curies":[{"name":"wp","href":"https:\/\/api.w.org\/{rel}","templated":true}]}}