{"id":59678,"date":"2012-08-28T21:37:50","date_gmt":"2012-08-28T19:37:50","guid":{"rendered":"http:\/\/kulturbloggen.com\/?p=59678"},"modified":"2012-08-28T21:37:50","modified_gmt":"2012-08-28T19:37:50","slug":"novellerna-till-sveriges-radios-novellpris-2012-ar-nominerade","status":"publish","type":"post","link":"https:\/\/kulturbloggen.com\/?p=59678","title":{"rendered":"Novellerna till Sveriges Radios Novellpris 2012 \u00e4r nominerade"},"content":{"rendered":"<p>Sveriges Radios jury har nu nominerat novellerna till Sveriges Radios Novellpris 2012. Dessa \u00e4r skrivna av Rose Lagercrantz, Oline Stig, Peter Kihlg\u00e5rd, Liv Str\u00f6mquist och Arkan Asaad. Samtliga noveller \u00e4r specialskrivna f\u00f6r radio och s\u00e4nds i P1 n\u00e4sta vecka. D\u00e4refter kan lyssnarna f\u00f6r elfte \u00e5ret i rad r\u00f6sta fram vinnaren. Sveriges Radios Novellpris delas ut p\u00e5 Bokm\u00e4ssan i G\u00f6teborg l\u00f6rdag 29 september kl.13.00.<\/p>\n<p>Vinnaren r\u00f6stas fram av lyssnarna som kan r\u00f6sta p\u00e5 <a href=\" www.sverigesradio.se\/p1\/radiofoljetongen\" target=\"_blank\">hemsidan<\/a>, genom att mejla novellpriset@sr.se eller skriva till Novellpriset, Sveriges Radio, 971 71 Lule\u00e5.<\/p>\n<p>Sveriges Radios novellpris instiftades f\u00f6r elva \u00e5r sedan eftersom genren med uppl\u00e4sning av litter\u00e4ra texter l\u00e4mpar sig s\u00e5 v\u00e4l f\u00f6r radio, inte minst i det korta formatet. En jury som best\u00e5r av kulturmedarbetare p\u00e5 Sveriges Radio v\u00e4ljer ut fem av de tolv noveller, specialskrivna f\u00f6r P1, som s\u00e4nts under det g\u00e5ngna \u00e5ret. Radiolyssnarna f\u00e5r sedan chansen att r\u00f6sta fram den b\u00e4sta radionovellen. Under \u00e5rens lopp har f\u00f6rfattare som H\u00e5kan Nesser, Bob Hansson och Beate Grimsrud vunnit priset.<\/p>\n<p>De nominerade novellerna och s\u00e4ndningsdatum:<\/p>\n<p>M\u00e5ndag 3 september<br \/>\nRose Lagercrantz: Tv\u00e5 systrar p\u00e5 Kuba. Uppl\u00e4sare: Pernilla August<\/p>\n<p>Tisdag 4 september<br \/>\nOline Stig: La vie en rose. Uppl\u00e4sare: Fredrik Gunnarsson<\/p>\n<p>Onsdag 5 september<br \/>\nPeter Kihlg\u00e5rd: Den andra f\u00f6rfattaren. Uppl\u00e4sare: F\u00f6rfattaren.<\/p>\n<p>Torsdag 6 september<br \/>\nLiv Str\u00f6mquist: Paulo Coelho. Uppl\u00e4sare: F\u00f6rfattaren.<\/p>\n<p>Fredag 7 september<br \/>\nArkan Asaad: Gift mot sin vilja. Uppl\u00e4sare: Alexander Salzberg<\/p>\n<p>S\u00e4ndningstider: P1 kl. 11.35 och kl. 19.35 <\/p>\n<p>R\u00f6stningen p\u00e5g\u00e5r till och med den 16 september.<\/p>\n<p>Bilder: Rose Lagercrantz Foto: Ulrica Swenger, Peter Kihlg\u00e5rd Foto: Snezana Vucetic Bohm\/Sveriges Radio, Oline Stig Foto: Nille Leander, Liv Str\u00f6mquist Foto: Mikael Andersson\/Sveriges Radio, Arkan Asaad Foto: Pontus Lundahl\/Scanpix<\/p>\n<p>L\u00e4s \u00e4ven andra bloggares \u00e5sikter om <a href=\"http:\/\/bloggar.se\/om\/Sveriges+Radios+novellpris\" rel=\"tag\">Sveriges Radios novellpris<\/a><\/p>\n","protected":false},"excerpt":{"rendered":"<p>Sveriges Radios jury har nu nominerat novellerna till Sveriges Radios Novellpris 2012. Dessa \u00e4r skrivna av Rose Lagercrantz, Oline Stig, Peter Kihlg\u00e5rd, Liv Str\u00f6mquist och Arkan Asaad. Samtliga noveller \u00e4r specialskrivna f\u00f6r radio och s\u00e4nds i P1 n\u00e4sta vecka. D\u00e4refter kan lyssnarna f\u00f6r elfte \u00e5ret i rad r\u00f6sta fram vinnaren. Sveriges Radios Novellpris delas ut [&hellip;]<\/p>\n","protected":false},"author":13,"featured_media":59679,"comment_status":"open","ping_status":"open","sticky":false,"template":"","format":"standard","meta":{"_genesis_hide_title":false,"_genesis_hide_breadcrumbs":false,"_genesis_hide_singular_image":false,"_genesis_hide_footer_widgets":false,"_genesis_custom_body_class":"","_genesis_custom_post_class":"","_genesis_layout":"","footnotes":""},"categories":[3],"tags":[786,4045,5537],"class_list":{"0":"post-59678","1":"post","2":"type-post","3":"status-publish","4":"format-standard","5":"has-post-thumbnail","7":"category-litteratur","8":"tag-bokpris","9":"tag-noveller","10":"tag-sveriges-radio","11":"entry"},"_links":{"self":[{"href":"https:\/\/kulturbloggen.com\/index.php?rest_route=\/wp\/v2\/posts\/59678","targetHints":{"allow":["GET"]}}],"collection":[{"href":"https:\/\/kulturbloggen.com\/index.php?rest_route=\/wp\/v2\/posts"}],"about":[{"href":"https:\/\/kulturbloggen.com\/index.php?rest_route=\/wp\/v2\/types\/post"}],"author":[{"embeddable":true,"href":"https:\/\/kulturbloggen.com\/index.php?rest_route=\/wp\/v2\/users\/13"}],"replies":[{"embeddable":true,"href":"https:\/\/kulturbloggen.com\/index.php?rest_route=%2Fwp%2Fv2%2Fcomments&post=59678"}],"version-history":[{"count":2,"href":"https:\/\/kulturbloggen.com\/index.php?rest_route=\/wp\/v2\/posts\/59678\/revisions"}],"predecessor-version":[{"id":59682,"href":"https:\/\/kulturbloggen.com\/index.php?rest_route=\/wp\/v2\/posts\/59678\/revisions\/59682"}],"wp:featuredmedia":[{"embeddable":true,"href":"https:\/\/kulturbloggen.com\/index.php?rest_route=\/wp\/v2\/media\/59679"}],"wp:attachment":[{"href":"https:\/\/kulturbloggen.com\/index.php?rest_route=%2Fwp%2Fv2%2Fmedia&parent=59678"}],"wp:term":[{"taxonomy":"category","embeddable":true,"href":"https:\/\/kulturbloggen.com\/index.php?rest_route=%2Fwp%2Fv2%2Fcategories&post=59678"},{"taxonomy":"post_tag","embeddable":true,"href":"https:\/\/kulturbloggen.com\/index.php?rest_route=%2Fwp%2Fv2%2Ftags&post=59678"}],"curies":[{"name":"wp","href":"https:\/\/api.w.org\/{rel}","templated":true}]}}