{"id":59667,"date":"2012-08-28T08:03:33","date_gmt":"2012-08-28T06:03:33","guid":{"rendered":"http:\/\/kulturbloggen.com\/?p=59667"},"modified":"2012-08-28T08:03:33","modified_gmt":"2012-08-28T06:03:33","slug":"nu-maste-alla-myndigheter-granskas-och-speciellt-transportstyrelsen","status":"publish","type":"post","link":"https:\/\/kulturbloggen.com\/?p=59667","title":{"rendered":"Nu m\u00e5ste alla myndigheter granskas &#8211; och speciellt Transportstyrelsen"},"content":{"rendered":"<p><a href=\"http:\/\/kulturbloggen.com\/wp-content\/uploads\/2012\/08\/transportstyrelsen.jpg\"><img loading=\"lazy\" decoding=\"async\" src=\"http:\/\/kulturbloggen.com\/wp-content\/uploads\/2012\/08\/transportstyrelsen.jpg\" alt=\"\" title=\"TS_Sv_2V_RGB [Konvert]\" width=\"300\" height=\"68\" class=\"aligncenter size-full wp-image-59668\" srcset=\"https:\/\/kulturbloggen.com\/wp-content\/uploads\/2012\/08\/transportstyrelsen.jpg 300w, https:\/\/kulturbloggen.com\/wp-content\/uploads\/2012\/08\/transportstyrelsen-200x45.jpg 200w, https:\/\/kulturbloggen.com\/wp-content\/uploads\/2012\/08\/transportstyrelsen-175x39.jpg 175w, https:\/\/kulturbloggen.com\/wp-content\/uploads\/2012\/08\/transportstyrelsen-100x22.jpg 100w, https:\/\/kulturbloggen.com\/wp-content\/uploads\/2012\/08\/transportstyrelsen-80x18.jpg 80w, https:\/\/kulturbloggen.com\/wp-content\/uploads\/2012\/08\/transportstyrelsen-150x34.jpg 150w\" sizes=\"auto, (max-width: 300px) 100vw, 300px\" \/><\/a><\/p>\n<p>Den ena skandalen efter den andra kommer i ljuset nu. Den ena myndigheten efter den andra visar sig ha haft folk i ledningen som anser sig ha r\u00e4tt att l\u00e4gga enorma pengar p\u00e5 fester.<br \/>\n<a href=\"http:\/\/www.dn.se\/ekonomi\/din-ekonomi\/sapo-kan-tvingas-betala-tillbaka-moms\">S\u00e4pos som hade Bond<\/a> \u00e4r ett <a href=\"http:\/\/www.dn.se\/nyheter\/sverige\/har-holl-sapo-sin-hemliga-bondfest\">skr\u00e4mmande<\/a> osmakligt exempel och att det nu visar sig att <a href=\"http:\/\/www.aftonbladet.se\/nyheter\/article15317708.ab\">FRA \u00e4r storsl\u00f6sare<\/a>, det f\u00f6rv\u00e5nar mig inte ett dugg. En myndighet som jobbar med att att bevaka folket drar troligen till sig en s\u00e4rskild slags personal.<\/p>\n<p>Men det finns myndigheter som sl\u00f6sar med skattebetalarnas medel p\u00e5 annat s\u00e4tt ocks\u00e5. Ta Transportstyrelsen som ett exempel. Vilken service erbjuder de medborgarna? Ofta v\u00e4ldigt usel och s\u00e5 f\u00f6rdr\u00f6jd att det \u00e4r ren skandal.<br \/>\nF\u00f6r tv\u00e5 \u00e5r sedan blev jag bestulen p\u00e5 min pl\u00e5nbok och d\u00e4r l\u00e5g mitt k\u00f6rkort. Att sp\u00e4nna k\u00f6rkortet gick l\u00e4tt, det kunde jag g\u00f6ra via Internet. Tv\u00e5 dagar sedan fick jag ett telefonsamtal. En man hade hittat min pl\u00e5nbok: rensad p\u00e5 pengar med k\u00f6rkortet fanns kvar. D\u00e5 f\u00f6rs\u00f6kte jag kontakta Transportstyrelsen f\u00f6r att dra tillbaka f\u00f6rlustanm\u00e4lan. Det var om\u00f6jligt att f\u00e5 kontakt med en levande sj\u00e4l p\u00e5 Transportstyrelsen. Jag satt i telefonk\u00f6 i mer \u00e4n en halvtimme flera g\u00e5nger &#8211; sedan hade jag bara inte tid att sitta \u00e4nnu l\u00e4ngre i telefonk\u00f6n utan gav upp. Jag mailade dem och fick inget svar, jag skickade vanligt brev till dem. I mail och i brev ber\u00e4ttade jag att k\u00f6rkortet kommit tillr\u00e4tta och s\u00e5 bad jag om n\u00e5got svar fr\u00e5n dem, s\u00e5 jag visste att de f\u00e5tt mitt brev. Jag ville veta att k\u00f6rkortet inte var sp\u00e4rrat. Det \u00e4r bra att veta n\u00e4r jag hyr bil, till exempel. Nej, jag fick inget svar att Transportstyrelsen.<\/p>\n<p>Ska de ha l\u00f6ner av v\u00e5ra skattepengar n\u00e4r deras serviceniv\u00e5 inte \u00e4r h\u00f6gre \u00e4n s\u00e5?<\/p>\n<p>Jag kan dra upp massor av fall som visar hur usel Transportstyrelsens service \u00e4r. I slutet av maj skickade en ung man jag k\u00e4nner in en ans\u00f6kan om tillst\u00e5nd att ta k\u00f6rkort. Nu har tre m\u00e5nader g\u00e5tt och han har inte f\u00e5tt n\u00e5got svar.<\/p>\n<p>Nej, det \u00e4r skandal.<\/p>\n<p>Jag har ingen aning om ifall Transportstyrelsen l\u00e4gger pengar p\u00e5 stora fester ist\u00e4llet. Det spelar ingen roll. De sl\u00f6sar med v\u00e5ra skattemedel n\u00e4r de inte kan uppr\u00e4tth\u00e5lla h\u00f6gre service till oss medborgare.<\/p>\n<p>Nu \u00e4r det dags att granska alla myndigheter &#8211; och d\u00e5 \u00e4r det inte alls bara vilka fester de har och hur de g\u00f6r upphandling till dem som b\u00f6r granskas. Vad ger myndigheterna f\u00f6r service till oss medborgare? Behandlar myndigheterna oss medborgare som kunder de \u00e4r r\u00e4dda om, eller behandlar de oss som l\u00e4gre st\u00e5ende varelser som f\u00e5r ta vad vi f\u00e5r?<\/p>\n<p>Nu m\u00e5ste alla myndigheter granskas, som <a href=\"http:\/\/www.socialdemokraterna.se\/\">Socialdemokraterna<\/a> f\u00f6resl\u00e5r.<\/p>\n<p>Relaterat: <a href=\"http:\/\/www.aftonbladet.se\/nyheter\/article15317742.ab\">Aftonbladet<\/a> och <a href=\"http:\/\/www.dn.se\/nyheter\/sverige\/myndigheter-har-slappts-vind-for-vag\">Dagens Nyheter<\/a><\/p>\n<p>L\u00e4s \u00e4ven andra bloggares \u00e5sikter om <a href=\"http:\/\/bloggar.se\/om\/socialdemokraterna\" rel=\"tag\">socialdemokraterna<\/a>, <a href=\"http:\/\/bloggar.se\/om\/FRA\" rel=\"tag\">FRA<\/a>, <a href=\"http:\/\/bloggar.se\/om\/S%E4po\" rel=\"tag\">S\u00e4po<\/a>, <a href=\"http:\/\/bloggar.se\/om\/transportstyrelsen\" rel=\"tag\">transportstyrelsen<\/a>, <a href=\"http:\/\/bloggar.se\/om\/samh%E4lle\" rel=\"tag\">samh\u00e4lle<\/a>, <a href=\"http:\/\/bloggar.se\/om\/politik\" rel=\"tag\">politik<\/a>, <a href=\"http:\/\/bloggar.se\/om\/skandal\" rel=\"tag\">skandal<\/a>, <a href=\"http:\/\/bloggar.se\/om\/sl%F6seri\" rel=\"tag\">sl\u00f6seri<\/a>, <a href=\"http:\/\/bloggar.se\/om\/skattemedel\" rel=\"tag\">skattemedel<\/a><\/p>\n","protected":false},"excerpt":{"rendered":"<p>Den ena skandalen efter den andra kommer i ljuset nu. Den ena myndigheten efter den andra visar sig ha haft folk i ledningen som anser sig ha r\u00e4tt att l\u00e4gga enorma pengar p\u00e5 fester. S\u00e4pos som hade Bond \u00e4r ett skr\u00e4mmande osmakligt exempel och att det nu visar sig att FRA \u00e4r storsl\u00f6sare, det f\u00f6rv\u00e5nar [&hellip;]<\/p>\n","protected":false},"author":2,"featured_media":59668,"comment_status":"open","ping_status":"open","sticky":false,"template":"","format":"standard","meta":{"_genesis_hide_title":false,"_genesis_hide_breadcrumbs":false,"_genesis_hide_singular_image":false,"_genesis_hide_footer_widgets":false,"_genesis_custom_body_class":"","_genesis_custom_post_class":"","_genesis_layout":"","footnotes":""},"categories":[44,62],"tags":[1850,12284,4917,5584,5097,8453,8452,5229,8597],"class_list":{"0":"post-59667","1":"post","2":"type-post","3":"status-publish","4":"format-standard","5":"has-post-thumbnail","7":"category-chadie","8":"category-medie-och-kulturpolitik","9":"tag-fra","10":"tag-politik","11":"tag-samhalle","12":"tag-sapo","13":"tag-skandal","14":"tag-skattemedel","15":"tag-sloseri","16":"tag-socialdemokraterna","17":"tag-transportstyrelsen","18":"entry"},"_links":{"self":[{"href":"https:\/\/kulturbloggen.com\/index.php?rest_route=\/wp\/v2\/posts\/59667","targetHints":{"allow":["GET"]}}],"collection":[{"href":"https:\/\/kulturbloggen.com\/index.php?rest_route=\/wp\/v2\/posts"}],"about":[{"href":"https:\/\/kulturbloggen.com\/index.php?rest_route=\/wp\/v2\/types\/post"}],"author":[{"embeddable":true,"href":"https:\/\/kulturbloggen.com\/index.php?rest_route=\/wp\/v2\/users\/2"}],"replies":[{"embeddable":true,"href":"https:\/\/kulturbloggen.com\/index.php?rest_route=%2Fwp%2Fv2%2Fcomments&post=59667"}],"version-history":[{"count":1,"href":"https:\/\/kulturbloggen.com\/index.php?rest_route=\/wp\/v2\/posts\/59667\/revisions"}],"predecessor-version":[{"id":59669,"href":"https:\/\/kulturbloggen.com\/index.php?rest_route=\/wp\/v2\/posts\/59667\/revisions\/59669"}],"wp:featuredmedia":[{"embeddable":true,"href":"https:\/\/kulturbloggen.com\/index.php?rest_route=\/wp\/v2\/media\/59668"}],"wp:attachment":[{"href":"https:\/\/kulturbloggen.com\/index.php?rest_route=%2Fwp%2Fv2%2Fmedia&parent=59667"}],"wp:term":[{"taxonomy":"category","embeddable":true,"href":"https:\/\/kulturbloggen.com\/index.php?rest_route=%2Fwp%2Fv2%2Fcategories&post=59667"},{"taxonomy":"post_tag","embeddable":true,"href":"https:\/\/kulturbloggen.com\/index.php?rest_route=%2Fwp%2Fv2%2Ftags&post=59667"}],"curies":[{"name":"wp","href":"https:\/\/api.w.org\/{rel}","templated":true}]}}