{"id":59650,"date":"2012-08-27T22:25:25","date_gmt":"2012-08-27T20:25:25","guid":{"rendered":"http:\/\/kulturbloggen.com\/?p=59650"},"modified":"2012-08-28T07:42:57","modified_gmt":"2012-08-28T05:42:57","slug":"anna-troberg-jag-undrar-varfor-helt-unika-kulturskatter-inte-skyddas","status":"publish","type":"post","link":"https:\/\/kulturbloggen.com\/?p=59650","title":{"rendered":"Anna Troberg: Jag undrar varf\u00f6r helt unika kulturskatter inte skyddas"},"content":{"rendered":"<p><a href=\"http:\/\/kulturbloggen.com\/wp-content\/uploads\/2012\/08\/annatrobergsbild.jpg\"><img loading=\"lazy\" decoding=\"async\" src=\"http:\/\/kulturbloggen.com\/wp-content\/uploads\/2012\/08\/annatrobergsbild.jpg\" alt=\"\" title=\"annatrobergsbild\" width=\"450\" height=\"254\" class=\"aligncenter size-full wp-image-59652\" srcset=\"https:\/\/kulturbloggen.com\/wp-content\/uploads\/2012\/08\/annatrobergsbild.jpg 450w, https:\/\/kulturbloggen.com\/wp-content\/uploads\/2012\/08\/annatrobergsbild-300x169.jpg 300w, https:\/\/kulturbloggen.com\/wp-content\/uploads\/2012\/08\/annatrobergsbild-200x112.jpg 200w, https:\/\/kulturbloggen.com\/wp-content\/uploads\/2012\/08\/annatrobergsbild-175x98.jpg 175w, https:\/\/kulturbloggen.com\/wp-content\/uploads\/2012\/08\/annatrobergsbild-407x230.jpg 407w, https:\/\/kulturbloggen.com\/wp-content\/uploads\/2012\/08\/annatrobergsbild-100x56.jpg 100w, https:\/\/kulturbloggen.com\/wp-content\/uploads\/2012\/08\/annatrobergsbild-80x45.jpg 80w, https:\/\/kulturbloggen.com\/wp-content\/uploads\/2012\/08\/annatrobergsbild-150x84.jpg 150w\" sizes=\"auto, (max-width: 450px) 100vw, 450px\" \/><\/a><br \/>\nI f\u00f6rra veckan var jag p\u00e5 IFLA:s (International Federation of Library Associations) \u00e5rliga v\u00e4rldskongress i Helsingfors. <a href=\"http:\/\/annatroberg.com\/2012\/08\/16\/bibliotekarier-may-the-force-be-with-you\/\">Mitt budskap<\/a> till de hundratals bibliotekarier som samlats d\u00e4r var enkelt: &#8221;Ta inte skit fr\u00e5n bokf\u00f6rlagen! Ta inte skit fr\u00e5n politikerna! Ni \u00e4r den verkliga rikedomens v\u00e4ktare. Ni kan f\u00f6r\u00e4ndra v\u00e4rlden. May the force be with you.&#8221; (Det kan ni f\u00f6r \u00f6vrig <a href=\"http:\/\/vimeo.com\/47505634\">se p\u00e5 video h\u00e4r<\/a> cirka 34-ish minuter in i videon.)<\/p>\n<p>Just nu bombarderas n\u00e4mligen biblioteken av skit fr\u00e5n b\u00e5de bokf\u00f6rlag och politiker. Bokf\u00f6rlagen anser att biblioteken f\u00f6rst\u00f6r bokmarknaden genom att, chock horror, l\u00e5na ut b\u00f6cker gratis, medan politikerna tror att man kan bedriva en meningsfull biblioteksverksamhet p\u00e5 luft och ett glatt hum\u00f6r. B\u00e5da antagandena \u00e4r naturligtvis fel, men de \u00e4r icke desto mindre en otrevlig verklighet som v\u00e5ra bibliotek beh\u00f6ver tackla varje dag.<\/p>\n<p>Andra som ropar f\u00f6r d\u00f6va politiker\u00f6ron \u00e4r Riksantikvarie\u00e4mbetet. F\u00f6rra \u00e5ret skrev den d\u00e5varande riksantikvarien, Inger Lilliequist, en <a href=\"http:\/\/www.svd.se\/opinion\/brannpunkt\/skarp-straffen-for-fornminnesbrott_6687250.svd\">debattartikel i SvD<\/a> om hur det numera \u00e4r t\u00e4mligen riskfritt att f\u00f6rst\u00f6ra v\u00e5ra gemensamma fornminnen. Varken politiker eller r\u00e4ttsv\u00e4sende tycks anse att just denna del av kulturarvet \u00e4r skyddsv\u00e4rd. Sj\u00e4lv undrar jag mest varf\u00f6r helt unika kulturskatter inte skyddas, medan man tills\u00e4tter tre special\u00e5klagare och en taskforce om femton man f\u00f6r att se till att ingen fildelar topplistekultur som \u00e4r ungef\u00e4r lika utrotningshotad som vildkaniner p\u00e5 Gotland.<\/p>\n<p>Ovanp\u00e5 allt detta meddelade nyligen moderaternas skolpolitiska talesperson, Tomas Tob\u00e9, att det d\u00e4r med estetiska utbildningar \u00e4r ett f\u00f6ga produktivt aber som man g\u00f6r b\u00e4st i att dra ner p\u00e5. Uttalandet \u00e4r ganska typiskt f\u00f6r moderaternas generella syn p\u00e5 kultur. Man bryr sig om topplistekulturen f\u00f6r att den l\u00e4tt oms\u00e4tts till pengar. Att den kr\u00e4ver n\u00e5gons sorts grundl\u00e4ggande kulturell infrastuktur f\u00f6r att alls uppst\u00e5 verkar vara ett steg f\u00f6r l\u00e5ngt att t\u00e4nka.<\/p>\n<p>Kultur f\u00f6der kultur. Om man v\u00e4ljer att strunta i biblioteken, om man skiter i att v\u00e5ra gemensamma fornminnen g\u00e5r f\u00f6rlorade och stryper barns och ungdomars m\u00f6jlighet att m\u00f6ta och sj\u00e4lva skapa kultur p\u00e5 och utanf\u00f6r n\u00e4tet, s\u00e5 f\u00e5r vi nog ocks\u00e5 leva med det faktum att framtiden kommer att blicka tillbaka p\u00e5 v\u00e5r tid som en m\u00f6rk kulturell medeltid d\u00e4r generellt ointresse, bestsellerism och repression till\u00e4ts s\u00e4tta agendan f\u00f6r kulturen.<\/p>\n<p>Bara det senaste \u00e5ret har jag skrivit om detta otaliga g\u00e5nger p\u00e5 <a href=\"http:\/\/annatroberg.com\/2012\/06\/28\/bibliotekens-sak-ar-var\/\">mina<\/a> <a href=\"http:\/\/nyheter24.se\/blogg\/anna-troberg\/2011\/09\/15\/forlaggareforeningen-vill-suga-ut-biblioteken-med-e-bokslicenser\/\">bloggar<\/a>. Jag har skrivit om det i <a href=\"http:\/\/norran.se\/2012\/01\/debatt\/bokforlag-biter-sig-i-sjalva-foten\/\">Norran<\/a>, <a href=\"http:\/\/www.svd.se\/kultur\/kulturdebatt\/sluta-spana-efter-den-tid-som-flytt_6779169.svd\">SvD Kultur<\/a>, <a href=\"http:\/\/www.aftonbladet.se\/debatt\/debattamnen\/kulturochnoje\/article15300787.ab\">Aftonbladet<\/a> och <a href=\"http:\/\/www.gp.se\/nyheter\/debatt\/1.1043520-forlagen-maste-slappa-greppet-om-e-bockerna\">G\u00f6teborgsposten<\/a>. Jag kommer att forts\u00e4tta att skriva om det tills n\u00e5gon lyssnar eller tills jag trillar av pinnen.<\/p>\n<p>Kultur \u00e4r n\u00e4mligen ingen lyx man bara ska f\u00e5 unna sig om man har tid och pengar. Kultur \u00e4r mycket mer \u00e4n s\u00e5 och n\u00e4r politikerna trasar s\u00f6nder den kulturella infrastrukturen, s\u00e5 trasar de s\u00f6nder en viktig del av det fundament som hela samh\u00e4llet vilar p\u00e5. Jag kan inte l\u00e5ta bli att undra var alla de som brukar rycka ut f\u00f6r att r\u00e4dda kulturen fr\u00e5n oss hemska pirater \u00e4r n\u00e4r kulturen angrips p\u00e5 riktigt? Jag vet d\u00e5 inte, men jag har noterat att de inte tycks ha n\u00e5got emot att l\u00e4mna \u00f6ver den lite mer oglamor\u00f6sa kampen f\u00f6r biblioteken, fornminnena och den nya generationens kulturskapare till oss. \u00c4r det m\u00e5nne f\u00f6r att de \u00e4r lite f\u00f6r gamla och tr\u00f6tta och vill spara de krafter de har kvar till slutkampen om de heliga topplistorna?<\/p>\n<p><strong>Text: Anna Troberg<\/strong><\/p>\n<p><em>Anna Troberg \u00e4r f\u00f6rfattare och partiledare f\u00f6r Piratpartiet. Hon bloggar \u00e4ven p\u00e5 <a href=\"\u201dhttp:\/\/www.annatroberg.com\u201d\">annatroberg.com<\/a> och p\u00e5 <a href=\"http:\/\/www.nyheter24.se\/blogg\/anna-troberg\">Nyheter 24<\/a>. Hon har tidigare varit bokf\u00f6rlagschef och har bland annat skrivit romanen \u201c<a href=\"\u201dhttp:\/\/www.annatroberg.com\/forfattare\/roma\/\u201d\">Chefer fr\u00e5n helvetet<\/a>\u201d (W&amp;W, 2007) under pseudonymen Rosetta Sten. F\u00f6lj henne p\u00e5 <a href=\"http:\/\/twitter.com\/#!\/annatroberg\">Twitter<\/a>, <a href=\"https:\/\/plus.google.com\/u\/0\/117702988897242772172\">Google+<\/a>, <a href=\"http:\/\/www.facebook.com\/annatroberg1\">Facebook<\/a> och <a href=\"https:\/\/plus.google.com\/u\/0\/117702988897242772172\">YouTube<\/a>.<\/em><\/p>\n<p><strong>Tidigare texter h\u00e4r p\u00e5 kulturbloggen:<\/strong><br \/>\n&#8221;<a href=\"http:\/\/kulturbloggen.com\/?p=44950\">Den motvilliga sj\u00e4lvbiografin<\/a>&#8221;<br \/>\n&#8221;<a href=\"http:\/\/kulturbloggen.com\/?p=46438\">Den svenska kulturdebatten \u00e4r ganska ofta &#8217;g\u00e4sp&#8217;<\/a>&#8221;<\/p>\n<p>L\u00e4s \u00e4ven andra bloggares \u00e5sikter om <a href=\"http:\/\/bloggar.se\/om\/bibliotek\" rel=\"tag\">bibliotek<\/a>, <a href=\"http:\/\/bloggar.se\/om\/litreratur\" rel=\"tag\">litreratur<\/a>, <a href=\"http:\/\/bloggar.se\/om\/kulturpolitik\" rel=\"tag\">kulturpolitik<\/a>, <a href=\"http:\/\/bloggar.se\/om\/samh%E4lle\" rel=\"tag\">samh\u00e4lle<\/a>, <a href=\"http:\/\/bloggar.se\/om\/politik\" rel=\"tag\">politik<\/a><\/p>\n","protected":false},"excerpt":{"rendered":"<p>I f\u00f6rra veckan var jag p\u00e5 IFLA:s (International Federation of Library Associations) \u00e5rliga v\u00e4rldskongress i Helsingfors. Mitt budskap till de hundratals bibliotekarier som samlats d\u00e4r var enkelt: &#8221;Ta inte skit fr\u00e5n bokf\u00f6rlagen! Ta inte skit fr\u00e5n politikerna! Ni \u00e4r den verkliga rikedomens v\u00e4ktare. Ni kan f\u00f6r\u00e4ndra v\u00e4rlden. May the force be with you.&#8221; (Det kan [&hellip;]<\/p>\n","protected":false},"author":14,"featured_media":0,"comment_status":"open","ping_status":"open","sticky":false,"template":"","format":"standard","meta":{"_genesis_hide_title":false,"_genesis_hide_breadcrumbs":false,"_genesis_hide_singular_image":false,"_genesis_hide_footer_widgets":false,"_genesis_custom_body_class":"","_genesis_custom_post_class":"","_genesis_layout":"","footnotes":""},"categories":[62],"tags":[616,3109,8593,12284,4917],"class_list":{"0":"post-59650","1":"post","2":"type-post","3":"status-publish","4":"format-standard","6":"category-medie-och-kulturpolitik","7":"tag-bibliotek","8":"tag-kulturpolitik","9":"tag-litreratur","10":"tag-politik","11":"tag-samhalle","12":"entry"},"_links":{"self":[{"href":"https:\/\/kulturbloggen.com\/index.php?rest_route=\/wp\/v2\/posts\/59650","targetHints":{"allow":["GET"]}}],"collection":[{"href":"https:\/\/kulturbloggen.com\/index.php?rest_route=\/wp\/v2\/posts"}],"about":[{"href":"https:\/\/kulturbloggen.com\/index.php?rest_route=\/wp\/v2\/types\/post"}],"author":[{"embeddable":true,"href":"https:\/\/kulturbloggen.com\/index.php?rest_route=\/wp\/v2\/users\/14"}],"replies":[{"embeddable":true,"href":"https:\/\/kulturbloggen.com\/index.php?rest_route=%2Fwp%2Fv2%2Fcomments&post=59650"}],"version-history":[{"count":3,"href":"https:\/\/kulturbloggen.com\/index.php?rest_route=\/wp\/v2\/posts\/59650\/revisions"}],"predecessor-version":[{"id":59666,"href":"https:\/\/kulturbloggen.com\/index.php?rest_route=\/wp\/v2\/posts\/59650\/revisions\/59666"}],"wp:attachment":[{"href":"https:\/\/kulturbloggen.com\/index.php?rest_route=%2Fwp%2Fv2%2Fmedia&parent=59650"}],"wp:term":[{"taxonomy":"category","embeddable":true,"href":"https:\/\/kulturbloggen.com\/index.php?rest_route=%2Fwp%2Fv2%2Fcategories&post=59650"},{"taxonomy":"post_tag","embeddable":true,"href":"https:\/\/kulturbloggen.com\/index.php?rest_route=%2Fwp%2Fv2%2Ftags&post=59650"}],"curies":[{"name":"wp","href":"https:\/\/api.w.org\/{rel}","templated":true}]}}