{"id":59564,"date":"2012-08-26T02:22:12","date_gmt":"2012-08-26T00:22:12","guid":{"rendered":"http:\/\/kulturbloggen.com\/?p=59564"},"modified":"2012-08-26T02:22:12","modified_gmt":"2012-08-26T00:22:12","slug":"popaganda-icona-pop-mer-an-en-one-hit-wonder","status":"publish","type":"post","link":"https:\/\/kulturbloggen.com\/?p=59564","title":{"rendered":"Popaganda: Icona Pop mer \u00e4n en one hit wonder"},"content":{"rendered":"<p><strong>Icona Pop, Stora scenen<\/strong><br \/>\nPopaganda 25 augusti 2012<br \/>\nBetyg: 3<\/p>\n<p>Att fylla ut Popagandas stora scen som dagens f\u00f6rsta band \u00e4r ett konststycke som f\u00e5 andra band tycks kunna klara av &#8211; men Icona Pop \u00e4r inte heller som andra band. Den energiska girl power-duon har under sommaren skakat om Sverige med den av Charli XCX skrivna hitsingeln <em>I Love It<\/em>. Man brukar tala om feelgood-filmer och om man ska \u00f6verf\u00f6ra begreppet till musikv\u00e4rlden s\u00e5 \u00e4r nog Icona Pop det n\u00e4rmaste vi kommer feelgood-musik. Det utbyts m\u00e5nga leenden p\u00e5 scen. Aino Jawo och Caroline Hjelt\u00a0verkar framf\u00f6r allt roa sig \u00e5t kaffef\u00f6rs\u00e4ljaren som dansar till musiken samtidigt som han h\u00e5ller en bricka med kanelbullar.<\/p>\n<p><a href=\"http:\/\/kulturbloggen.com\/wp-content\/uploads\/2012\/08\/icona-pop-2.jpg\"><img loading=\"lazy\" decoding=\"async\" class=\"alignright size-medium wp-image-59574\" title=\"icona-pop-2\" src=\"http:\/\/kulturbloggen.com\/wp-content\/uploads\/2012\/08\/icona-pop-2-200x300.jpg\" alt=\"\" width=\"200\" height=\"300\" \/><\/a>Konserten inleds med <em>Nights Like This<\/em> och redan d\u00e5 st\u00e5r det klart att Icona Pop \u00e4r mer \u00e4n en one hit wonder. Elektroniska beats, en ljudbild som f\u00f6r tankarna till 80-talet samt en lika melodi\u00f6s som medryckande refr\u00e4ng kommer de r\u00e4tt l\u00e5ngt med.\u00a0Det \u00e4r dansant och till skillnad fr\u00e5n m\u00e5nga andra band som upptr\u00e4tt p\u00e5 festivalen \u00e4r Icona Pops st\u00f6rsta styrka deras publikkontakt. \u00c4ven om Popaganda-spelningen knappast kommer g\u00e5 hem som Icona Pops vildaste gig genom tiderna \u00e4r det mer charmigt \u00e4n vad jag hade v\u00e5gat hoppas p\u00e5 och jag \u00e4r \u00f6vertygad om att dessa unga svenskar har en lysande framtid till m\u00f6tes.<\/p>\n<p><iframe loading=\"lazy\" width=\"560\" height=\"315\" src=\"http:\/\/www.youtube.com\/embed\/UxxajLWwzqY\" frameborder=\"0\" allowfullscreen><\/iframe><\/p>\n<p>Foto: Emma Andersson<\/p>\n","protected":false},"excerpt":{"rendered":"<p>Icona Pop, Stora scenen Popaganda 25 augusti 2012 Betyg: 3 Att fylla ut Popagandas stora scen som dagens f\u00f6rsta band \u00e4r ett konststycke som f\u00e5 andra band tycks kunna klara av &#8211; men Icona Pop \u00e4r inte heller som andra band. Den energiska girl power-duon har under sommaren skakat om Sverige med den av Charli [&hellip;]<\/p>\n","protected":false},"author":3,"featured_media":59573,"comment_status":"open","ping_status":"open","sticky":false,"template":"","format":"standard","meta":{"_genesis_hide_title":false,"_genesis_hide_breadcrumbs":false,"_genesis_hide_singular_image":false,"_genesis_hide_footer_widgets":false,"_genesis_custom_body_class":"","_genesis_custom_post_class":"","_genesis_layout":"","footnotes":""},"categories":[7],"tags":[7372,4430],"class_list":{"0":"post-59564","1":"post","2":"type-post","3":"status-publish","4":"format-standard","5":"has-post-thumbnail","7":"category-musik","8":"tag-icona-pop","9":"tag-popaganda","10":"entry"},"_links":{"self":[{"href":"https:\/\/kulturbloggen.com\/index.php?rest_route=\/wp\/v2\/posts\/59564","targetHints":{"allow":["GET"]}}],"collection":[{"href":"https:\/\/kulturbloggen.com\/index.php?rest_route=\/wp\/v2\/posts"}],"about":[{"href":"https:\/\/kulturbloggen.com\/index.php?rest_route=\/wp\/v2\/types\/post"}],"author":[{"embeddable":true,"href":"https:\/\/kulturbloggen.com\/index.php?rest_route=\/wp\/v2\/users\/3"}],"replies":[{"embeddable":true,"href":"https:\/\/kulturbloggen.com\/index.php?rest_route=%2Fwp%2Fv2%2Fcomments&post=59564"}],"version-history":[{"count":4,"href":"https:\/\/kulturbloggen.com\/index.php?rest_route=\/wp\/v2\/posts\/59564\/revisions"}],"predecessor-version":[{"id":59589,"href":"https:\/\/kulturbloggen.com\/index.php?rest_route=\/wp\/v2\/posts\/59564\/revisions\/59589"}],"wp:featuredmedia":[{"embeddable":true,"href":"https:\/\/kulturbloggen.com\/index.php?rest_route=\/wp\/v2\/media\/59573"}],"wp:attachment":[{"href":"https:\/\/kulturbloggen.com\/index.php?rest_route=%2Fwp%2Fv2%2Fmedia&parent=59564"}],"wp:term":[{"taxonomy":"category","embeddable":true,"href":"https:\/\/kulturbloggen.com\/index.php?rest_route=%2Fwp%2Fv2%2Fcategories&post=59564"},{"taxonomy":"post_tag","embeddable":true,"href":"https:\/\/kulturbloggen.com\/index.php?rest_route=%2Fwp%2Fv2%2Ftags&post=59564"}],"curies":[{"name":"wp","href":"https:\/\/api.w.org\/{rel}","templated":true}]}}