{"id":59474,"date":"2012-08-24T16:48:20","date_gmt":"2012-08-24T14:48:20","guid":{"rendered":"http:\/\/kulturbloggen.com\/?p=59474"},"modified":"2012-08-24T17:02:33","modified_gmt":"2012-08-24T15:02:33","slug":"art-of-the-streets-oppna-graffitivaggar-en-mojlighet-i-stockholm","status":"publish","type":"post","link":"https:\/\/kulturbloggen.com\/?p=59474","title":{"rendered":"Art of the Streets: \u00d6ppna graffitiv\u00e4ggar &#8211; en m\u00f6jlighet i Stockholm"},"content":{"rendered":"<p><strong>Den 25 och 26 augusti, anordnar Riksteatern Art of the Streets,<br \/>\nSveriges st\u00f6rsta konvent f\u00f6r graffiti och gatukonst<\/strong><\/p>\n<p>N\u00e4r nu Riksteatern\u00a0f\u00f6r tredje \u00e5ret i rad arrangerar konventet Art of the Streets passar man ocks\u00e5 p\u00e5 att presentera flera konkreta f\u00f6rslag p\u00e5 lagliga v\u00e4ggar i Stockholm. <\/p>\n<p>Riksteatern\u00a0ger fyra f\u00f6rslag p\u00e5 platser f\u00f6r en \u00f6ppen v\u00e4gg i Stockholm; muren utanf\u00f6r Zinkensdamms IP, Skansbrons norra f\u00e4ste, skolg\u00e5rdsmuren vid Engelska gymnasiet i Tjurbergsparken och vid V\u00e4sterbrons f\u00e4ste i R\u00e5lambshovsparken. <\/p>\n<p><img loading=\"lazy\" decoding=\"async\" src=\"http:\/\/kulturbloggen.com\/wp-content\/uploads\/2012\/08\/Ceylan-Holago9334.jpg\" alt=\"Ceylan Holago, Art of the Streets 2012\" width=\"450\" height=\"319\" class=\"alignnone size-full wp-image-59477\" srcset=\"https:\/\/kulturbloggen.com\/wp-content\/uploads\/2012\/08\/Ceylan-Holago9334.jpg 450w, https:\/\/kulturbloggen.com\/wp-content\/uploads\/2012\/08\/Ceylan-Holago9334-300x212.jpg 300w, https:\/\/kulturbloggen.com\/wp-content\/uploads\/2012\/08\/Ceylan-Holago9334-200x141.jpg 200w, https:\/\/kulturbloggen.com\/wp-content\/uploads\/2012\/08\/Ceylan-Holago9334-175x124.jpg 175w, https:\/\/kulturbloggen.com\/wp-content\/uploads\/2012\/08\/Ceylan-Holago9334-324x230.jpg 324w, https:\/\/kulturbloggen.com\/wp-content\/uploads\/2012\/08\/Ceylan-Holago9334-91x65.jpg 91w, https:\/\/kulturbloggen.com\/wp-content\/uploads\/2012\/08\/Ceylan-Holago9334-80x56.jpg 80w, https:\/\/kulturbloggen.com\/wp-content\/uploads\/2012\/08\/Ceylan-Holago9334-150x106.jpg 150w\" sizes=\"auto, (max-width: 450px) 100vw, 450px\" \/><br \/><em><strong>Ceylan Holago<\/strong>, producent f\u00f6r Art of the streets<\/em><\/p>\n<p>Citat fr\u00e5n S\u00f6dermalmsnytt:<\/p>\n<blockquote><p>\u2013\u2009Riksteatern tar tydligt avst\u00e5nd fr\u00e5n all form av skadeg\u00f6relse. V\u00e5r h\u00e5llning \u00e4r att det ska finnas lagliga ytor f\u00f6r den h\u00e4r konstformen p\u00e5 samma s\u00e4tt som det finns f\u00f6r andra kulturyttringar. Lagliga v\u00e4ggar fr\u00e4mjar kreativiteten, skapar nya m\u00f6tesplatser och ger vanliga stockholmare en plats d\u00e4r man kan se samtida konst i st\u00e4ndig utveckling, s\u00e4ger <strong>Ceylan Holago<\/strong>, producent f\u00f6r Art of the streets.\u00a0 <a href=\"http:\/\/www.direktpress.se\/sodermalmsnytt\/Nyheter\/Har-ar-graffitimalarnas-dromvaggar\/\" title=\"Citat fr\u00e5n S\u00f6dermalmsnytt\" target=\"_blank\">L\u00e4nk<\/a>. <\/p><\/blockquote>\n<p>\u00c4r lagliga v\u00e4ggar p\u00e5 de platser s\u00e5som Riksteatern nu f\u00f6resl\u00e5r en m\u00f6jlig v\u00e4g bort fr\u00e5n Noll toleransen f\u00f6r Stockholms borgerliga politiker? Ja, det \u00e4r t\u00e4nkbart att man nu alltmer tar intryk av den debatt som f\u00f6rsig\u00e5r och d\u00e4r Riksteatern med sina \u00e5rliga konvent har varit den starka motorn. Sj\u00e4lv tror jag att det sitter h\u00e5rt \u00e5t hos de styrande. I morgon l\u00f6rdag har vi m\u00f6jligheter att f\u00e5 h\u00f6ra vad politikerna i Stockholm tycker d\u00e5 det anordnas en paneldebatt p\u00e5 K\u00e4gelbanan. Representanter f\u00f6r samtliga politiska partier i Stockholms stadshus deltar.<\/p>\n<p>&#8211; 18:00-20:00 Debatt: <a href=\"http:\/\/www.riksteatern.se\/artofthestreets\" title=\"Hur ser framtiden ut f\u00f6r Stockholms graffitikonstn\u00e4rer?\" target=\"_blank\">&#8221;Hur ser framtiden ut f\u00f6r Stockholms graffitikonstn\u00e4rer?\u201d<\/a><\/p>\n<p><img loading=\"lazy\" decoding=\"async\" src=\"http:\/\/kulturbloggen.com\/wp-content\/uploads\/2012\/08\/Seksie_Bleckan9370.jpg\" alt=\"Seksie, Art of the Streets 2012\" width=\"300\" height=\"450\" class=\"alignnone size-full wp-image-59478\" srcset=\"https:\/\/kulturbloggen.com\/wp-content\/uploads\/2012\/08\/Seksie_Bleckan9370.jpg 300w, https:\/\/kulturbloggen.com\/wp-content\/uploads\/2012\/08\/Seksie_Bleckan9370-200x300.jpg 200w, https:\/\/kulturbloggen.com\/wp-content\/uploads\/2012\/08\/Seksie_Bleckan9370-150x225.jpg 150w, https:\/\/kulturbloggen.com\/wp-content\/uploads\/2012\/08\/Seksie_Bleckan9370-100x150.jpg 100w, https:\/\/kulturbloggen.com\/wp-content\/uploads\/2012\/08\/Seksie_Bleckan9370-153x230.jpg 153w, https:\/\/kulturbloggen.com\/wp-content\/uploads\/2012\/08\/Seksie_Bleckan9370-43x65.jpg 43w, https:\/\/kulturbloggen.com\/wp-content\/uploads\/2012\/08\/Seksie_Bleckan9370-53x80.jpg 53w\" sizes=\"auto, (max-width: 300px) 100vw, 300px\" \/><br \/><em><strong>Seksie (Bleckan)<\/strong>, Art of the Streets 2012<\/em><\/p>\n<p>Mer \u00f6ppna v\u00e4ggar hittar ni h\u00e4r hos <a href=\"http:\/\/graffitiframjandet.se\/?page_id=26\" title=\"\u00d6ppna v\u00e4ggar - Graffitiframjandet\" target=\"_blank\">Graffitifr\u00e4mjandet<\/a>!<\/p>\n<p>Se \u00e4ven <a href=\"http:\/\/www.nolltoleransen.se\/\" title=\"Nolltoleransen\" target=\"_blank\">Nolltoleransen<\/a>!<\/p>\n","protected":false},"excerpt":{"rendered":"<p>Den 25 och 26 augusti, anordnar Riksteatern Art of the Streets, Sveriges st\u00f6rsta konvent f\u00f6r graffiti och gatukonst N\u00e4r nu Riksteatern\u00a0f\u00f6r tredje \u00e5ret i rad arrangerar konventet Art of the Streets passar man ocks\u00e5 p\u00e5 att presentera flera konkreta f\u00f6rslag p\u00e5 lagliga v\u00e4ggar i Stockholm. Riksteatern\u00a0ger fyra f\u00f6rslag p\u00e5 platser f\u00f6r en \u00f6ppen v\u00e4gg i [&hellip;]<\/p>\n","protected":false},"author":13,"featured_media":0,"comment_status":"open","ping_status":"open","sticky":false,"template":"","format":"standard","meta":{"_genesis_hide_title":false,"_genesis_hide_breadcrumbs":false,"_genesis_hide_singular_image":false,"_genesis_hide_footer_widgets":false,"_genesis_custom_body_class":"","_genesis_custom_post_class":"","_genesis_layout":"","footnotes":""},"categories":[20],"tags":[2076,8570],"class_list":{"0":"post-59474","1":"post","2":"type-post","3":"status-publish","4":"format-standard","6":"category-film","7":"tag-graffiti","8":"tag-nolltolerans","9":"entry"},"_links":{"self":[{"href":"https:\/\/kulturbloggen.com\/index.php?rest_route=\/wp\/v2\/posts\/59474","targetHints":{"allow":["GET"]}}],"collection":[{"href":"https:\/\/kulturbloggen.com\/index.php?rest_route=\/wp\/v2\/posts"}],"about":[{"href":"https:\/\/kulturbloggen.com\/index.php?rest_route=\/wp\/v2\/types\/post"}],"author":[{"embeddable":true,"href":"https:\/\/kulturbloggen.com\/index.php?rest_route=\/wp\/v2\/users\/13"}],"replies":[{"embeddable":true,"href":"https:\/\/kulturbloggen.com\/index.php?rest_route=%2Fwp%2Fv2%2Fcomments&post=59474"}],"version-history":[{"count":10,"href":"https:\/\/kulturbloggen.com\/index.php?rest_route=\/wp\/v2\/posts\/59474\/revisions"}],"predecessor-version":[{"id":59485,"href":"https:\/\/kulturbloggen.com\/index.php?rest_route=\/wp\/v2\/posts\/59474\/revisions\/59485"}],"wp:attachment":[{"href":"https:\/\/kulturbloggen.com\/index.php?rest_route=%2Fwp%2Fv2%2Fmedia&parent=59474"}],"wp:term":[{"taxonomy":"category","embeddable":true,"href":"https:\/\/kulturbloggen.com\/index.php?rest_route=%2Fwp%2Fv2%2Fcategories&post=59474"},{"taxonomy":"post_tag","embeddable":true,"href":"https:\/\/kulturbloggen.com\/index.php?rest_route=%2Fwp%2Fv2%2Ftags&post=59474"}],"curies":[{"name":"wp","href":"https:\/\/api.w.org\/{rel}","templated":true}]}}