{"id":5922,"date":"2009-01-05T11:59:54","date_gmt":"2009-01-05T10:59:54","guid":{"rendered":"http:\/\/kulturbloggen.com\/?p=5922"},"modified":"2009-01-05T11:59:54","modified_gmt":"2009-01-05T10:59:54","slug":"mando-diaos-nya-skiva-produceras-av-hiphopeliten","status":"publish","type":"post","link":"https:\/\/kulturbloggen.com\/?p=5922","title":{"rendered":"Mando Diaos nya skiva produceras av hiphopeliten"},"content":{"rendered":"<p>Mando Diao sl\u00e4pper sin nya skiva i februari och \u00e5ker p\u00e5 en Sverigeturn\u00e9, <a href=\"http:\/\/kulturbloggen.com\/?p=5415\">som vi ber\u00e4ttat om tidigare.<\/a> Mando Diao \u00e4r i slutfasen av arbetet med nya plattan \u201dGive me fire\u201d, den femte p\u00e5 sex \u00e5r.<\/p>\n<p>Nu kommer mer information om Mando Diaos nya skiva. Den \u00e4r producerad av de tv\u00e5 hiphopstj\u00e4rnorna och br\u00f6derna Salla och Masse. <a href=\"http:\/\/www.aftonbladet.se\/nojesbladet\/article4118560.ab\">Aftonbladet ber\u00e4ttar<\/a>:<\/p>\n<blockquote><p>Ena brorsan Salazar, Salla, var tidigare med i Latin Kings och andra brorsan, Masse, har producerat dr\u00f6svis med hiphop-beats till gr\u00e4ddan av Sveriges hiphop-elit.<br \/>\nM\u00e5nga \u00f6gonbryn h\u00f6jdes i f\u00f6rv\u00e5ning n\u00e4r det blev k\u00e4nt att de tv\u00e5 konstellationerna skulle samarbeta men det hela b\u00f6rjade faktiskt av en slump.<br \/>\n\u2013 De \u00e4r v\u00e5ra idoler, s\u00e4ger Gustaf Nor\u00e9n som kl\u00e4mt ner sig i ett fyrs\u00e4te i t-banevagnen tillsammans med sina bandkollegor inf\u00f6r den 40 minuter l\u00e5nga f\u00e4rden ut till \u00e4ndstationen Norsborg.<\/p><\/blockquote>\n<p><a href=\"http:\/\/www.mandodiao.com\/site\/main.php#section=news&#038;id=486&#038;begin=0&#038;update=1&#038;top=1&#038;nav=mod_feed\">P\u00e5 Mando Diaos hemsida<\/a> ber\u00e4ttar bandet att de ska spela p\u00e5 den stora tyska musikfestivalen <a href=\"http:\/\/www.rock-am-ring.com\/\">Rock Am Ring<\/a> i sommar.<\/p>\n<p><img loading=\"lazy\" decoding=\"async\" src=\"http:\/\/sodergren.com\/kulturbloggen\/wp-content\/uploads\/2009\/01\/mandodiao260.jpg\" alt=\"mandodiao260\" title=\"mandodiao260\" width=\"260\" height=\"150\" class=\"aligncenter size-full wp-image-5923\" \/><\/p>\n<p>Andra bloggar om: <a href=\"http:\/\/bloggar.se\/om\/skivnytt\" rel=\"tag\">skivnytt<\/a>, <a href=\"http:\/\/bloggar.se\/om\/hiphop\" rel=\"tag\">hiphop<\/a>, <a href=\"http:\/\/bloggar.se\/om\/popmusik\" rel=\"tag\">popmusik<\/a>, <a href=\"http:\/\/bloggar.se\/om\/musik\" rel=\"tag\">musik<\/a>, <a href=\"http:\/\/bloggar.se\/om\/Salla\" rel=\"tag\">Salla<\/a>, <a href=\"http:\/\/bloggar.se\/om\/Mando+Diao\" rel=\"tag\">Mando Diao<\/a><\/p>\n","protected":false},"excerpt":{"rendered":"<p>Mando Diao sl\u00e4pper sin nya skiva i februari och \u00e5ker p\u00e5 en Sverigeturn\u00e9, som vi ber\u00e4ttat om tidigare. Mando Diao \u00e4r i slutfasen av arbetet med nya plattan \u201dGive me fire\u201d, den femte p\u00e5 sex \u00e5r. Nu kommer mer information om Mando Diaos nya skiva. Den \u00e4r producerad av de tv\u00e5 hiphopstj\u00e4rnorna och br\u00f6derna Salla [&hellip;]<\/p>\n","protected":false},"author":2,"featured_media":0,"comment_status":"open","ping_status":"open","sticky":false,"template":"","format":"standard","meta":{"_genesis_hide_title":false,"_genesis_hide_breadcrumbs":false,"_genesis_hide_singular_image":false,"_genesis_hide_footer_widgets":false,"_genesis_custom_body_class":"","_genesis_custom_post_class":"","_genesis_layout":"","footnotes":""},"categories":[7],"tags":[2274,12282,4436,5121],"class_list":{"0":"post-5922","1":"post","2":"type-post","3":"status-publish","4":"format-standard","6":"category-musik","7":"tag-hiphop","8":"tag-musik","9":"tag-popmusik","10":"tag-skivnytt","11":"entry"},"_links":{"self":[{"href":"https:\/\/kulturbloggen.com\/index.php?rest_route=\/wp\/v2\/posts\/5922","targetHints":{"allow":["GET"]}}],"collection":[{"href":"https:\/\/kulturbloggen.com\/index.php?rest_route=\/wp\/v2\/posts"}],"about":[{"href":"https:\/\/kulturbloggen.com\/index.php?rest_route=\/wp\/v2\/types\/post"}],"author":[{"embeddable":true,"href":"https:\/\/kulturbloggen.com\/index.php?rest_route=\/wp\/v2\/users\/2"}],"replies":[{"embeddable":true,"href":"https:\/\/kulturbloggen.com\/index.php?rest_route=%2Fwp%2Fv2%2Fcomments&post=5922"}],"version-history":[{"count":0,"href":"https:\/\/kulturbloggen.com\/index.php?rest_route=\/wp\/v2\/posts\/5922\/revisions"}],"wp:attachment":[{"href":"https:\/\/kulturbloggen.com\/index.php?rest_route=%2Fwp%2Fv2%2Fmedia&parent=5922"}],"wp:term":[{"taxonomy":"category","embeddable":true,"href":"https:\/\/kulturbloggen.com\/index.php?rest_route=%2Fwp%2Fv2%2Fcategories&post=5922"},{"taxonomy":"post_tag","embeddable":true,"href":"https:\/\/kulturbloggen.com\/index.php?rest_route=%2Fwp%2Fv2%2Ftags&post=5922"}],"curies":[{"name":"wp","href":"https:\/\/api.w.org\/{rel}","templated":true}]}}