{"id":58976,"date":"2012-08-14T16:26:22","date_gmt":"2012-08-14T14:26:22","guid":{"rendered":"http:\/\/kulturbloggen.com\/?p=58976"},"modified":"2012-08-14T16:26:22","modified_gmt":"2012-08-14T14:26:22","slug":"undrar-om-gt-tanker-dela-ut-flaskkott-utanfor-en-moske","status":"publish","type":"post","link":"https:\/\/kulturbloggen.com\/?p=58976","title":{"rendered":"Undrar om GT t\u00e4nker dela ut fl\u00e4skk\u00f6tt utanf\u00f6r en moske?"},"content":{"rendered":"<p><a href=\"http:\/\/kulturbloggen.com\/wp-content\/uploads\/2012\/08\/wayoutwest-2012.jpg\"><img loading=\"lazy\" decoding=\"async\" src=\"http:\/\/kulturbloggen.com\/wp-content\/uploads\/2012\/08\/wayoutwest-2012.jpg\" alt=\"\" title=\"wayoutwest 2012\" width=\"450\" height=\"257\" class=\"aligncenter size-full wp-image-58977\" srcset=\"https:\/\/kulturbloggen.com\/wp-content\/uploads\/2012\/08\/wayoutwest-2012.jpg 450w, https:\/\/kulturbloggen.com\/wp-content\/uploads\/2012\/08\/wayoutwest-2012-300x171.jpg 300w, https:\/\/kulturbloggen.com\/wp-content\/uploads\/2012\/08\/wayoutwest-2012-200x114.jpg 200w, https:\/\/kulturbloggen.com\/wp-content\/uploads\/2012\/08\/wayoutwest-2012-175x99.jpg 175w, https:\/\/kulturbloggen.com\/wp-content\/uploads\/2012\/08\/wayoutwest-2012-402x230.jpg 402w, https:\/\/kulturbloggen.com\/wp-content\/uploads\/2012\/08\/wayoutwest-2012-100x57.jpg 100w, https:\/\/kulturbloggen.com\/wp-content\/uploads\/2012\/08\/wayoutwest-2012-80x45.jpg 80w, https:\/\/kulturbloggen.com\/wp-content\/uploads\/2012\/08\/wayoutwest-2012-150x85.jpg 150w\" sizes=\"auto, (max-width: 450px) 100vw, 450px\" \/><\/a><\/p>\n<p>Way Out West, festivalen i G\u00f6teborg, <a href=\"http:\/\/www.dn.se\/kultur-noje\/musik\/way-out-west-blir-kottfri-festival\">var helt vegetarisk<\/a>. All mat som s\u00e4ldes inom festivalomr\u00e5det var vegetarisk.<br \/>\nArgumenten \u00e4r flera, bland annat togs beslutet av klimatsk\u00e4l.<\/p>\n<p>En del m\u00e4nniskor har en f\u00f6rvirrad syn p\u00e5 valfrihet och uppr\u00f6rdes \u00f6ver att de inte kunde f\u00e5 tag p\u00e5 k\u00f6tt inom festivalomr\u00e5det. R\u00e4tt l\u00f6jlig reaktion, tycker jag. Det finns m\u00f6jlighet att k\u00f6pa och \u00e4ta k\u00f6tt i princip var som helst annars. Det \u00e4r p\u00e5 tiden att det vegatariska alternativet kan f\u00e5 chansen att visa upp sig, visa att det fungerar alldeles utm\u00e4rkt att bara \u00e4ta vetetariskt en kv\u00e4ll.<\/p>\n<p>M\u00e5nga av oss m\u00e5r faktiskt illa av att se k\u00f6tt och t\u00e4nka p\u00e5 vad k\u00f6tt \u00e4r och hur k\u00f6ttindustrin fungerar. <\/p>\n<p>Tidningen GT opponerade genom att dela ut k\u00f6tt till festivalbes\u00f6kare.<br \/>\n<a href=\"http:\/\/www.dagensmedia.se\/nyheter\/pr\/article3518797.ece\">Dagens Media ber\u00e4ttar:<\/a><br \/>\n<em>Mitt under den vegetariska festivalen Way Out West kl\u00e4ckte GT id\u00e9n att bjuda festivalbes\u00f6karna p\u00e5 prinskorvar och k\u00f6ttbullar. Ett tilltag som gjorde presschefen Joel Borg rasande.<\/em><\/p>\n<p><a href=\"http:\/\/www.dn.se\/kultur-noje\/tidning-i-kottbrak-med-way-out-west\">Joel Borg har ju helt r\u00e4tt i att bli uppr\u00f6rd<\/a>. <a href=\"https:\/\/twitter.com\/joelborg\">Han twittrade privat<\/a>:<br \/>\n<em>Snart antirasistgala i Gbg. D\u00e5 kommer GT st\u00e5 utanf\u00f6r och dela ut hakkors-pins och huvudk\u00e5por. \u00b4F\u00f6r att lyfta fr\u00e5gan med glimten i \u00f6gat.<\/em><\/p>\n<p>Jag tycker att det var ett f\u00f6raktfullt agerande av GT, ungef\u00e4r som att st\u00e4lla sig utanf\u00f6r en mosk\u00e9 och dela ut fl\u00e4skk\u00f6tt. <\/p>\n<p>Det \u00e4r konstigt att det \u00e4r s\u00e5 sv\u00e5rt att ha respekt f\u00f6r att m\u00e4nniskor vill g\u00f6ra n\u00e5got f\u00f6r klimatet och m\u00e4nskligheten, att det \u00e4r s\u00e5 otill\u00e5tet att st\u00e5 f\u00f6r n\u00e5got.<\/p>\n<p>L\u00e4s \u00e4ven andra bloggares \u00e5sikter om <a href=\"http:\/\/bloggar.se\/om\/vegetariskt\" rel=\"tag\">vegetariskt<\/a>, <a href=\"http:\/\/bloggar.se\/om\/Way+Out+West\" rel=\"tag\">Way Out West<\/a>, <a href=\"http:\/\/bloggar.se\/om\/Joel+Borg\" rel=\"tag\">Joel Borg<\/a>, <a href=\"http:\/\/bloggar.se\/om\/GT\" rel=\"tag\">GT<\/a><\/p>\n","protected":false},"excerpt":{"rendered":"<p>Way Out West, festivalen i G\u00f6teborg, var helt vegetarisk. All mat som s\u00e4ldes inom festivalomr\u00e5det var vegetarisk. Argumenten \u00e4r flera, bland annat togs beslutet av klimatsk\u00e4l. En del m\u00e4nniskor har en f\u00f6rvirrad syn p\u00e5 valfrihet och uppr\u00f6rdes \u00f6ver att de inte kunde f\u00e5 tag p\u00e5 k\u00f6tt inom festivalomr\u00e5det. R\u00e4tt l\u00f6jlig reaktion, tycker jag. Det finns [&hellip;]<\/p>\n","protected":false},"author":2,"featured_media":0,"comment_status":"open","ping_status":"open","sticky":false,"template":"","format":"standard","meta":{"_genesis_hide_title":false,"_genesis_hide_breadcrumbs":false,"_genesis_hide_singular_image":false,"_genesis_hide_footer_widgets":false,"_genesis_custom_body_class":"","_genesis_custom_post_class":"","_genesis_layout":"","footnotes":""},"categories":[44,62],"tags":[8531,2691,6202,6353],"class_list":{"0":"post-58976","1":"post","2":"type-post","3":"status-publish","4":"format-standard","6":"category-chadie","7":"category-medie-och-kulturpolitik","8":"tag-gt","9":"tag-joel-borg","10":"tag-vegetariskt","11":"tag-way-out-west","12":"entry"},"_links":{"self":[{"href":"https:\/\/kulturbloggen.com\/index.php?rest_route=\/wp\/v2\/posts\/58976","targetHints":{"allow":["GET"]}}],"collection":[{"href":"https:\/\/kulturbloggen.com\/index.php?rest_route=\/wp\/v2\/posts"}],"about":[{"href":"https:\/\/kulturbloggen.com\/index.php?rest_route=\/wp\/v2\/types\/post"}],"author":[{"embeddable":true,"href":"https:\/\/kulturbloggen.com\/index.php?rest_route=\/wp\/v2\/users\/2"}],"replies":[{"embeddable":true,"href":"https:\/\/kulturbloggen.com\/index.php?rest_route=%2Fwp%2Fv2%2Fcomments&post=58976"}],"version-history":[{"count":1,"href":"https:\/\/kulturbloggen.com\/index.php?rest_route=\/wp\/v2\/posts\/58976\/revisions"}],"predecessor-version":[{"id":58978,"href":"https:\/\/kulturbloggen.com\/index.php?rest_route=\/wp\/v2\/posts\/58976\/revisions\/58978"}],"wp:attachment":[{"href":"https:\/\/kulturbloggen.com\/index.php?rest_route=%2Fwp%2Fv2%2Fmedia&parent=58976"}],"wp:term":[{"taxonomy":"category","embeddable":true,"href":"https:\/\/kulturbloggen.com\/index.php?rest_route=%2Fwp%2Fv2%2Fcategories&post=58976"},{"taxonomy":"post_tag","embeddable":true,"href":"https:\/\/kulturbloggen.com\/index.php?rest_route=%2Fwp%2Fv2%2Ftags&post=58976"}],"curies":[{"name":"wp","href":"https:\/\/api.w.org\/{rel}","templated":true}]}}