{"id":58943,"date":"2012-08-14T09:26:07","date_gmt":"2012-08-14T07:26:07","guid":{"rendered":"http:\/\/kulturbloggen.com\/?p=58943"},"modified":"2012-08-14T09:29:52","modified_gmt":"2012-08-14T07:29:52","slug":"lontagarfonderna-lyxfestades-upp-av-forskareliten","status":"publish","type":"post","link":"https:\/\/kulturbloggen.com\/?p=58943","title":{"rendered":"L\u00f6ntagarfonderna lyxfestades upp av forskareliten"},"content":{"rendered":"<p><a href=\"http:\/\/kulturbloggen.com\/wp-content\/uploads\/2012\/08\/stiftelsenstrategiskforskning.jpg\"><img loading=\"lazy\" decoding=\"async\" src=\"http:\/\/kulturbloggen.com\/wp-content\/uploads\/2012\/08\/stiftelsenstrategiskforskning.jpg\" alt=\"\" title=\"stiftelsenstrategiskforskning\" width=\"450\" height=\"289\" class=\"aligncenter size-full wp-image-58945\" srcset=\"https:\/\/kulturbloggen.com\/wp-content\/uploads\/2012\/08\/stiftelsenstrategiskforskning.jpg 450w, https:\/\/kulturbloggen.com\/wp-content\/uploads\/2012\/08\/stiftelsenstrategiskforskning-300x192.jpg 300w, https:\/\/kulturbloggen.com\/wp-content\/uploads\/2012\/08\/stiftelsenstrategiskforskning-200x128.jpg 200w, https:\/\/kulturbloggen.com\/wp-content\/uploads\/2012\/08\/stiftelsenstrategiskforskning-175x112.jpg 175w, https:\/\/kulturbloggen.com\/wp-content\/uploads\/2012\/08\/stiftelsenstrategiskforskning-358x230.jpg 358w, https:\/\/kulturbloggen.com\/wp-content\/uploads\/2012\/08\/stiftelsenstrategiskforskning-100x65.jpg 100w, https:\/\/kulturbloggen.com\/wp-content\/uploads\/2012\/08\/stiftelsenstrategiskforskning-80x51.jpg 80w, https:\/\/kulturbloggen.com\/wp-content\/uploads\/2012\/08\/stiftelsenstrategiskforskning-150x96.jpg 150w\" sizes=\"auto, (max-width: 450px) 100vw, 450px\" \/><\/a><\/p>\n<p>Att \u00f6verheten anser sig ha r\u00e4tt till exklusiva lyxiga fester oavsett om tiderna \u00e4r d\u00e5liga och m\u00e5nga mindre lyckligt lottade drabbas av arbetsl\u00f6shet och sjukdom med s\u00e4nkta ers\u00e4ttningar &#8211; ja det \u00e4r inget nytt under solen.<br \/>\nVi \u00e4r inte mer civiliserade \u00e4n att en del grupper anser sig vara v\u00e4rda mycket mer \u00e4n andra.<\/p>\n<p>Den statliga myndigheten Tillv\u00e4xtverket \u00e4r ett exempel, n\u00e4ringsdepartementet ett annat och nu idag kommer ett minst lika uppseendev\u00e4ckande avsl\u00f6jande. <a href=\"http:\/\/www.dn.se\/ekonomi\/festfixaren-fick-en-kvarts-miljon--varje-manad\">Dagens Nyheter<\/a>:<br \/>\n<em><a href=\"http:\/\/www.stratresearch.se\/\">Stiftelsen f\u00f6r strategisk forskning<\/a> har de senaste \u00e5ren festat upp flera miljoner kronor av pengar avsedda f\u00f6r forskning. P\u00e5 tre \u00e5r har festfixaren Micael Bindefeld f\u00e5tt 9,3 miljoner kronor. N\u00e4r stiftelsen fyllde 15\u2009\u00e5r kostade festen \u00f6ver tv\u00e5 miljoner.<\/em><\/p>\n<p>Stiftelsen f\u00f6r strategisk forskning f\u00e5r sina medel kommer fr\u00e5n de nedlagda l\u00f6ntagar\u00adfonderna som finansierades med skatter fr\u00e5n f\u00f6retag. Stiftelsens uppdrag fr\u00e5n regeringen \u00e4r att st\u00f6dja svensk forskning inom medicin, teknik och naturvetenskap.<\/p>\n<p>F\u00f6r min del tycker jag det hade varit b\u00e4ttre om l\u00f6ntagarfonderna gick till ett mer j\u00e4mst\u00e4llt och mer r\u00e4ttvist samh\u00e4lle, att de gick till n\u00e5got som gav m\u00e4nniskor jobb ist\u00e4llet f\u00f6r till lyxiga fester \u00e5t \u00f6verheten.<br \/>\nJa just det, r\u00e4tt anv\u00e4nda \u00e4r ju faktiskt exakt det som forskarna kan \u00e5stadkomma. Forskning kan skapa nya f\u00f6retag som ger m\u00e4nniskor jobb, forskning kan ge nya medicin som ger bot f\u00f6r sjuka m\u00e4nniskor.<br \/>\nStiftelsen f\u00f6r strategisk forskning har en viktig funktion att fylla &#8211; det \u00e4r s\u00e5 dumt att dess ledning sv\u00e4rtar ned dess renomm\u00e9 med \u00f6verdrivna fester.<\/p>\n<p>Minst lika illa, om inte till och med v\u00e4rre, \u00e4r att Lars Rask, VD f\u00f6r Stiftelsen f\u00f6r strategisk forskning, f\u00f6rst f\u00f6rs\u00f6kte hindra Dagens Nyheter att f\u00e5 ut handlingarna. <em>N\u00e4r DN p\u00e5b\u00f6rjade granskningen v\u00e4grade Lars Rask f\u00f6rst att l\u00e4mna ut avtalet med h\u00e4nvisning till sekretess<\/em>.  Stiftelsen lyder under samma offentlighetsprinciper som allt som lever p\u00e5 v\u00e5ra skattemedel. Insyn i deras f\u00f6rvaltning \u00e4r  n\u00f6dv\u00e4ndigt i ett demokratiskt samh\u00e4lle.<\/p>\n<p><a href=\"http:\/\/hogbergstankar.blogspot.se\/2012\/08\/politiken-festen-och-etiken-grejar.html\">Peter H\u00f6gberg har skrivit<\/a> en hel <a href=\"http:\/\/hogbergstankar.blogspot.se\/2012\/08\/orden-sanningen-och-trovardighet.html\">del om detta<\/a> liksom <a href=\"http:\/\/martinmobergsblogg.blogspot.se\/2012\/08\/dagens-lastips-vikten-av-aterupprattad.html\">Martin Moberg<\/a>.<\/p>\n<p>L\u00e4s \u00e4ven andra bloggares \u00e5sikter om <a href=\"http:\/\/bloggar.se\/om\/Stiftelsen+f%F6r+strategisk+forskning\" rel=\"tag\">Stiftelsen f\u00f6r strategisk forskning<\/a>, <a href=\"http:\/\/bloggar.se\/om\/lyx\" rel=\"tag\">lyx<\/a>, <a href=\"http:\/\/bloggar.se\/om\/skandal\" rel=\"tag\">skandal<\/a>, <a href=\"http:\/\/bloggar.se\/om\/Lars+Rask\" rel=\"tag\">Lars Rask<\/a>, <a href=\"http:\/\/bloggar.se\/om\/forskare\" rel=\"tag\">forskare<\/a>, <a href=\"http:\/\/bloggar.se\/om\/l%F6ntagarfonder\" rel=\"tag\">l\u00f6ntagarfonder<\/a>, <a href=\"http:\/\/bloggar.se\/om\/sl%F6seri\" rel=\"tag\">sl\u00f6seri<\/a><\/p>\n","protected":false},"excerpt":{"rendered":"<p>Att \u00f6verheten anser sig ha r\u00e4tt till exklusiva lyxiga fester oavsett om tiderna \u00e4r d\u00e5liga och m\u00e5nga mindre lyckligt lottade drabbas av arbetsl\u00f6shet och sjukdom med s\u00e4nkta ers\u00e4ttningar &#8211; ja det \u00e4r inget nytt under solen. Vi \u00e4r inte mer civiliserade \u00e4n att en del grupper anser sig vara v\u00e4rda mycket mer \u00e4n andra. Den [&hellip;]<\/p>\n","protected":false},"author":2,"featured_media":0,"comment_status":"open","ping_status":"open","sticky":false,"template":"","format":"standard","meta":{"_genesis_hide_title":false,"_genesis_hide_breadcrumbs":false,"_genesis_hide_singular_image":false,"_genesis_hide_footer_widgets":false,"_genesis_custom_body_class":"","_genesis_custom_post_class":"","_genesis_layout":"","footnotes":""},"categories":[44],"tags":[8527,8526,8528,8525,5097,8452,8524],"class_list":{"0":"post-58943","1":"post","2":"type-post","3":"status-publish","4":"format-standard","6":"category-chadie","7":"tag-forskare","8":"tag-lars-rask","9":"tag-lontagarfonder","10":"tag-lyx","11":"tag-skandal","12":"tag-sloseri","13":"tag-stiftelsen-for-strategisk-forskning","14":"entry"},"_links":{"self":[{"href":"https:\/\/kulturbloggen.com\/index.php?rest_route=\/wp\/v2\/posts\/58943","targetHints":{"allow":["GET"]}}],"collection":[{"href":"https:\/\/kulturbloggen.com\/index.php?rest_route=\/wp\/v2\/posts"}],"about":[{"href":"https:\/\/kulturbloggen.com\/index.php?rest_route=\/wp\/v2\/types\/post"}],"author":[{"embeddable":true,"href":"https:\/\/kulturbloggen.com\/index.php?rest_route=\/wp\/v2\/users\/2"}],"replies":[{"embeddable":true,"href":"https:\/\/kulturbloggen.com\/index.php?rest_route=%2Fwp%2Fv2%2Fcomments&post=58943"}],"version-history":[{"count":5,"href":"https:\/\/kulturbloggen.com\/index.php?rest_route=\/wp\/v2\/posts\/58943\/revisions"}],"predecessor-version":[{"id":58949,"href":"https:\/\/kulturbloggen.com\/index.php?rest_route=\/wp\/v2\/posts\/58943\/revisions\/58949"}],"wp:attachment":[{"href":"https:\/\/kulturbloggen.com\/index.php?rest_route=%2Fwp%2Fv2%2Fmedia&parent=58943"}],"wp:term":[{"taxonomy":"category","embeddable":true,"href":"https:\/\/kulturbloggen.com\/index.php?rest_route=%2Fwp%2Fv2%2Fcategories&post=58943"},{"taxonomy":"post_tag","embeddable":true,"href":"https:\/\/kulturbloggen.com\/index.php?rest_route=%2Fwp%2Fv2%2Ftags&post=58943"}],"curies":[{"name":"wp","href":"https:\/\/api.w.org\/{rel}","templated":true}]}}