{"id":58907,"date":"2012-08-13T20:19:41","date_gmt":"2012-08-13T18:19:41","guid":{"rendered":"http:\/\/kulturbloggen.com\/?p=58907"},"modified":"2012-08-13T20:19:41","modified_gmt":"2012-08-13T18:19:41","slug":"way-out-west-feist-lever-ut-sina-rockstjarnedrommar","status":"publish","type":"post","link":"https:\/\/kulturbloggen.com\/?p=58907","title":{"rendered":"Way Out West: Feist lever ut sina rockstj\u00e4rnedr\u00f6mmar"},"content":{"rendered":"<p><strong>Feist, Flamingo<\/strong><br \/>\nWay Out West 10 augusti 2012<br \/>\nBetyg: 3<\/p>\n<p>Den p\u00e5 skiva r\u00e4tt l\u00e5gm\u00e4lda kanadensiske folkpop-s\u00e5ngerskan Leslie Feist fick leva ut sina rockstj\u00e4rnedr\u00f6mmar n\u00e4r hon i str\u00e5lande solsken inf\u00f6r storpublik intog Flamingo-scenen under fredagen. Hon \u00e4r p\u00e5tagligt glad \u00f6ver att f\u00e5 vara p\u00e5 Way Out West och hon ber\u00e4ttar att hon \u00e4ntligen f\u00e5tt se The Afghan Whigs vilket hon l\u00e4ngtat efter sedan hon var liten.<\/p>\n<p>Det \u00e4r en charmig och mer \u00e4n godk\u00e4nd spelning, men till skillnad fr\u00e5n n\u00e4r hon spelade p\u00e5 Cirkus tidigare i \u00e5r \u00e4r det bara under ett f\u00e5tal l\u00e5tar som den folkiga popmusiken verkligen kryper in p\u00e5 bara skinnet. Till exempel i <em>I Feel It All<\/em>, soulst\u00e4nkta <em>The Limit to Your Love<\/em> &#8211; som \u00e4ven tolkats av James Blake &#8211; eller n\u00e4r hon g\u00e4stas av Jeff Tweedy fr\u00e5n Wilco under <em>You and I<\/em> som de spelade in ihop till Wilcos sj\u00e4lvbetitlade album. Det bjuds p\u00e5 m\u00e5nga leenden &#8211; s\u00e5v\u00e4l p\u00e5 scen som i publiken &#8211; speciellt n\u00e4r Feist delar in publiken i tre delar som f\u00e5r sjunga harmonier varav de sv\u00e5raste tonerna faller p\u00e5 de som sitter i \u00f6lt\u00e4ltet.<\/p>\n<p><iframe loading=\"lazy\" src=\"http:\/\/www.youtube.com\/embed\/l-iAS18rv68\" frameborder=\"0\" width=\"420\" height=\"315\"><\/iframe><\/p>\n","protected":false},"excerpt":{"rendered":"<p>Feist, Flamingo Way Out West 10 augusti 2012 Betyg: 3 Den p\u00e5 skiva r\u00e4tt l\u00e5gm\u00e4lda kanadensiske folkpop-s\u00e5ngerskan Leslie Feist fick leva ut sina rockstj\u00e4rnedr\u00f6mmar n\u00e4r hon i str\u00e5lande solsken inf\u00f6r storpublik intog Flamingo-scenen under fredagen. Hon \u00e4r p\u00e5tagligt glad \u00f6ver att f\u00e5 vara p\u00e5 Way Out West och hon ber\u00e4ttar att hon \u00e4ntligen f\u00e5tt se [&hellip;]<\/p>\n","protected":false},"author":3,"featured_media":58908,"comment_status":"open","ping_status":"open","sticky":false,"template":"","format":"standard","meta":{"_genesis_hide_title":false,"_genesis_hide_breadcrumbs":false,"_genesis_hide_singular_image":false,"_genesis_hide_footer_widgets":false,"_genesis_custom_body_class":"","_genesis_custom_post_class":"","_genesis_layout":"","footnotes":""},"categories":[7],"tags":[1686,6353],"class_list":{"0":"post-58907","1":"post","2":"type-post","3":"status-publish","4":"format-standard","5":"has-post-thumbnail","7":"category-musik","8":"tag-feist","9":"tag-way-out-west","10":"entry"},"_links":{"self":[{"href":"https:\/\/kulturbloggen.com\/index.php?rest_route=\/wp\/v2\/posts\/58907","targetHints":{"allow":["GET"]}}],"collection":[{"href":"https:\/\/kulturbloggen.com\/index.php?rest_route=\/wp\/v2\/posts"}],"about":[{"href":"https:\/\/kulturbloggen.com\/index.php?rest_route=\/wp\/v2\/types\/post"}],"author":[{"embeddable":true,"href":"https:\/\/kulturbloggen.com\/index.php?rest_route=\/wp\/v2\/users\/3"}],"replies":[{"embeddable":true,"href":"https:\/\/kulturbloggen.com\/index.php?rest_route=%2Fwp%2Fv2%2Fcomments&post=58907"}],"version-history":[{"count":2,"href":"https:\/\/kulturbloggen.com\/index.php?rest_route=\/wp\/v2\/posts\/58907\/revisions"}],"predecessor-version":[{"id":58910,"href":"https:\/\/kulturbloggen.com\/index.php?rest_route=\/wp\/v2\/posts\/58907\/revisions\/58910"}],"wp:featuredmedia":[{"embeddable":true,"href":"https:\/\/kulturbloggen.com\/index.php?rest_route=\/wp\/v2\/media\/58908"}],"wp:attachment":[{"href":"https:\/\/kulturbloggen.com\/index.php?rest_route=%2Fwp%2Fv2%2Fmedia&parent=58907"}],"wp:term":[{"taxonomy":"category","embeddable":true,"href":"https:\/\/kulturbloggen.com\/index.php?rest_route=%2Fwp%2Fv2%2Fcategories&post=58907"},{"taxonomy":"post_tag","embeddable":true,"href":"https:\/\/kulturbloggen.com\/index.php?rest_route=%2Fwp%2Fv2%2Ftags&post=58907"}],"curies":[{"name":"wp","href":"https:\/\/api.w.org\/{rel}","templated":true}]}}