{"id":5866,"date":"2009-01-04T19:12:39","date_gmt":"2009-01-04T18:12:39","guid":{"rendered":"http:\/\/kulturbloggen.com\/?p=5866"},"modified":"2009-01-04T19:12:39","modified_gmt":"2009-01-04T18:12:39","slug":"finns-det-nagra-fler-bra-modebloggar-an-sofi-mode","status":"publish","type":"post","link":"https:\/\/kulturbloggen.com\/?p=5866","title":{"rendered":"Finns det n\u00e5gra fler bra modebloggar \u00e4n Sofi mode?"},"content":{"rendered":"<p><img loading=\"lazy\" decoding=\"async\" src=\"http:\/\/sodergren.com\/kulturbloggen\/wp-content\/uploads\/2009\/01\/sofismode125.jpg\" alt=\"sofismode125\" title=\"sofismode125\" width=\"125\" height=\"250\" class=\"alignright size-full wp-image-5868\" \/>Jag \u00e4r en av de bloggare som f\u00e5tt \u00e4ran att f\u00e5 skicka in f\u00f6rslag p\u00e5 nomineringar till Stora Bloggpriset hos Aftonbladet. <a href=\"http:\/\/kulturbloggen.com\/?p=5800\">H\u00e4romdagen bad jag om lite hj\u00e4lp och tips i den uppgiften.<\/a> Tiden rinner iv\u00e4g och sista dagen att skicka in nomineringar \u00e4r den 7 januari.<\/p>\n<p>En kategori jag tycker \u00e4r sv\u00e5r att nominera inom \u00e4r mode. F\u00f6r jag tycker inte det finns s\u00e5 m\u00e5nga bloggar som \u00e4r s\u00e4rskilt bra.<\/p>\n<p>F\u00f6r att jag ska tycka att en blogg \u00e4r bra ska den ha n\u00e5got eget att komma med. Men den ska ocks\u00e5 ing\u00e5 i bloggv\u00e4rlden p\u00e5 n\u00e5got s\u00e4tt och l\u00e4nka till andra. Om bloggen bara \u00e4r som vilket artikelverktyg som helst, d\u00e5 tycker jag inte det \u00e4r en blogg. Om det \u00e4r en journalist eller skribent som skriver, i vissa fall riktigt bra, men \u00e4nd\u00e5 inte l\u00e5tsas om att det finns andra: d\u00e5 tycker jag produkten \u00e4r en sajt eller en redaktionell produkt, eller &#8230; Ja vad som helst, men inte en blogg.<\/p>\n<p>Okey, det d\u00e4r var r\u00f6rigt. Men en blogg som jag ska definiera som riktigt bra ska:<br \/>\n1. Tillf\u00f6ra n\u00e5got eget och inte bara ta upp vad andra medier skriver<br \/>\n2. Den ska delta i bloggv\u00e4rlden p\u00e5 n\u00e5got s\u00e4tt, l\u00e4nka till andra<\/p>\n<p>N\u00e4r det g\u00e4ller modebloggar tycker jag f\u00e5 ha n\u00e5got eget. De verkar mer vara dagboksanteckningar och jag misst\u00e4nker att de skriver om produkter de f\u00e5tt s\u00e4nt till sig. R\u00e4tta mig g\u00e4rna om jag har fel.<\/p>\n<p><a href=\"http:\/\/www.aftonbladet.se\/sofismode\/article4051153.ab\">Men Sofis mode \u00e4r bra<\/a>, den f\u00f6ljer jag av och till. Den uppfyller punkt 1. D\u00e4remot uppfyller den inte punkt 2.<\/p>\n<p>Nu vet jag inte: f\u00e5r f\u00f6rresten Aftonbladets egna bloggar vara med i t\u00e4vlingen?<\/p>\n<p>S\u00e5, \u00f6vertyga mig g\u00e4rna: finns det n\u00e5gra bra modebloggar?<\/p>\n<p><img loading=\"lazy\" decoding=\"async\" src=\"http:\/\/sodergren.com\/kulturbloggen\/wp-content\/uploads\/2009\/01\/sofismode260.jpg\" alt=\"sofismode260\" title=\"sofismode260\" width=\"260\" height=\"150\" class=\"alignright size-full wp-image-5867\" \/><br \/>\nAndra bloggar om: <a href=\"http:\/\/bloggar.se\/om\/mode\" rel=\"tag\">mode<\/a>, <a href=\"http:\/\/bloggar.se\/om\/bloggpris\" rel=\"tag\">bloggpris<\/a>, <a href=\"http:\/\/bloggar.se\/om\/Stora+Bloggpriset\" rel=\"tag\">Stora Bloggpriset<\/a>, <a href=\"http:\/\/bloggar.se\/om\/Sofis+mode\" rel=\"tag\">Sofis mode<\/a>, <a href=\"http:\/\/bloggar.se\/om\/modeblogg\" rel=\"tag\">modeblogg<\/a>, <a href=\"http:\/\/bloggar.se\/om\/modebloggar\" rel=\"tag\">modebloggar<\/a>, <a href=\"http:\/\/bloggar.se\/om\/nominering\" rel=\"tag\">nominering<\/a>, <a href=\"http:\/\/bloggar.se\/om\/kultur\" rel=\"tag\">kultur<\/a><\/p>\n","protected":false},"excerpt":{"rendered":"<p>Jag \u00e4r en av de bloggare som f\u00e5tt \u00e4ran att f\u00e5 skicka in f\u00f6rslag p\u00e5 nomineringar till Stora Bloggpriset hos Aftonbladet. H\u00e4romdagen bad jag om lite hj\u00e4lp och tips i den uppgiften. Tiden rinner iv\u00e4g och sista dagen att skicka in nomineringar \u00e4r den 7 januari. En kategori jag tycker \u00e4r sv\u00e5r att nominera inom [&hellip;]<\/p>\n","protected":false},"author":2,"featured_media":0,"comment_status":"open","ping_status":"open","sticky":false,"template":"","format":"standard","meta":{"_genesis_hide_title":false,"_genesis_hide_breadcrumbs":false,"_genesis_hide_singular_image":false,"_genesis_hide_footer_widgets":false,"_genesis_custom_body_class":"","_genesis_custom_post_class":"","_genesis_layout":"","footnotes":""},"categories":[20],"tags":[737,3729],"class_list":{"0":"post-5866","1":"post","2":"type-post","3":"status-publish","4":"format-standard","6":"category-film","7":"tag-bloggpris","8":"tag-mode","9":"entry"},"_links":{"self":[{"href":"https:\/\/kulturbloggen.com\/index.php?rest_route=\/wp\/v2\/posts\/5866","targetHints":{"allow":["GET"]}}],"collection":[{"href":"https:\/\/kulturbloggen.com\/index.php?rest_route=\/wp\/v2\/posts"}],"about":[{"href":"https:\/\/kulturbloggen.com\/index.php?rest_route=\/wp\/v2\/types\/post"}],"author":[{"embeddable":true,"href":"https:\/\/kulturbloggen.com\/index.php?rest_route=\/wp\/v2\/users\/2"}],"replies":[{"embeddable":true,"href":"https:\/\/kulturbloggen.com\/index.php?rest_route=%2Fwp%2Fv2%2Fcomments&post=5866"}],"version-history":[{"count":0,"href":"https:\/\/kulturbloggen.com\/index.php?rest_route=\/wp\/v2\/posts\/5866\/revisions"}],"wp:attachment":[{"href":"https:\/\/kulturbloggen.com\/index.php?rest_route=%2Fwp%2Fv2%2Fmedia&parent=5866"}],"wp:term":[{"taxonomy":"category","embeddable":true,"href":"https:\/\/kulturbloggen.com\/index.php?rest_route=%2Fwp%2Fv2%2Fcategories&post=5866"},{"taxonomy":"post_tag","embeddable":true,"href":"https:\/\/kulturbloggen.com\/index.php?rest_route=%2Fwp%2Fv2%2Ftags&post=5866"}],"curies":[{"name":"wp","href":"https:\/\/api.w.org\/{rel}","templated":true}]}}