{"id":58480,"date":"2012-08-07T10:42:18","date_gmt":"2012-08-07T08:42:18","guid":{"rendered":"http:\/\/kulturbloggen.com\/?p=58480"},"modified":"2012-08-07T10:42:49","modified_gmt":"2012-08-07T08:42:49","slug":"hjalp-till-att-samla-namn-pa-alla-kulturarbetare-varlden-over-som-forfoljs","status":"publish","type":"post","link":"https:\/\/kulturbloggen.com\/?p=58480","title":{"rendered":"Hj\u00e4lp till att samla in namn p\u00e5 alla kulturarbetare v\u00e4rlden \u00f6ver som f\u00f6rf\u00f6ljs"},"content":{"rendered":"<p><a href=\"http:\/\/kulturbloggen.com\/wp-content\/uploads\/2012\/08\/thisispolitical.jpg\"><img loading=\"lazy\" decoding=\"async\" src=\"http:\/\/kulturbloggen.com\/wp-content\/uploads\/2012\/08\/thisispolitical-212x300.jpg\" alt=\"\" title=\"thisispolitical\" width=\"212\" height=\"300\" class=\"aligncenter size-medium wp-image-58481\" srcset=\"https:\/\/kulturbloggen.com\/wp-content\/uploads\/2012\/08\/thisispolitical-212x300.jpg 212w, https:\/\/kulturbloggen.com\/wp-content\/uploads\/2012\/08\/thisispolitical-159x225.jpg 159w, https:\/\/kulturbloggen.com\/wp-content\/uploads\/2012\/08\/thisispolitical-106x150.jpg 106w, https:\/\/kulturbloggen.com\/wp-content\/uploads\/2012\/08\/thisispolitical-162x230.jpg 162w, https:\/\/kulturbloggen.com\/wp-content\/uploads\/2012\/08\/thisispolitical-46x65.jpg 46w, https:\/\/kulturbloggen.com\/wp-content\/uploads\/2012\/08\/thisispolitical-56x80.jpg 56w, https:\/\/kulturbloggen.com\/wp-content\/uploads\/2012\/08\/thisispolitical.jpg 405w\" sizes=\"auto, (max-width: 212px) 100vw, 212px\" \/><\/a><\/p>\n<p>N\u00e4r demokratin hotas och diktatoriska makter vill ta \u00f6ver \u00e4r det alltid konstn\u00e4rer som hotas f\u00f6rst. Fria konstn\u00e4rer som skildrar livet och samh\u00e4llet \u00e4r ett hot mot de krafter som vill strypa det \u00f6ppna samh\u00e4llet.<\/p>\n<p><a href=\"http:\/\/mdtsthlm.se\/\">Scenkonstarrang\u00f6ren MDT i Stockholm<\/a> har startat ett viktigt projekt d\u00e4r det vill s\u00e4tta ihop en lista \u00f6ver alla m\u00e4nniskor som f\u00f6rf\u00f6ljs, f\u00e4ngslas eller d\u00f6das f\u00f6r att de skapar konst.<\/p>\n<p>H\u00e4r ber\u00e4ttar de om namninsamlingen:<\/p>\n<p>\u201dThis is Political\u201d \u2013 MDT 1-31 augusti<br \/>\nI augusti avstannar all ordinarie verksamhet p\u00e5 MDT, till f\u00f6rm\u00e5n f\u00f6r ett viktigt projekt &#8211; &#8221;This is Political&#8221;. M\u00e5let \u00e4r att uppr\u00e4tta en lista med namn p\u00e5 m\u00e4nniskor som f\u00f6rf\u00f6ljs, f\u00e4ngslas eller d\u00f6das f\u00f6r att de skapar konst.<\/p>\n<p>&#8221;This is Political&#8221; utg\u00e5r fr\u00e5n det faktum att det alltid \u00e4r konstn\u00e4rer som r\u00e5kar illa ut f\u00f6rst n\u00e4r ett samh\u00e4lle omst\u00f6rtas av revolution, kris eller krig. Det \u00e4r konstn\u00e4rerna och frit\u00e4nkarna som f\u00e4ngslas, m\u00f6rdas eller oskadligg\u00f6rs. Varf\u00f6r, om inte f\u00f6r att de utg\u00f6r ett hot?<\/p>\n<p>\u201dVi \u00e4gnar hela augusti \u00e5t att g\u00f6ra en lista. Vi vill hitta s\u00e5 m\u00e5nga tystade konstn\u00e4rer som m\u00f6jligt och uppm\u00e4rksamma dem s\u00e5 mycket som vi bara kan. Vi vill anv\u00e4nda den h\u00e4r tiden \u00e5t omv\u00e4rldsanalys s\u00e5 att vi ser och l\u00e4r oss f\u00f6rmedla hur viktig roll konsten spelar i samh\u00e4llet.\u201d s\u00e4ger MDT:s teaterchef Danjel Andersson.<\/p>\n<p>MDT initierar detta projekt och bjuder in allm\u00e4nhet och andra organisationer att hj\u00e4lpa till i researcharbetet. Uppl\u00e4gget \u00e4r enkelt. Vi ses p\u00e5 scenen, vardagar kl. 11.00 &#8211; 18.00.<br \/>\nDetta \u00e4r en b\u00f6rjan.<\/p>\n<p>L\u00e4s \u00e4ven andra bloggares \u00e5sikter om <a href=\"http:\/\/bloggar.se\/om\/MDT\" rel=\"tag\">MDT<\/a>, <a href=\"http:\/\/bloggar.se\/om\/kulturpolitik\" rel=\"tag\">kulturpolitik<\/a>, <a href=\"http:\/\/bloggar.se\/om\/demokrati\" rel=\"tag\">demokrati<\/a>, <a href=\"http:\/\/bloggar.se\/om\/yttrandefrihet\" rel=\"tag\">yttrandefrihet<\/a>, <a href=\"http:\/\/bloggar.se\/om\/samh%E4lle\" rel=\"tag\">samh\u00e4lle<\/a>, <a href=\"http:\/\/bloggar.se\/om\/konst\" rel=\"tag\">konst<\/a>, <a href=\"http:\/\/bloggar.se\/om\/frihet\" rel=\"tag\">frihet<\/a>, <a href=\"http:\/\/bloggar.se\/om\/censur\" rel=\"tag\">censur<\/a><\/p>\n","protected":false},"excerpt":{"rendered":"<p>N\u00e4r demokratin hotas och diktatoriska makter vill ta \u00f6ver \u00e4r det alltid konstn\u00e4rer som hotas f\u00f6rst. Fria konstn\u00e4rer som skildrar livet och samh\u00e4llet \u00e4r ett hot mot de krafter som vill strypa det \u00f6ppna samh\u00e4llet. Scenkonstarrang\u00f6ren MDT i Stockholm har startat ett viktigt projekt d\u00e4r det vill s\u00e4tta ihop en lista \u00f6ver alla m\u00e4nniskor som [&hellip;]<\/p>\n","protected":false},"author":13,"featured_media":0,"comment_status":"open","ping_status":"open","sticky":false,"template":"","format":"standard","meta":{"_genesis_hide_title":false,"_genesis_hide_breadcrumbs":false,"_genesis_hide_singular_image":false,"_genesis_hide_footer_widgets":false,"_genesis_custom_body_class":"","_genesis_custom_post_class":"","_genesis_layout":"","footnotes":""},"categories":[62,20,30],"tags":[960,1214,1878,3009,3109,7539,4917],"class_list":{"0":"post-58480","1":"post","2":"type-post","3":"status-publish","4":"format-standard","6":"category-medie-och-kulturpolitik","7":"category-film","8":"category-teater","9":"tag-censur","10":"tag-demokrati","11":"tag-frihet","12":"tag-konst","13":"tag-kulturpolitik","14":"tag-mdt","15":"tag-samhalle","16":"entry"},"_links":{"self":[{"href":"https:\/\/kulturbloggen.com\/index.php?rest_route=\/wp\/v2\/posts\/58480","targetHints":{"allow":["GET"]}}],"collection":[{"href":"https:\/\/kulturbloggen.com\/index.php?rest_route=\/wp\/v2\/posts"}],"about":[{"href":"https:\/\/kulturbloggen.com\/index.php?rest_route=\/wp\/v2\/types\/post"}],"author":[{"embeddable":true,"href":"https:\/\/kulturbloggen.com\/index.php?rest_route=\/wp\/v2\/users\/13"}],"replies":[{"embeddable":true,"href":"https:\/\/kulturbloggen.com\/index.php?rest_route=%2Fwp%2Fv2%2Fcomments&post=58480"}],"version-history":[{"count":2,"href":"https:\/\/kulturbloggen.com\/index.php?rest_route=\/wp\/v2\/posts\/58480\/revisions"}],"predecessor-version":[{"id":58483,"href":"https:\/\/kulturbloggen.com\/index.php?rest_route=\/wp\/v2\/posts\/58480\/revisions\/58483"}],"wp:attachment":[{"href":"https:\/\/kulturbloggen.com\/index.php?rest_route=%2Fwp%2Fv2%2Fmedia&parent=58480"}],"wp:term":[{"taxonomy":"category","embeddable":true,"href":"https:\/\/kulturbloggen.com\/index.php?rest_route=%2Fwp%2Fv2%2Fcategories&post=58480"},{"taxonomy":"post_tag","embeddable":true,"href":"https:\/\/kulturbloggen.com\/index.php?rest_route=%2Fwp%2Fv2%2Ftags&post=58480"}],"curies":[{"name":"wp","href":"https:\/\/api.w.org\/{rel}","templated":true}]}}