{"id":58179,"date":"2012-08-01T09:19:47","date_gmt":"2012-08-01T07:19:47","guid":{"rendered":"http:\/\/kulturbloggen.com\/?p=58179"},"modified":"2012-08-01T10:00:06","modified_gmt":"2012-08-01T08:00:06","slug":"bilder-dundertaget-pa-grona-lund","status":"publish","type":"post","link":"https:\/\/kulturbloggen.com\/?p=58179","title":{"rendered":"Bilder: Dundert\u00e5get p\u00e5 Gr\u00f6na Lund"},"content":{"rendered":"<p><a href=\"http:\/\/kulturbloggen.com\/wp-content\/uploads\/2012\/08\/dundertagetdunderaget.jpg\"><img loading=\"lazy\" decoding=\"async\" src=\"http:\/\/kulturbloggen.com\/wp-content\/uploads\/2012\/08\/dundertagetdunderaget-300x200.jpg\" alt=\"\" title=\"dundertagetdunderaget\" width=\"300\" height=\"200\" class=\"aligncenter size-medium wp-image-58180\" srcset=\"https:\/\/kulturbloggen.com\/wp-content\/uploads\/2012\/08\/dundertagetdunderaget-300x200.jpg 300w, https:\/\/kulturbloggen.com\/wp-content\/uploads\/2012\/08\/dundertagetdunderaget-200x133.jpg 200w, https:\/\/kulturbloggen.com\/wp-content\/uploads\/2012\/08\/dundertagetdunderaget-175x116.jpg 175w, https:\/\/kulturbloggen.com\/wp-content\/uploads\/2012\/08\/dundertagetdunderaget-344x230.jpg 344w, https:\/\/kulturbloggen.com\/wp-content\/uploads\/2012\/08\/dundertagetdunderaget-97x65.jpg 97w, https:\/\/kulturbloggen.com\/wp-content\/uploads\/2012\/08\/dundertagetdunderaget-80x53.jpg 80w, https:\/\/kulturbloggen.com\/wp-content\/uploads\/2012\/08\/dundertagetdunderaget-150x100.jpg 150w, https:\/\/kulturbloggen.com\/wp-content\/uploads\/2012\/08\/dundertagetdunderaget-590x393.jpg 590w, https:\/\/kulturbloggen.com\/wp-content\/uploads\/2012\/08\/dundertagetdunderaget-920x613.jpg 920w, https:\/\/kulturbloggen.com\/wp-content\/uploads\/2012\/08\/dundertagetdunderaget.jpg 1000w\" sizes=\"auto, (max-width: 300px) 100vw, 300px\" \/><\/a><\/p>\n<p>Dundert\u00e5get<br \/>\n<a href=\"http:\/\/www.gronalund.com\/sv\/Konserter-underhallning\/Konserter\/Dundertaget\/\">Gr\u00f6na Lund<\/a><br \/>\n31 juli 2012<\/p>\n<p>Dundert\u00e5get som den 31 juli spelade p\u00e5 Gr\u00f6na Lund.<br \/>\nBandet best\u00e5r av s\u00e5ngaren Robert Dahlqvist och Stevie Klasson &#8211; gitarr, Petronella Nettermalm &#8211; k\u00f6r, Ricard Nettermalm &#8211; trummor, Tammy Karlsson &#8211; percussion\/k\u00f6r, Martin Tronsson &#8211; bas, Henrik Wind &#8211; orgel\/gitarr.<\/p>\n<p><strong>Foto: Calle Andersson<\/strong><\/p>\n<p><a href=\"http:\/\/kulturbloggen.com\/wp-content\/uploads\/2012\/08\/dundertget7.jpg\"><img loading=\"lazy\" decoding=\"async\" src=\"http:\/\/kulturbloggen.com\/wp-content\/uploads\/2012\/08\/dundertget7-300x200.jpg\" alt=\"\" title=\"dundertget7\" width=\"300\" height=\"200\" class=\"aligncenter size-medium wp-image-58181\" srcset=\"https:\/\/kulturbloggen.com\/wp-content\/uploads\/2012\/08\/dundertget7-300x200.jpg 300w, https:\/\/kulturbloggen.com\/wp-content\/uploads\/2012\/08\/dundertget7-200x133.jpg 200w, https:\/\/kulturbloggen.com\/wp-content\/uploads\/2012\/08\/dundertget7-175x116.jpg 175w, https:\/\/kulturbloggen.com\/wp-content\/uploads\/2012\/08\/dundertget7-344x230.jpg 344w, https:\/\/kulturbloggen.com\/wp-content\/uploads\/2012\/08\/dundertget7-97x65.jpg 97w, https:\/\/kulturbloggen.com\/wp-content\/uploads\/2012\/08\/dundertget7-80x53.jpg 80w, https:\/\/kulturbloggen.com\/wp-content\/uploads\/2012\/08\/dundertget7-150x100.jpg 150w, https:\/\/kulturbloggen.com\/wp-content\/uploads\/2012\/08\/dundertget7-590x393.jpg 590w, https:\/\/kulturbloggen.com\/wp-content\/uploads\/2012\/08\/dundertget7-920x613.jpg 920w, https:\/\/kulturbloggen.com\/wp-content\/uploads\/2012\/08\/dundertget7.jpg 1000w\" sizes=\"auto, (max-width: 300px) 100vw, 300px\" \/><\/a><\/p>\n<p><a href=\"http:\/\/kulturbloggen.com\/wp-content\/uploads\/2012\/08\/dundertaget4.jpg\"><img loading=\"lazy\" decoding=\"async\" src=\"http:\/\/kulturbloggen.com\/wp-content\/uploads\/2012\/08\/dundertaget4-200x300.jpg\" alt=\"\" title=\"dundertaget4\" width=\"200\" height=\"300\" class=\"aligncenter size-medium wp-image-58182\" srcset=\"https:\/\/kulturbloggen.com\/wp-content\/uploads\/2012\/08\/dundertaget4-200x300.jpg 200w, https:\/\/kulturbloggen.com\/wp-content\/uploads\/2012\/08\/dundertaget4-682x1024.jpg 682w, https:\/\/kulturbloggen.com\/wp-content\/uploads\/2012\/08\/dundertaget4-150x225.jpg 150w, https:\/\/kulturbloggen.com\/wp-content\/uploads\/2012\/08\/dundertaget4-100x150.jpg 100w, https:\/\/kulturbloggen.com\/wp-content\/uploads\/2012\/08\/dundertaget4-153x230.jpg 153w, https:\/\/kulturbloggen.com\/wp-content\/uploads\/2012\/08\/dundertaget4-43x65.jpg 43w, https:\/\/kulturbloggen.com\/wp-content\/uploads\/2012\/08\/dundertaget4-53x80.jpg 53w, https:\/\/kulturbloggen.com\/wp-content\/uploads\/2012\/08\/dundertaget4-590x885.jpg 590w, https:\/\/kulturbloggen.com\/wp-content\/uploads\/2012\/08\/dundertaget4-920x1380.jpg 920w, https:\/\/kulturbloggen.com\/wp-content\/uploads\/2012\/08\/dundertaget4.jpg 1000w\" sizes=\"auto, (max-width: 200px) 100vw, 200px\" \/><\/a><\/p>\n<p><a href=\"http:\/\/kulturbloggen.com\/wp-content\/uploads\/2012\/08\/dundertaget2.jpg\"><img loading=\"lazy\" decoding=\"async\" src=\"http:\/\/kulturbloggen.com\/wp-content\/uploads\/2012\/08\/dundertaget2-300x200.jpg\" alt=\"\" title=\"dundertaget2\" width=\"300\" height=\"200\" class=\"aligncenter size-medium wp-image-58183\" srcset=\"https:\/\/kulturbloggen.com\/wp-content\/uploads\/2012\/08\/dundertaget2-300x200.jpg 300w, https:\/\/kulturbloggen.com\/wp-content\/uploads\/2012\/08\/dundertaget2-200x133.jpg 200w, https:\/\/kulturbloggen.com\/wp-content\/uploads\/2012\/08\/dundertaget2-175x116.jpg 175w, https:\/\/kulturbloggen.com\/wp-content\/uploads\/2012\/08\/dundertaget2-344x230.jpg 344w, https:\/\/kulturbloggen.com\/wp-content\/uploads\/2012\/08\/dundertaget2-97x65.jpg 97w, https:\/\/kulturbloggen.com\/wp-content\/uploads\/2012\/08\/dundertaget2-80x53.jpg 80w, https:\/\/kulturbloggen.com\/wp-content\/uploads\/2012\/08\/dundertaget2-150x100.jpg 150w, https:\/\/kulturbloggen.com\/wp-content\/uploads\/2012\/08\/dundertaget2-590x393.jpg 590w, https:\/\/kulturbloggen.com\/wp-content\/uploads\/2012\/08\/dundertaget2-920x613.jpg 920w, https:\/\/kulturbloggen.com\/wp-content\/uploads\/2012\/08\/dundertaget2.jpg 1000w\" sizes=\"auto, (max-width: 300px) 100vw, 300px\" \/><\/a><\/p>\n<p><a href=\"http:\/\/kulturbloggen.com\/wp-content\/uploads\/2012\/08\/dundertaget1.jpg\"><img loading=\"lazy\" decoding=\"async\" src=\"http:\/\/kulturbloggen.com\/wp-content\/uploads\/2012\/08\/dundertaget1-200x300.jpg\" alt=\"\" title=\"dundertaget1\" width=\"200\" height=\"300\" class=\"aligncenter size-medium wp-image-58184\" srcset=\"https:\/\/kulturbloggen.com\/wp-content\/uploads\/2012\/08\/dundertaget1-200x300.jpg 200w, https:\/\/kulturbloggen.com\/wp-content\/uploads\/2012\/08\/dundertaget1-682x1024.jpg 682w, https:\/\/kulturbloggen.com\/wp-content\/uploads\/2012\/08\/dundertaget1-150x225.jpg 150w, https:\/\/kulturbloggen.com\/wp-content\/uploads\/2012\/08\/dundertaget1-100x150.jpg 100w, https:\/\/kulturbloggen.com\/wp-content\/uploads\/2012\/08\/dundertaget1-153x230.jpg 153w, https:\/\/kulturbloggen.com\/wp-content\/uploads\/2012\/08\/dundertaget1-43x65.jpg 43w, https:\/\/kulturbloggen.com\/wp-content\/uploads\/2012\/08\/dundertaget1-53x80.jpg 53w, https:\/\/kulturbloggen.com\/wp-content\/uploads\/2012\/08\/dundertaget1-590x885.jpg 590w, https:\/\/kulturbloggen.com\/wp-content\/uploads\/2012\/08\/dundertaget1-920x1380.jpg 920w, https:\/\/kulturbloggen.com\/wp-content\/uploads\/2012\/08\/dundertaget1.jpg 1000w\" sizes=\"auto, (max-width: 200px) 100vw, 200px\" \/><\/a><\/p>\n<p><a href=\"http:\/\/kulturbloggen.com\/wp-content\/uploads\/2012\/08\/dundertaget.jpg\"><img loading=\"lazy\" decoding=\"async\" src=\"http:\/\/kulturbloggen.com\/wp-content\/uploads\/2012\/08\/dundertaget-300x200.jpg\" alt=\"\" title=\"dundertaget\" width=\"300\" height=\"200\" class=\"aligncenter size-medium wp-image-58185\" srcset=\"https:\/\/kulturbloggen.com\/wp-content\/uploads\/2012\/08\/dundertaget-300x200.jpg 300w, https:\/\/kulturbloggen.com\/wp-content\/uploads\/2012\/08\/dundertaget-200x133.jpg 200w, https:\/\/kulturbloggen.com\/wp-content\/uploads\/2012\/08\/dundertaget-175x116.jpg 175w, https:\/\/kulturbloggen.com\/wp-content\/uploads\/2012\/08\/dundertaget-344x230.jpg 344w, https:\/\/kulturbloggen.com\/wp-content\/uploads\/2012\/08\/dundertaget-97x65.jpg 97w, https:\/\/kulturbloggen.com\/wp-content\/uploads\/2012\/08\/dundertaget-80x53.jpg 80w, https:\/\/kulturbloggen.com\/wp-content\/uploads\/2012\/08\/dundertaget-150x100.jpg 150w, https:\/\/kulturbloggen.com\/wp-content\/uploads\/2012\/08\/dundertaget-590x393.jpg 590w, https:\/\/kulturbloggen.com\/wp-content\/uploads\/2012\/08\/dundertaget-920x613.jpg 920w, https:\/\/kulturbloggen.com\/wp-content\/uploads\/2012\/08\/dundertaget.jpg 1000w\" sizes=\"auto, (max-width: 300px) 100vw, 300px\" \/><\/a><\/p>\n<p><a href=\"http:\/\/kulturbloggen.com\/wp-content\/uploads\/2012\/08\/dunderaget5.jpg\"><img loading=\"lazy\" decoding=\"async\" src=\"http:\/\/kulturbloggen.com\/wp-content\/uploads\/2012\/08\/dunderaget5-300x200.jpg\" alt=\"\" title=\"dunderaget5\" width=\"300\" height=\"200\" class=\"aligncenter size-medium wp-image-58186\" srcset=\"https:\/\/kulturbloggen.com\/wp-content\/uploads\/2012\/08\/dunderaget5-300x200.jpg 300w, https:\/\/kulturbloggen.com\/wp-content\/uploads\/2012\/08\/dunderaget5-200x133.jpg 200w, https:\/\/kulturbloggen.com\/wp-content\/uploads\/2012\/08\/dunderaget5-175x116.jpg 175w, https:\/\/kulturbloggen.com\/wp-content\/uploads\/2012\/08\/dunderaget5-344x230.jpg 344w, https:\/\/kulturbloggen.com\/wp-content\/uploads\/2012\/08\/dunderaget5-97x65.jpg 97w, https:\/\/kulturbloggen.com\/wp-content\/uploads\/2012\/08\/dunderaget5-80x53.jpg 80w, https:\/\/kulturbloggen.com\/wp-content\/uploads\/2012\/08\/dunderaget5-150x100.jpg 150w, https:\/\/kulturbloggen.com\/wp-content\/uploads\/2012\/08\/dunderaget5-590x393.jpg 590w, https:\/\/kulturbloggen.com\/wp-content\/uploads\/2012\/08\/dunderaget5-920x613.jpg 920w, https:\/\/kulturbloggen.com\/wp-content\/uploads\/2012\/08\/dunderaget5.jpg 1000w\" sizes=\"auto, (max-width: 300px) 100vw, 300px\" \/><\/a><\/p>\n<p>L\u00e4s \u00e4ven andra bloggares \u00e5sikter om <a href=\"http:\/\/bloggar.se\/om\/Dundert%E5get\" rel=\"tag\">Dundert\u00e5get<\/a>, <a href=\"http:\/\/bloggar.se\/om\/Gr%F6na+Lund\" rel=\"tag\">Gr\u00f6na Lund<\/a>, <a href=\"http:\/\/bloggar.se\/om\/musik\" rel=\"tag\">musik<\/a><\/p>\n","protected":false},"excerpt":{"rendered":"<p>Dundert\u00e5get Gr\u00f6na Lund 31 juli 2012 Dundert\u00e5get som den 31 juli spelade p\u00e5 Gr\u00f6na Lund. Bandet best\u00e5r av s\u00e5ngaren Robert Dahlqvist och Stevie Klasson &#8211; gitarr, Petronella Nettermalm &#8211; k\u00f6r, Ricard Nettermalm &#8211; trummor, Tammy Karlsson &#8211; percussion\/k\u00f6r, Martin Tronsson &#8211; bas, Henrik Wind &#8211; orgel\/gitarr. Foto: Calle Andersson L\u00e4s \u00e4ven andra bloggares \u00e5sikter om [&hellip;]<\/p>\n","protected":false},"author":13,"featured_media":0,"comment_status":"open","ping_status":"open","sticky":false,"template":"","format":"standard","meta":{"_genesis_hide_title":false,"_genesis_hide_breadcrumbs":false,"_genesis_hide_singular_image":false,"_genesis_hide_footer_widgets":false,"_genesis_custom_body_class":"","_genesis_custom_post_class":"","_genesis_layout":"","footnotes":""},"categories":[7],"tags":[8464,2110,12282],"class_list":{"0":"post-58179","1":"post","2":"type-post","3":"status-publish","4":"format-standard","6":"category-musik","7":"tag-dundertaget","8":"tag-grona-lund","9":"tag-musik","10":"entry"},"_links":{"self":[{"href":"https:\/\/kulturbloggen.com\/index.php?rest_route=\/wp\/v2\/posts\/58179","targetHints":{"allow":["GET"]}}],"collection":[{"href":"https:\/\/kulturbloggen.com\/index.php?rest_route=\/wp\/v2\/posts"}],"about":[{"href":"https:\/\/kulturbloggen.com\/index.php?rest_route=\/wp\/v2\/types\/post"}],"author":[{"embeddable":true,"href":"https:\/\/kulturbloggen.com\/index.php?rest_route=\/wp\/v2\/users\/13"}],"replies":[{"embeddable":true,"href":"https:\/\/kulturbloggen.com\/index.php?rest_route=%2Fwp%2Fv2%2Fcomments&post=58179"}],"version-history":[{"count":3,"href":"https:\/\/kulturbloggen.com\/index.php?rest_route=\/wp\/v2\/posts\/58179\/revisions"}],"predecessor-version":[{"id":58204,"href":"https:\/\/kulturbloggen.com\/index.php?rest_route=\/wp\/v2\/posts\/58179\/revisions\/58204"}],"wp:attachment":[{"href":"https:\/\/kulturbloggen.com\/index.php?rest_route=%2Fwp%2Fv2%2Fmedia&parent=58179"}],"wp:term":[{"taxonomy":"category","embeddable":true,"href":"https:\/\/kulturbloggen.com\/index.php?rest_route=%2Fwp%2Fv2%2Fcategories&post=58179"},{"taxonomy":"post_tag","embeddable":true,"href":"https:\/\/kulturbloggen.com\/index.php?rest_route=%2Fwp%2Fv2%2Ftags&post=58179"}],"curies":[{"name":"wp","href":"https:\/\/api.w.org\/{rel}","templated":true}]}}