{"id":58141,"date":"2012-07-30T10:50:35","date_gmt":"2012-07-30T08:50:35","guid":{"rendered":"http:\/\/kulturbloggen.com\/?p=58141"},"modified":"2012-07-30T10:56:30","modified_gmt":"2012-07-30T08:56:30","slug":"bastard-tragik-blandas-med-humor-och-ingen-kommer-oskadd-ur-den-slutliga-uppgorelsen","status":"publish","type":"post","link":"https:\/\/kulturbloggen.com\/?p=58141","title":{"rendered":"Bastard &#8211; Tragik blandas med humor och ingen kommer oskadd ur den slutliga uppg\u00f6relsen"},"content":{"rendered":"<p><a href=\"http:\/\/kulturbloggen.com\/wp-content\/uploads\/2012\/07\/bastard2.jpg\"><img loading=\"lazy\" decoding=\"async\" src=\"http:\/\/kulturbloggen.com\/wp-content\/uploads\/2012\/07\/bastard2-300x172.jpg\" alt=\"\" title=\"bastard2\" width=\"300\" height=\"172\" class=\"aligncenter size-medium wp-image-58143\" srcset=\"https:\/\/kulturbloggen.com\/wp-content\/uploads\/2012\/07\/bastard2-300x172.jpg 300w, https:\/\/kulturbloggen.com\/wp-content\/uploads\/2012\/07\/bastard2-200x115.jpg 200w, https:\/\/kulturbloggen.com\/wp-content\/uploads\/2012\/07\/bastard2-175x100.jpg 175w, https:\/\/kulturbloggen.com\/wp-content\/uploads\/2012\/07\/bastard2-400x230.jpg 400w, https:\/\/kulturbloggen.com\/wp-content\/uploads\/2012\/07\/bastard2-100x57.jpg 100w, https:\/\/kulturbloggen.com\/wp-content\/uploads\/2012\/07\/bastard2-80x46.jpg 80w, https:\/\/kulturbloggen.com\/wp-content\/uploads\/2012\/07\/bastard2-150x86.jpg 150w, https:\/\/kulturbloggen.com\/wp-content\/uploads\/2012\/07\/bastard2-590x339.jpg 590w, https:\/\/kulturbloggen.com\/wp-content\/uploads\/2012\/07\/bastard2.jpg 800w\" sizes=\"auto, (max-width: 300px) 100vw, 300px\" \/><\/a><\/p>\n<p><a href=\"http:\/\/www.malmostadsteater.se\/pa_scen\/aktuella_forestallningar\/891\/\">Bastard &#8211; en familjesaga<\/a><br \/>\nAv Richard LaGravenese<br \/>\n\u00d6vers\u00e4ttning Marie Parker Shaw<br \/>\nRegi G\u00edsli \u00d6rn Gardarsson<br \/>\nPremi\u00e4r p\u00e5 M\u00f6lleplatsen i Malm\u00f6 28 juli 2012<br \/>\n<a href=\"http:\/\/www.malmostadsteater.se\/\">Malm\u00f6 stadsteater<\/a><\/p>\n<p><a href=\"http:\/\/kulturbloggen.com\/wp-content\/uploads\/2012\/07\/bastard.jpg\"><img loading=\"lazy\" decoding=\"async\" src=\"http:\/\/kulturbloggen.com\/wp-content\/uploads\/2012\/07\/bastard-300x199.jpg\" alt=\"\" title=\"bastard\" width=\"300\" height=\"199\" class=\"alignright size-medium wp-image-58144\" srcset=\"https:\/\/kulturbloggen.com\/wp-content\/uploads\/2012\/07\/bastard-300x199.jpg 300w, https:\/\/kulturbloggen.com\/wp-content\/uploads\/2012\/07\/bastard-200x133.jpg 200w, https:\/\/kulturbloggen.com\/wp-content\/uploads\/2012\/07\/bastard-175x116.jpg 175w, https:\/\/kulturbloggen.com\/wp-content\/uploads\/2012\/07\/bastard-345x230.jpg 345w, https:\/\/kulturbloggen.com\/wp-content\/uploads\/2012\/07\/bastard-97x65.jpg 97w, https:\/\/kulturbloggen.com\/wp-content\/uploads\/2012\/07\/bastard-80x53.jpg 80w, https:\/\/kulturbloggen.com\/wp-content\/uploads\/2012\/07\/bastard-150x99.jpg 150w, https:\/\/kulturbloggen.com\/wp-content\/uploads\/2012\/07\/bastard-590x393.jpg 590w, https:\/\/kulturbloggen.com\/wp-content\/uploads\/2012\/07\/bastard.jpg 800w\" sizes=\"auto, (max-width: 300px) 100vw, 300px\" \/><\/a>Bastard \u00e4r en saga om en familj, men definitivt ingen familjef\u00f6rest\u00e4llning. T\u00e4nk er snarare Fanny &#038; Alexander p\u00e5 steroider.<\/p>\n<p>Parallellen med Bergman \u00e4r inte l\u00e5ngs\u00f6kt. Vi har den dysfunktionella familjen, komplett med den despotiska fadern, barnen med respektive och en manlig trotj\u00e4nare med dotter. Barnen \u00e5terv\u00e4nder till faderns \u00f6 f\u00f6r f\u00f6rsta g\u00e5ngen p\u00e5 m\u00e5nga \u00e5r i tron att fadern \u00e4ntligen ska begravas, men finner att fadern ska gifta sig med \u00e4ldste sonens f\u00f6rsta k\u00e4rlek.<\/p>\n<p>Tragik blandas med humor och ingen kommer oskadd ur den slutliga uppg\u00f6relsen. Vissa p\u00e5st\u00e5r att sanningen ska g\u00f6ra oss fria, men Bastard pekar p\u00e5 att dj\u00e4vulens mest f\u00f6r\u00f6dande vapen \u00e4r den nakna osminkade sanningen, helt befriad fr\u00e5n vardagens st\u00e4ndiga sm\u00e5 vita l\u00f6gner.<\/p>\n<p>Det \u00e4r dock inte Bergman som skrivit manus utan Richard Lagravenese, manusf\u00f6rfattare till bl a The Fisher King, Broarna i Madison County och Water for Elephants.<\/p>\n<p>Scenen \u00e4r kvadratisk och byggd i flera v\u00e5ningar. Fyra l\u00e4ktare \u00e4r placerade runt scenen, vilket g\u00f6r att jag f\u00e5r k\u00e4nslan av att se en filminspelning utan omtag i direkts\u00e4ndning snarare \u00e4n en pj\u00e4s. Det \u00e4r kreativt, sp\u00e4nnande och st\u00e4ller stora krav p\u00e5 sk\u00e5despelarnas gymnastiska f\u00f6rm\u00e5ga.<\/p>\n<p>F\u00f6rest\u00e4llningen \u00e4r ett samarbete mellan Malm\u00f6 Stadsteater, Teater F\u00e5r302, Rekjavik City Theatre och isl\u00e4ndska Vesturport. Spr\u00e5ket \u00e4r svenska, danska och isl\u00e4ndska. Pj\u00e4sen textas p\u00e5 sk\u00e4rmar eller i en gratisapp i smartphonen.<\/p>\n<p><strong>Text: Peter Johansson<\/strong><\/p>\n<p>I rollerna V\u00edkingur Kristj\u00e1nsson , J\u00f3hanna Vigd\u00eds Arnard\u00f3ttir, Ellen Fosti, Fredrik Gunnarson, Charlotte E. Munksgaard, \u00d3lafur Darri \u00d3lafsson, H\u00e5kan Paaske, Birgitte Prins, Pauli Ryberg, Waage Sand\u00f8, J\u00f3hannes N\u00edels Sigur\u00f0sson, Pia \u00d6rjansdotter<\/p>\n<p>Scenografi B\u00f6rkur J\u00f3nsson<br \/>\nKostym Maria Gyllenhoff<br \/>\nLjusdesign Carina Persson<br \/>\nMusik Lars Danielsson, C\u00e6cilie Norby<br \/>\nMask Mona Jensen<br \/>\nL\u00e4ngd: 2 timmar 15 minuter (med paus)<\/p>\n<p><iframe loading=\"lazy\" width=\"560\" height=\"315\" src=\"http:\/\/www.youtube.com\/embed\/LiDPllgRkOE\" frameborder=\"0\" allowfullscreen><\/iframe><\/p>\n<p>L\u00e4s \u00e4ven andra bloggares \u00e5sikter om <a href=\"http:\/\/bloggar.se\/om\/Bastard\" rel=\"tag\">Bastard<\/a>, <a href=\"http:\/\/bloggar.se\/om\/teater\" rel=\"tag\">teater<\/a>, <a href=\"http:\/\/bloggar.se\/om\/teaterrecension\" rel=\"tag\">teaterrecension<\/a>, <a href=\"http:\/\/bloggar.se\/om\/scenkonst.+Malm%F6+stadsteater\" rel=\"tag\">scenkonst. Malm\u00f6 stadsteater<\/a><\/p>\n","protected":false},"excerpt":{"rendered":"<p>Bastard &#8211; en familjesaga Av Richard LaGravenese \u00d6vers\u00e4ttning Marie Parker Shaw Regi G\u00edsli \u00d6rn Gardarsson Premi\u00e4r p\u00e5 M\u00f6lleplatsen i Malm\u00f6 28 juli 2012 Malm\u00f6 stadsteater Bastard \u00e4r en saga om en familj, men definitivt ingen familjef\u00f6rest\u00e4llning. T\u00e4nk er snarare Fanny &#038; Alexander p\u00e5 steroider. Parallellen med Bergman \u00e4r inte l\u00e5ngs\u00f6kt. Vi har den dysfunktionella familjen, [&hellip;]<\/p>\n","protected":false},"author":13,"featured_media":0,"comment_status":"open","ping_status":"open","sticky":false,"template":"","format":"standard","meta":{"_genesis_hide_title":false,"_genesis_hide_breadcrumbs":false,"_genesis_hide_singular_image":false,"_genesis_hide_footer_widgets":false,"_genesis_custom_body_class":"","_genesis_custom_post_class":"","_genesis_layout":"","footnotes":""},"categories":[16,20,31],"tags":[8455,8456,12288,12289],"class_list":{"0":"post-58141","1":"post","2":"type-post","3":"status-publish","4":"format-standard","6":"category-recension","7":"category-film","8":"category-teaterrecension","9":"tag-bastard","10":"tag-scenkonst-malmo-stadsteater","11":"tag-teater","12":"tag-teaterrecension","13":"entry"},"_links":{"self":[{"href":"https:\/\/kulturbloggen.com\/index.php?rest_route=\/wp\/v2\/posts\/58141","targetHints":{"allow":["GET"]}}],"collection":[{"href":"https:\/\/kulturbloggen.com\/index.php?rest_route=\/wp\/v2\/posts"}],"about":[{"href":"https:\/\/kulturbloggen.com\/index.php?rest_route=\/wp\/v2\/types\/post"}],"author":[{"embeddable":true,"href":"https:\/\/kulturbloggen.com\/index.php?rest_route=\/wp\/v2\/users\/13"}],"replies":[{"embeddable":true,"href":"https:\/\/kulturbloggen.com\/index.php?rest_route=%2Fwp%2Fv2%2Fcomments&post=58141"}],"version-history":[{"count":3,"href":"https:\/\/kulturbloggen.com\/index.php?rest_route=\/wp\/v2\/posts\/58141\/revisions"}],"predecessor-version":[{"id":58146,"href":"https:\/\/kulturbloggen.com\/index.php?rest_route=\/wp\/v2\/posts\/58141\/revisions\/58146"}],"wp:attachment":[{"href":"https:\/\/kulturbloggen.com\/index.php?rest_route=%2Fwp%2Fv2%2Fmedia&parent=58141"}],"wp:term":[{"taxonomy":"category","embeddable":true,"href":"https:\/\/kulturbloggen.com\/index.php?rest_route=%2Fwp%2Fv2%2Fcategories&post=58141"},{"taxonomy":"post_tag","embeddable":true,"href":"https:\/\/kulturbloggen.com\/index.php?rest_route=%2Fwp%2Fv2%2Ftags&post=58141"}],"curies":[{"name":"wp","href":"https:\/\/api.w.org\/{rel}","templated":true}]}}