{"id":58070,"date":"2012-07-29T08:33:42","date_gmt":"2012-07-29T06:33:42","guid":{"rendered":"http:\/\/kulturbloggen.com\/?p=58070"},"modified":"2012-07-29T08:33:42","modified_gmt":"2012-07-29T06:33:42","slug":"bruce-springsteen-slar-sitt-eget-rekord-och-ar-den-storste-pa-ullevi-genom-historien","status":"publish","type":"post","link":"https:\/\/kulturbloggen.com\/?p=58070","title":{"rendered":"Bruce Springsteen sl\u00e5r sitt eget rekord och \u00e4r den st\u00f6rste p\u00e5 Ullevi genom historien"},"content":{"rendered":"<p><a href=\"http:\/\/kulturbloggen.com\/wp-content\/uploads\/2012\/07\/brucespringsteengothenburg.jpg\"><img loading=\"lazy\" decoding=\"async\" src=\"http:\/\/kulturbloggen.com\/wp-content\/uploads\/2012\/07\/brucespringsteengothenburg-300x199.jpg\" alt=\"\" title=\"Bruce Springsteen at Stadion 4 June 2009\" width=\"300\" height=\"199\" class=\"aligncenter size-medium wp-image-58074\" srcset=\"https:\/\/kulturbloggen.com\/wp-content\/uploads\/2012\/07\/brucespringsteengothenburg-300x199.jpg 300w, https:\/\/kulturbloggen.com\/wp-content\/uploads\/2012\/07\/brucespringsteengothenburg-200x133.jpg 200w, https:\/\/kulturbloggen.com\/wp-content\/uploads\/2012\/07\/brucespringsteengothenburg-175x116.jpg 175w, https:\/\/kulturbloggen.com\/wp-content\/uploads\/2012\/07\/brucespringsteengothenburg-345x230.jpg 345w, https:\/\/kulturbloggen.com\/wp-content\/uploads\/2012\/07\/brucespringsteengothenburg-97x65.jpg 97w, https:\/\/kulturbloggen.com\/wp-content\/uploads\/2012\/07\/brucespringsteengothenburg-80x53.jpg 80w, https:\/\/kulturbloggen.com\/wp-content\/uploads\/2012\/07\/brucespringsteengothenburg-150x99.jpg 150w, https:\/\/kulturbloggen.com\/wp-content\/uploads\/2012\/07\/brucespringsteengothenburg-590x392.jpg 590w, https:\/\/kulturbloggen.com\/wp-content\/uploads\/2012\/07\/brucespringsteengothenburg.jpg 600w\" sizes=\"auto, (max-width: 300px) 100vw, 300px\" \/><\/a><\/p>\n<p>Bruce Springsteen har verkligen en s\u00e4rskild plats i det svenska folkets hj\u00e4rtan. P\u00e5 sin f\u00f6rsta konsert under sitt G\u00f6teborgsgbes\u00f6k i \u00e5r satte han publikrekord och p\u00e5 den andra spelningen, p\u00e5 l\u00f6rdagen den 28 juli, slog han sitt eget rekord.<\/p>\n<p>Arrang\u00f6rern ber\u00e4ttar:<\/p>\n<p><em>Bruce sl\u00e5r rekord igen!<br \/>\nIg\u00e5r kunde vi ber\u00e4tta att Bruce Springsteen under g\u00e5rdagens konsert slog sitt 27 \u00e5r gamla publikrekord p\u00e5 Ullevi. Nu har han gjort det igen \u2013 tv\u00e5 g\u00e5nger!<\/em><\/p>\n<p>\u00c5terigen bjuder han G\u00f6teborgspubliken p\u00e5 en helt magisk konsert. Dagens publiksiffra slutar p\u00e5 66.561, j\u00e4mf\u00f6rt med g\u00e5rdagens rekord p\u00e5 66.018. Detta inneb\u00e4r inte bara att han sl\u00e5r Ullevis publikrekord f\u00f6r en kv\u00e4ll, utan \u00e4ven f\u00f6r tv\u00e5. Totalt har 132.579 personer sett Bruce Springsteen &amp; The E Street Band i helgen. De tv\u00e5 st\u00f6rsta evenemangen n\u00e5gonsin i Sverige.<\/p>\n<p>Som ni kan se har han lockat m\u00e5nga fler bes\u00f6kare till och med \u00e4n VM-t\u00e4vlingar.<\/p>\n<p>Uppenbarligen har han dessutom storspelat. <a href=\"http:\/\/kulturbloggen.com\/?p=58055\">Kulturbloggens recensent gav betyg 5 (s<strong>om du kan l\u00e4sa h\u00e4r<\/strong>)<\/a> och gav betyg det gjorde m\u00e5nga av \u00f6vriga redaktioners recententer ocks\u00e5.<\/p>\n<p>N\u00e4r Bruce Springsteen spelade i Danmark, p\u00e5 Roskildefestivalen, var han inte alls i samma form, verkar det som. <strong><a href=\"http:\/\/kulturbloggen.com\/?p=57249\">H\u00e4r skrev Kulturbloggen om den spelningen.<\/a><\/strong><\/p>\n<p>Det verkar vara n\u00e5got alldeles s\u00e4rskilt mellan Sverige och The Boss.<\/p>\n<p><a href=\"http:\/\/kulturbloggen.com\/wp-content\/uploads\/2012\/07\/brucespringsteenrekord.jpg\"><img loading=\"lazy\" decoding=\"async\" src=\"http:\/\/kulturbloggen.com\/wp-content\/uploads\/2012\/07\/brucespringsteenrekord-300x225.jpg\" alt=\"\" title=\"brucespringsteenrekord\" width=\"300\" height=\"225\" class=\"aligncenter size-medium wp-image-58075\" srcset=\"https:\/\/kulturbloggen.com\/wp-content\/uploads\/2012\/07\/brucespringsteenrekord-300x225.jpg 300w, https:\/\/kulturbloggen.com\/wp-content\/uploads\/2012\/07\/brucespringsteenrekord-200x150.jpg 200w, https:\/\/kulturbloggen.com\/wp-content\/uploads\/2012\/07\/brucespringsteenrekord-175x131.jpg 175w, https:\/\/kulturbloggen.com\/wp-content\/uploads\/2012\/07\/brucespringsteenrekord-305x230.jpg 305w, https:\/\/kulturbloggen.com\/wp-content\/uploads\/2012\/07\/brucespringsteenrekord-86x65.jpg 86w, https:\/\/kulturbloggen.com\/wp-content\/uploads\/2012\/07\/brucespringsteenrekord-80x60.jpg 80w, https:\/\/kulturbloggen.com\/wp-content\/uploads\/2012\/07\/brucespringsteenrekord-150x112.jpg 150w, https:\/\/kulturbloggen.com\/wp-content\/uploads\/2012\/07\/brucespringsteenrekord-590x443.jpg 590w, https:\/\/kulturbloggen.com\/wp-content\/uploads\/2012\/07\/brucespringsteenrekord.jpg 600w\" sizes=\"auto, (max-width: 300px) 100vw, 300px\" \/><\/a><\/p>\n<p>&nbsp;<\/p>\n<p>&nbsp;<\/p>\n<p>&nbsp;<\/p>\n<p><a href=\"http:\/\/sverigesradio.se\/sida\/default.aspx?programid=104\">Sveriges Radio<\/a>\u00a0och\u00a0<a href=\"http:\/\/www.expressen.se\/noje\/recensioner\/musik\/glodhett-bruce\/\">Expressen<\/a>\u00a0och\u00a0<a href=\"http:\/\/www.aftonbladet.se\/nojesbladet\/musik\/rockbjornen\/article15177854.ab\">Aftonbladet<\/a>\u00a0och\u00a0<a href=\"http:\/\/www.svd.se\/kultur\/festen-ville-aldrig-ta-slut_7378656.svd\">Svenska Dagbladet<\/a>.<\/p>\n<p>&nbsp;<\/p>\n<p>L\u00e4s \u00e4ven andra bloggares \u00e5sikter om\u00a0<a href=\"http:\/\/bloggar.se\/om\/Bruce+Springsteen\" rel=\"tag\">Bruce Springsteen<\/a>,\u00a0<a href=\"http:\/\/bloggar.se\/om\/Ullevi\" rel=\"tag\">Ullevi<\/a>,\u00a0<a href=\"http:\/\/bloggar.se\/om\/G%F6teborg\" rel=\"tag\">G\u00f6teborg<\/a>,\u00a0<a href=\"http:\/\/bloggar.se\/om\/recension\" rel=\"tag\">recension<\/a>,\u00a0<a href=\"http:\/\/bloggar.se\/om\/musik\" rel=\"tag\">musik<\/a>,\u00a0<a href=\"http:\/\/bloggar.se\/om\/konserter\" rel=\"tag\">konserter<\/a><\/p>\n","protected":false},"excerpt":{"rendered":"<p>Bruce Springsteen har verkligen en s\u00e4rskild plats i det svenska folkets hj\u00e4rtan. P\u00e5 sin f\u00f6rsta konsert under sitt G\u00f6teborgsgbes\u00f6k i \u00e5r satte han publikrekord och p\u00e5 den andra spelningen, p\u00e5 l\u00f6rdagen den 28 juli, slog han sitt eget rekord. Arrang\u00f6rern ber\u00e4ttar: Bruce sl\u00e5r rekord igen! Ig\u00e5r kunde vi ber\u00e4tta att Bruce Springsteen under g\u00e5rdagens konsert [&hellip;]<\/p>\n","protected":false},"author":13,"featured_media":0,"comment_status":"open","ping_status":"open","sticky":false,"template":"","format":"standard","meta":{"_genesis_hide_title":false,"_genesis_hide_breadcrumbs":false,"_genesis_hide_singular_image":false,"_genesis_hide_footer_widgets":false,"_genesis_custom_body_class":"","_genesis_custom_post_class":"","_genesis_layout":"","footnotes":""},"categories":[62,7],"tags":[864,2159,12282,4700,4803,6071],"class_list":{"0":"post-58070","1":"post","2":"type-post","3":"status-publish","4":"format-standard","6":"category-medie-och-kulturpolitik","7":"category-musik","8":"tag-bruce-springsteen","9":"tag-goteborg","10":"tag-musik","11":"tag-rekord","12":"tag-rockmusik","13":"tag-ullevi","14":"entry"},"_links":{"self":[{"href":"https:\/\/kulturbloggen.com\/index.php?rest_route=\/wp\/v2\/posts\/58070","targetHints":{"allow":["GET"]}}],"collection":[{"href":"https:\/\/kulturbloggen.com\/index.php?rest_route=\/wp\/v2\/posts"}],"about":[{"href":"https:\/\/kulturbloggen.com\/index.php?rest_route=\/wp\/v2\/types\/post"}],"author":[{"embeddable":true,"href":"https:\/\/kulturbloggen.com\/index.php?rest_route=\/wp\/v2\/users\/13"}],"replies":[{"embeddable":true,"href":"https:\/\/kulturbloggen.com\/index.php?rest_route=%2Fwp%2Fv2%2Fcomments&post=58070"}],"version-history":[{"count":1,"href":"https:\/\/kulturbloggen.com\/index.php?rest_route=\/wp\/v2\/posts\/58070\/revisions"}],"predecessor-version":[{"id":58076,"href":"https:\/\/kulturbloggen.com\/index.php?rest_route=\/wp\/v2\/posts\/58070\/revisions\/58076"}],"wp:attachment":[{"href":"https:\/\/kulturbloggen.com\/index.php?rest_route=%2Fwp%2Fv2%2Fmedia&parent=58070"}],"wp:term":[{"taxonomy":"category","embeddable":true,"href":"https:\/\/kulturbloggen.com\/index.php?rest_route=%2Fwp%2Fv2%2Fcategories&post=58070"},{"taxonomy":"post_tag","embeddable":true,"href":"https:\/\/kulturbloggen.com\/index.php?rest_route=%2Fwp%2Fv2%2Ftags&post=58070"}],"curies":[{"name":"wp","href":"https:\/\/api.w.org\/{rel}","templated":true}]}}