{"id":57845,"date":"2012-07-21T13:39:54","date_gmt":"2012-07-21T11:39:54","guid":{"rendered":"http:\/\/kulturbloggen.com\/?p=57845"},"modified":"2012-08-08T09:47:19","modified_gmt":"2012-08-08T07:47:19","slug":"premiaren-pa-enrico-di-borgogna-i-vadstena-musikaliskt-en-besvikelse-men-med-utmarkta-sanginsatser","status":"publish","type":"post","link":"https:\/\/kulturbloggen.com\/?p=57845","title":{"rendered":"Premi\u00e4ren p\u00e5 Enrico di Borgogna i Vadstena &#8211; musikaliskt en besvikelse- men med utm\u00e4rkta s\u00e5nginsatser"},"content":{"rendered":"<p><a href=\"http:\/\/kulturbloggen.com\/wp-content\/uploads\/2012\/07\/enricovadstenamarkusgarder1.jpg\"><img loading=\"lazy\" decoding=\"async\" class=\"alignleft size-medium wp-image-57846\" src=\"http:\/\/kulturbloggen.com\/wp-content\/uploads\/2012\/07\/enricovadstenamarkusgarder1-300x200.jpg\" alt=\"\" width=\"300\" height=\"200\" srcset=\"https:\/\/kulturbloggen.com\/wp-content\/uploads\/2012\/07\/enricovadstenamarkusgarder1-300x200.jpg 300w, https:\/\/kulturbloggen.com\/wp-content\/uploads\/2012\/07\/enricovadstenamarkusgarder1-1024x682.jpg 1024w, https:\/\/kulturbloggen.com\/wp-content\/uploads\/2012\/07\/enricovadstenamarkusgarder1-200x133.jpg 200w, https:\/\/kulturbloggen.com\/wp-content\/uploads\/2012\/07\/enricovadstenamarkusgarder1-175x116.jpg 175w, https:\/\/kulturbloggen.com\/wp-content\/uploads\/2012\/07\/enricovadstenamarkusgarder1-344x230.jpg 344w, https:\/\/kulturbloggen.com\/wp-content\/uploads\/2012\/07\/enricovadstenamarkusgarder1-97x65.jpg 97w, https:\/\/kulturbloggen.com\/wp-content\/uploads\/2012\/07\/enricovadstenamarkusgarder1-80x53.jpg 80w, https:\/\/kulturbloggen.com\/wp-content\/uploads\/2012\/07\/enricovadstenamarkusgarder1-150x100.jpg 150w, https:\/\/kulturbloggen.com\/wp-content\/uploads\/2012\/07\/enricovadstenamarkusgarder1-590x393.jpg 590w, https:\/\/kulturbloggen.com\/wp-content\/uploads\/2012\/07\/enricovadstenamarkusgarder1-920x613.jpg 920w\" sizes=\"auto, (max-width: 300px) 100vw, 300px\" \/><\/a><\/p>\n<p>Operapremi\u00e4r i Vadstena 20 juli 2012<\/p>\n<p>Enrico di Borgogna<\/p>\n<p>Musik: Gaetano Donizetti<\/p>\n<p>Libretto:Bartolomeo Merelli<\/p>\n<p>Dirigent: Olof Boman<\/p>\n<p>Foto: Magnus G\u00e5rder<\/p>\n<p>&nbsp;<\/p>\n<p>I g\u00e5r var jag med om en unik operaupplevelse! Den italienske komposit\u00f6ren Gaetano Donizetti\u00b4s ok\u00e4nda opera \u201dEnrico di Borgogna\u201d, som han komponerade vid 21 \u00e5rs \u00e5lder. Operan hade premi\u00e4r 14 november 1818 och har sedan dess inte uppf\u00f6rts och jag \u00e4r frestad att konstatera efter g\u00e5rdagens premi\u00e4rf\u00f6rest\u00e4llning att jag f\u00f6rst\u00e5r varf\u00f6r. Donizetti\u00b4s musik brukar jag normalt gilla eller tycka om och b\u00e5de \u201dK\u00e4rleksdrycken\u201d och Lucia di Lammermoor\u201d, \u201dLucrezia di Borgia\u201d, \u201dRegementets dotter\u201d och hans s.k. drottningoperor inneh\u00e5ller oftast mycket fin musik som framf\u00f6rs med hisnande vacker och halsbrytande s\u00e5ng dvs belcanto.<\/p>\n<p>G\u00e5rdagens framf\u00f6rande av en grupp unga s\u00e5ngare, p\u00e5 v\u00e4g upp, utgjorde inget undantag. En del av s\u00e5ngare anser jag nog redan \u00e4r framme och det g\u00e4ller i h\u00f6gsta grad till exempel Rebecca Rasmussen, Marcus Pettersson, men framf\u00f6rallt Ludvig Lindstr\u00f6m, som var mycket s\u00e4ker och stabil i sin st\u00e4mma, men mer om s\u00e5ngarnas prestationer l\u00e4ngre ner.<\/p>\n<p>Gaetano Donizetti blev endast 51 \u00e5r gammal, men hann med att komponera ett \u00e5ttiotal verk de flesta av dem \u00e4r i dag helt ok\u00e4nda och \u201dEnrico di Borgogna\u201d tillh\u00f6r en av hans f\u00f6rsta verk komponerad vid tidig \u00e5lder och det \u00e4r kanske d\u00e4rf\u00f6r inte rimligt att kr\u00e4va allt f\u00f6r mycket. Jag upplevde inte mycket av, \u00e5tminstone den mogne Donizetti\u00b4s musik, jo kanske p\u00e5 ett par st\u00e4llen i andra akten.<\/p>\n<p>N\u00e4r jag lyssnade p\u00e5 ouvertyren s\u00e5 gick min tankar till f\u00f6rst och fr\u00e4mst Mozart\u00b4s musik, men allt eftersom musiken fortsatte s\u00e5 liknade musiken alltmer en annan italiensk komposit\u00f6r, n\u00e4mligen Gioacchino Rossini. Det \u00e4r kanske inte fullt r\u00e4ttvist att skriva att han hade kopierat Rossini\u00b4s musik, men mitt intryck \u00e4r att Donizetti var mycket influerad av Rossini\u00b4s musik, men man kan kanske ocks\u00e5 s\u00e4ga att han inte riktigt kunde best\u00e4mma sig hur han ville att det skulle l\u00e5ta, Mozart- eller Rossinistuk. Det var allts\u00e5 ett Donizettiverk, med \u00a0lite Donizetti.<\/p>\n<p>Det scenografiska uppl\u00e4gget med animationer var skickligt gjort och det syntes att man hade tagit v\u00e4l tillvara p\u00e5 lokalens alla olika m\u00f6jligheter och att bygga upp en s\u00e4rskild scenestrad f\u00e5r betraktas som en utm\u00e4rkt l\u00f6sning. Det sceniska framf\u00f6randet var ocks\u00e5 mycket bra, men s\u00e5 brukar det ju vara n\u00e4r scenen intas av morgondagens \u00a0unga s\u00e5ngstj\u00e4rnor.<\/p>\n<p>De s\u00e5ngliga prestationerna har jag redan varit lite inne p\u00e5 och det \u00e4r ju inget sv\u00e5rt att framh\u00e5lla just dessa, som kv\u00e4llens h\u00f6jdpunkt. De tre svenskarnas insatser har jag redan ber\u00f6rt, men det fanns ocks\u00e5 en trio lovande unga tyskar med och d\u00e4r jag framf\u00f6rallt imponerades av mezzosopranen Kinga Dobay, som sj\u00f6ng Enrico, men ocks\u00e5 Thomas Volle, tenoren, som sj\u00f6ng Guido\u00b4s parti imponerade. Det fanns inte mycket i \u00f6vrigt att \u00f6nska vad det g\u00e4ller barytonen Christian Oldenburgs insatser, men jag lite sv\u00e5rare att bed\u00f6ma s\u00e5ngarinsatser n\u00e4r jag h\u00f6r dem f\u00f6r f\u00f6rsta g\u00e5ngen och den reservationen omfattar \u00e4ven de tidigare n\u00e4mnda.<\/p>\n<p>De \u00f6vriga tv\u00e5 svenska s\u00e5ngarna Christina Nilsson och Peter Nyqvist gillade jag s\u00e4rskilt den sistn\u00e4mnde som sj\u00f6ng \u00a0den unge herden Nicolas parti, men \u00e4ven h\u00e4r \u00e4r det lite sv\u00e5rt att bed\u00f6ma r\u00f6sterna, men jag vill g\u00e4rna h\u00f6ra mer av dessa tv\u00e5 unga s\u00e5ngare.<\/p>\n<p>I upps\u00e4ttningen bidrog k\u00f6ren, best\u00e5ende av idel m\u00e4n, f\u00f6rst\u00e4rkt med solisterna, ocks\u00e5 p\u00e5 ett alldeles utm\u00e4rkt s\u00e4tt till det s\u00e5ngliga helhetsintrycket.<\/p>\n<p>Dirigenten Olof Boman svarade tillsammans med den eminenta orkestern f\u00f6r en utm\u00e4rkt insats, trots att jag inte riktigt kunde ta musiken till mitt hj\u00e4rta.<\/p>\n<p>De vackra \u00a0och stiliga kostymerna av Anna Kjellsdotter \u00e4r ocks\u00e5 v\u00e4rda en eloge och det var mycket trevligt att se att man hade f\u00f6rlagt handlingen i komposit\u00f6rens tid sas.<\/p>\n<p>Avslutningsvis kan jag trots att jag inte direkt gillade eller uppskattade musiken, \u00e4nd\u00e5 rekommendera ett bes\u00f6k p\u00e5 \u00e5rets sommaropera i Vadstena.<\/p>\n<p>&nbsp;<\/p>\n<p><strong>Recensioner<\/strong><\/p>\n<p><a href=\"http:\/\/mvt.se\/kulturnoje\/recensioner\/teater\/1.1743106--enrico-di-borgogna-\">MVT<\/a><\/p>\n<p><a href=\"http:\/\/www.sydsvenskan.se\/kultur-och-nojen\/intressant-och-alskvard\">Carlh\u00e5kan Lars\u00e9n i Sydsvenskan<\/a><\/p>\n<p><a href=\"http:\/\/www.svd.se\/kultur\/scen\/bortglomd-debut-far-liv_7368688.svd\">Karin Helander i SvD<\/a><\/p>\n<p><a href=\"http:\/\/www.seenandheard-international.com\/2012\/08\/07\/enrico-di-borgogna-donizettis-first-masterpiece-revived-after-194-years\/\">Music-Web<\/a><\/p>\n<p><strong>Produktionsteam<\/strong><\/p>\n<p>Regiss\u00f6r och koreograf : Clara Sv\u00e4rd<\/p>\n<p>S\u00e5ngcoach:Peter Berne<\/p>\n<p>Scenograf och animat\u00f6r: Clive Leaver<\/p>\n<p>Kostymdesigner:Anna Kjellsdotter<\/p>\n<p>Ljusdesigner:Jimmy Str\u00f6m<\/p>\n<p>Maskdesigner:Katrin Wahlberg<\/p>\n<p>\u00d6vers\u00e4ttning: Giuseppina Penta<\/p>\n<p>: Nils Spangenberg<\/p>\n<p>&nbsp;<\/p>\n<p><strong>Medverkande<\/strong><\/p>\n<p>Enrico: Kinga Dobay<\/p>\n<p>Pietro: Markus Pettersson<\/p>\n<p>Elisa: Rebecca Rasmussen<\/p>\n<p>Guido: Thomas Volle<\/p>\n<p>Brunone:Ludvig Lindstr\u00f6m<\/p>\n<p>Gilberto: Christian Oldenburg<\/p>\n<p>Nicola: Peter Nyqvist<\/p>\n<p>Geltrude: Christina Nilsson<\/p>\n<p>&nbsp;<\/p>\n","protected":false},"excerpt":{"rendered":"<p>Operapremi\u00e4r i Vadstena 20 juli 2012 Enrico di Borgogna Musik: Gaetano Donizetti Libretto:Bartolomeo Merelli Dirigent: Olof Boman Foto: Magnus G\u00e5rder &nbsp; I g\u00e5r var jag med om en unik operaupplevelse! Den italienske komposit\u00f6ren Gaetano Donizetti\u00b4s ok\u00e4nda opera \u201dEnrico di Borgogna\u201d, som han komponerade vid 21 \u00e5rs \u00e5lder. Operan hade premi\u00e4r 14 november 1818 och har [&hellip;]<\/p>\n","protected":false},"author":13,"featured_media":0,"comment_status":"open","ping_status":"open","sticky":false,"template":"","format":"standard","meta":{"_genesis_hide_title":false,"_genesis_hide_breadcrumbs":false,"_genesis_hide_singular_image":false,"_genesis_hide_footer_widgets":false,"_genesis_custom_body_class":"","_genesis_custom_post_class":"","_genesis_layout":"","footnotes":""},"categories":[20],"tags":[7078,7079],"class_list":{"0":"post-57845","1":"post","2":"type-post","3":"status-publish","4":"format-standard","6":"category-film","7":"tag-enrico-di-borgogna","8":"tag-i-vadstena","9":"entry"},"_links":{"self":[{"href":"https:\/\/kulturbloggen.com\/index.php?rest_route=\/wp\/v2\/posts\/57845","targetHints":{"allow":["GET"]}}],"collection":[{"href":"https:\/\/kulturbloggen.com\/index.php?rest_route=\/wp\/v2\/posts"}],"about":[{"href":"https:\/\/kulturbloggen.com\/index.php?rest_route=\/wp\/v2\/types\/post"}],"author":[{"embeddable":true,"href":"https:\/\/kulturbloggen.com\/index.php?rest_route=\/wp\/v2\/users\/13"}],"replies":[{"embeddable":true,"href":"https:\/\/kulturbloggen.com\/index.php?rest_route=%2Fwp%2Fv2%2Fcomments&post=57845"}],"version-history":[{"count":8,"href":"https:\/\/kulturbloggen.com\/index.php?rest_route=\/wp\/v2\/posts\/57845\/revisions"}],"predecessor-version":[{"id":58585,"href":"https:\/\/kulturbloggen.com\/index.php?rest_route=\/wp\/v2\/posts\/57845\/revisions\/58585"}],"wp:attachment":[{"href":"https:\/\/kulturbloggen.com\/index.php?rest_route=%2Fwp%2Fv2%2Fmedia&parent=57845"}],"wp:term":[{"taxonomy":"category","embeddable":true,"href":"https:\/\/kulturbloggen.com\/index.php?rest_route=%2Fwp%2Fv2%2Fcategories&post=57845"},{"taxonomy":"post_tag","embeddable":true,"href":"https:\/\/kulturbloggen.com\/index.php?rest_route=%2Fwp%2Fv2%2Ftags&post=57845"}],"curies":[{"name":"wp","href":"https:\/\/api.w.org\/{rel}","templated":true}]}}